{"id":634090,"date":"2026-01-01T11:22:12","date_gmt":"2026-01-01T11:22:12","guid":{"rendered":"https:\/\/www.europesays.com\/fr\/634090\/"},"modified":"2026-01-01T11:22:12","modified_gmt":"2026-01-01T11:22:12","slug":"lakme-revisited-par-lacademie-de-lopera-national-de-bordeaux","status":"publish","type":"post","link":"https:\/\/www.europesays.com\/fr\/634090\/","title":{"rendered":"\u00ab\u00a0Lakm\u00e9 revisited\u00a0\u00bb par l&rsquo;Acad\u00e9mie de l\u2019Op\u00e9ra National de Bordeaux"},"content":{"rendered":"<p><a href=\"https:\/\/sceneweb.fr\/wp-content\/uploads\/2026\/01\/lakme-revisited-par-lacademie-de-lopera-national-de-bordeaux.webp\" target=\"_blank\" rel=\"noopener\"><img loading=\"lazy\" decoding=\"async\" aria-describedby=\"caption-attachment-228016\" class=\"size-large wp-image-228016\" src=\"https:\/\/www.europesays.com\/fr\/wp-content\/uploads\/2026\/01\/lakme-revisited-par-lacademie-de-lopera-national-de-bordeaux-1000x633.webp.webp\" alt=\"Lakm\u00e9 revisited par l'Acad\u00e9mie de l\u2019Op\u00e9ra National de Bordeaux\" width=\"1000\" height=\"633\"  \/><\/a><\/p>\n<p id=\"caption-attachment-228016\" class=\"wp-caption-text\">DR<\/p>\n<p>Cette nouvelle \u00e9dition de l\u2019Acad\u00e9mie regroupe, pour cette quatri\u00e8me ann\u00e9e, de jeunes artistes \u00e9mergents s\u00e9lectionn\u00e9s pour \u00eatre accueillis en r\u00e9sidence par l\u2019Op\u00e9ra National de Bordeaux et plusieurs partenaires pendant un an pour recr\u00e9er un grand op\u00e9ra du r\u00e9pertoire. Pendant plusieurs mois, ces jeunes artistes travaillent ensemble dans l\u2019esprit d\u2019un grand atelier collaboratif pour faire na\u00eetre une adaptation libre, moderne et engag\u00e9e de l\u2019op\u00e9ra Lakm\u00e9 de <strong>L\u00e9o Delibes<\/strong>.<\/p>\n<p>Fille d\u2019un brahmane qui appelle \u00e0 la r\u00e9volte contre les colons, Lakm\u00e9 est boulevers\u00e9e par l\u2019arriv\u00e9e de G\u00e9rald, un officier anglais. Cette version revisit\u00e9e propose une relecture de l\u2019op\u00e9ra, en recentrant la mise en sc\u00e8ne et les airs embl\u00e9matiques de Delibes autour du drame intime v\u00e9cu par Lakm\u00e9, prenant des distances avec la vision exotique qui avait accompagn\u00e9 la cr\u00e9ation en 1883. Le silence int\u00e9rieur et les sentiments refoul\u00e9s qui traversent Lakm\u00e9 au fil de l\u2019\u0153uvre sont ici le c\u0153ur de ce drame psychologique.<\/p>\n<p>\u00ab Pour cette mise en sc\u00e8ne, nous nous \u00e9loignons de toute vision exotique pour explorer une dimension plus intime et universelle : l\u2019enfermement, le non-dit, la perception troubl\u00e9e de soi et du monde. Lakm\u00e9 est au c\u0153ur de cette lecture. Isol\u00e9e du monde par son p\u00e8re, tenue \u00e0 l\u2019\u00e9cart de toute exp\u00e9rience, elle ne parvient pas \u00e0 exprimer ce qu\u2019elle ressent. Ce silence int\u00e9rieur, ce refoul\u00e9 \u00e9motionnel, devient le moteur de notre proposition sc\u00e9nique \u00bb expliquent S\u00e9rine Mahfoud (mise en sc\u00e8ne et costumes) et Blandine Granier (sc\u00e9nographie et lumi\u00e8res).<\/p>\n<blockquote>\n<p><strong>Lakm\u00e9 revisited par l\u2019Acad\u00e9mie de l\u2019Op\u00e9ra National de Bordeaux<\/strong><\/p>\n<p><strong>Mise en sc\u00e8ne et costumes<\/strong><br \/><strong>S\u00e9rine Mahfoud<\/strong><\/p>\n<p><strong>Sc\u00e9nographie et lumi\u00e8res<\/strong><br \/><strong>Blandine Granier<\/strong><\/p>\n<p><strong>Arrangement et composition<\/strong><br \/><strong>Christiaan Willemse<\/strong><\/p>\n<p><strong>Acad\u00e9mie<\/strong><br \/><strong>Op\u00e9ra National de Bordeaux<\/strong><\/p>\n<p><strong>Lakm\u00e9<\/strong><br \/><strong>Oksana Pynchuk<\/strong><\/p>\n<p><strong>Mallika<\/strong><br \/><strong>Winona Berry<\/strong><\/p>\n<p><strong>G\u00e9rald<\/strong><br \/><strong>Arthur P\u00e9rot<\/strong><\/p>\n<p><strong>Nilakhanta<\/strong><br \/><strong>Egor Sergeev<\/strong><\/p>\n<p><strong>Piano<\/strong><br \/><strong>Luca Roynard<\/strong><\/p>\n<p><strong>Fl\u00fbte<\/strong><br \/><strong>C\u00e9cile Bernard<\/strong><\/p>\n<p><strong>Saxophone<\/strong><br \/><strong>L\u00e9ana Ancelot<\/strong><\/p>\n<p><strong>Violon<\/strong><br \/><strong>Amelia Brunetti<\/strong><\/p>\n<p><strong>Production Op\u00e9ra National de Bordeaux, en partenariat avec la Ferme de Villefavard en Limousin, l\u2019Acad\u00e9mie Ravel et l\u2019ARCAL Avec le concours des Ateliers de l\u2019Op\u00e9ra National de Bordeaux.<\/strong><br \/><strong>Production r\u00e9alis\u00e9e dans le cadre du programme \u00ab z\u00e9ro achat \u00bb de l\u2019Op\u00e9ra National de Bordeaux.<\/strong><\/p>\n<p>du 24 au 26 f\u00e9vrier 2026<br \/>Op\u00e9ra National de Bordeaux<\/p>\n<\/blockquote>\n<p><a data-no-instant=\"1\" href=\"https:\/\/nanterre-amandiers.com\/evenement\/ressac-gabriel-gozlan-hagendorf\/\" rel=\"noopener\" class=\"a2t-link\" target=\"_blank\" aria-label=\"Nanterre Ressac\"><\/p>\n<p><img loading=\"lazy\" decoding=\"async\" src=\"data:image\/svg+xml,%3Csvg%20xmlns=\" http:=\"\" alt=\"\" data-lazy- data-lazy- width=\"960\" height=\"300\" data-lazy-src=\"https:\/\/www.europesays.com\/fr\/wp-content\/uploads\/2026\/01\/nanterre-ressac.jpg\"\/><\/p>\n<p><\/a><\/p>\n","protected":false},"excerpt":{"rendered":"DR Cette nouvelle \u00e9dition de l\u2019Acad\u00e9mie regroupe, pour cette quatri\u00e8me ann\u00e9e, de jeunes artistes \u00e9mergents s\u00e9lectionn\u00e9s pour \u00eatre&hellip;\n","protected":false},"author":2,"featured_media":634091,"comment_status":"","ping_status":"","sticky":false,"template":"","format":"standard","meta":{"footnotes":""},"categories":[2817],"tags":[1111,11,1997,1777,674,1011,27,12,2219,25],"class_list":{"0":"post-634090","1":"post","2":"type-post","3":"status-publish","4":"format-standard","5":"has-post-thumbnail","7":"category-bordeaux","8":"tag-actu","9":"tag-actualites","10":"tag-bordeaux","11":"tag-eu","12":"tag-europe","13":"tag-fr","14":"tag-france","15":"tag-news","16":"tag-nouvelle-aquitaine","17":"tag-republique-francaise"},"share_on_mastodon":{"url":"https:\/\/pubeurope.com\/@fr\/115819587201114503","error":""},"_links":{"self":[{"href":"https:\/\/www.europesays.com\/fr\/wp-json\/wp\/v2\/posts\/634090","targetHints":{"allow":["GET"]}}],"collection":[{"href":"https:\/\/www.europesays.com\/fr\/wp-json\/wp\/v2\/posts"}],"about":[{"href":"https:\/\/www.europesays.com\/fr\/wp-json\/wp\/v2\/types\/post"}],"author":[{"embeddable":true,"href":"https:\/\/www.europesays.com\/fr\/wp-json\/wp\/v2\/users\/2"}],"replies":[{"embeddable":true,"href":"https:\/\/www.europesays.com\/fr\/wp-json\/wp\/v2\/comments?post=634090"}],"version-history":[{"count":0,"href":"https:\/\/www.europesays.com\/fr\/wp-json\/wp\/v2\/posts\/634090\/revisions"}],"wp:featuredmedia":[{"embeddable":true,"href":"https:\/\/www.europesays.com\/fr\/wp-json\/wp\/v2\/media\/634091"}],"wp:attachment":[{"href":"https:\/\/www.europesays.com\/fr\/wp-json\/wp\/v2\/media?parent=634090"}],"wp:term":[{"taxonomy":"category","embeddable":true,"href":"https:\/\/www.europesays.com\/fr\/wp-json\/wp\/v2\/categories?post=634090"},{"taxonomy":"post_tag","embeddable":true,"href":"https:\/\/www.europesays.com\/fr\/wp-json\/wp\/v2\/tags?post=634090"}],"curies":[{"name":"wp","href":"https:\/\/api.w.org\/{rel}","templated":true}]}}