{"id":634094,"date":"2026-01-01T11:24:10","date_gmt":"2026-01-01T11:24:10","guid":{"rendered":"https:\/\/www.europesays.com\/fr\/634094\/"},"modified":"2026-01-01T11:24:10","modified_gmt":"2026-01-01T11:24:10","slug":"quel-est-le-bilan-du-reveillon-du-nouvel-an-a-toulouse","status":"publish","type":"post","link":"https:\/\/www.europesays.com\/fr\/634094\/","title":{"rendered":"quel est le bilan du r\u00e9veillon du Nouvel An \u00e0 Toulouse\u00a0?"},"content":{"rendered":"<p>                    Par<br \/>\n        <strong><br \/>\n            <a href=\"https:\/\/actu.fr\/auteur\/guillaume-laurens\" title=\"Consulter tous les articles de Guillaume Laurens\" target=\"_blank\" rel=\"noopener\">Guillaume Laurens<\/a><br \/>\n                    <\/strong><\/p>\n<p>        Publi\u00e9 le<\/p>\n<p>            1 janv. 2026 \u00e0 10h33        <\/p>\n<p>C\u2019est toujours un moment redout\u00e9 des autorit\u00e9s, tant chaque passage \u00e0 la nouvelle ann\u00e9e se traduit par des courses aux incivilit\u00e9s dans les grandes villes de France. Et si parfois, le cocktail du r\u00e9veillon devient explosif en mati\u00e8re de s\u00e9curit\u00e9 publique, d\u2019apr\u00e8s nos informations, ce <strong>Nouvel An 2026<\/strong> s\u2019est av\u00e9r\u00e9 \u00ab\u2009plut\u00f4t calme\u2009\u00bb \u00e0 <a href=\"https:\/\/actu.fr\/toulouse\/\" target=\"_blank\" rel=\"noopener\"><strong>Toulouse.<\/strong><\/a> Le premier bilan de la nuit, ce jeudi 1er\u00a0janvier au matin.<\/p>\n<p>Tirs de mortiers et interpellations \u00e0 Bellefontaine<\/p>\n<p class=\" wall-content\">Peu avant 19\u00a0heures, mercredi, plusieurs <strong>tirs de mortiers<\/strong> ont retenti quartier Bellefontaine. Ce n\u2019\u00e9tait pas (encore) pour c\u00e9l\u00e9brer la nouvelle ann\u00e9e, mais parce que <strong>l\u2019Alg\u00e9rie venait de se qualifier<\/strong> en beaut\u00e9 (3-1) pour les 8es de finale de la Coupe d\u2019Afrique des nations face \u00e0 la Guin\u00e9e \u00e9quatoriale. Craignant des d\u00e9bordements, le pr\u00e9fet de la Haute-Garonne avait pris les devants, <a href=\"https:\/\/actu.fr\/occitanie\/toulouse_31555\/toulouse-le-prefet-interdit-les-rassemblements-de-supporters-de-l-algerie-et-de-la-guinee-equatoriale_63640732.html\" target=\"_blank\" rel=\"noopener\">en <strong>interdisant tout rassemblement des supporters<\/strong> des deux \u00e9quipes au centre de Toulouse<\/a>. D\u2019apr\u00e8s nos informations, il avait m\u00eame mandat\u00e9 <strong>la fermeture de la station de m\u00e9tro Bellefontaine<\/strong> \u00e0 cet effet.<\/p>\n<p class=\" wall-content\">Aux tirs de mortier, les forces de l\u2019ordre ont r\u00e9pliqu\u00e9 par des <strong>grenades lacrymog\u00e8nes<\/strong> et proc\u00e9d\u00e9 \u00e0 <strong>plusieurs interpellations<\/strong>.<\/p>\n<p class=\" wall-content\">Au total, <strong>huit gardes \u00e0 vue<\/strong> sont en cours ce jeudi matin, ajoute une source polici\u00e8re, dont deux qui ont \u00e9t\u00e9 pris en flagrant d\u00e9lit d\u2019incendie de voiture. Un policier a \u00e9galement \u00e9t\u00e9 l\u00e9g\u00e8rement bless\u00e9. Mais rien de grave \u00e0 l\u2019arriv\u00e9e.<\/p>\n<p>Vid\u00e9os : en ce moment sur Actu18 voitures br\u00fbl\u00e9es en zone police, rien en zone gendarmerie<\/p>\n<p class=\" wall-content\">Au total, selon nos sources,<strong>\u00a018 v\u00e9hicules l\u00e9gers ont \u00e9t\u00e9 br\u00fbl\u00e9s<\/strong> cette nuit en zone police (soit les communes de Toulouse, Colomiers, Tournefeuille et Blagnac). Dans le reste de la Haute-Garonne, en zone gendarmerie, le premier bilan des festivit\u00e9s de la nuit est encore plus succinct\u2009: \u00ab\u2009Rien de majeur \u00e0 signaler\u2009\u00bb, nous glisse-t-on.<\/p>\n<p>32 incendies et 84 secours \u00e0 victimes pour les pompiers<\/p>\n<p class=\" wall-content\">De son c\u00f4t\u00e9, le SDIS de la Haute-Garonne a assur\u00e9 <strong>129 interventions<\/strong>, parmi lesquelles<strong> 32 incendies<\/strong> et <strong>84 secours \u00e0 victimes<\/strong>, entre 18\u00a0heures mercredi et 6\u00a0heures ce jeudi matin.<\/p>\n<p>Votre r\u00e9gion, votre actu !<\/p>\n<p>Recevez chaque jour les infos qui comptent pour vous.<\/p>\n<p>\t<a href=\"https:\/\/actu.fr\/newsletter\" class=\"ac-btn ac-btn--corner ac-btn--medium ac-btn--blue800\" target=\"_blank\" rel=\"noopener\">S&rsquo;incrire<\/a><\/p>\n<p class=\" wall-content\">Pour comparaison, la veille, sur ce m\u00eame cr\u00e9neau nocturne, ils avaient rassur\u00e9 60 interventions, dont 9 incendies et 47 secours \u00e0 victimes.<\/p>\n<p class=\" wall-content\">Personnalisez votre actualit\u00e9 en ajoutant vos villes et m\u00e9dias en favori avec <a href=\"https:\/\/moncompte.actu.fr\" title=\"D\u00e9couvez Mon Actu\" rel=\"nofollow noopener\" data-trk=\"{&quot;cta&quot;:{&quot;action&quot;:&quot;https:\\\/\\\/moncompte.actu.fr&quot;,&quot;category&quot;:&quot;mon compte&quot;,&quot;from&quot;:&quot;article footer&quot;,&quot;name&quot;:&quot;Mon actu&quot;,&quot;type&quot;:&quot;cta&quot;}}\" target=\"_blank\">Mon Actu<\/a>.<\/p>\n","protected":false},"excerpt":{"rendered":"Par Guillaume Laurens Publi\u00e9 le 1 janv. 2026 \u00e0 10h33 C\u2019est toujours un moment redout\u00e9 des autorit\u00e9s, tant&hellip;\n","protected":false},"author":2,"featured_media":634095,"comment_status":"","ping_status":"","sticky":false,"template":"","format":"standard","meta":{"footnotes":""},"categories":[2816],"tags":[1111,11,1777,674,118,1011,27,12,2680,1072,25,2312],"class_list":{"0":"post-634094","1":"post","2":"type-post","3":"status-publish","4":"format-standard","5":"has-post-thumbnail","7":"category-toulouse","8":"tag-actu","9":"tag-actualites","10":"tag-eu","11":"tag-europe","12":"tag-faits-divers","13":"tag-fr","14":"tag-france","15":"tag-news","16":"tag-occitanie","17":"tag-police","18":"tag-republique-francaise","19":"tag-toulouse"},"share_on_mastodon":{"url":"https:\/\/pubeurope.com\/@fr\/115819594577058269","error":""},"_links":{"self":[{"href":"https:\/\/www.europesays.com\/fr\/wp-json\/wp\/v2\/posts\/634094","targetHints":{"allow":["GET"]}}],"collection":[{"href":"https:\/\/www.europesays.com\/fr\/wp-json\/wp\/v2\/posts"}],"about":[{"href":"https:\/\/www.europesays.com\/fr\/wp-json\/wp\/v2\/types\/post"}],"author":[{"embeddable":true,"href":"https:\/\/www.europesays.com\/fr\/wp-json\/wp\/v2\/users\/2"}],"replies":[{"embeddable":true,"href":"https:\/\/www.europesays.com\/fr\/wp-json\/wp\/v2\/comments?post=634094"}],"version-history":[{"count":0,"href":"https:\/\/www.europesays.com\/fr\/wp-json\/wp\/v2\/posts\/634094\/revisions"}],"wp:featuredmedia":[{"embeddable":true,"href":"https:\/\/www.europesays.com\/fr\/wp-json\/wp\/v2\/media\/634095"}],"wp:attachment":[{"href":"https:\/\/www.europesays.com\/fr\/wp-json\/wp\/v2\/media?parent=634094"}],"wp:term":[{"taxonomy":"category","embeddable":true,"href":"https:\/\/www.europesays.com\/fr\/wp-json\/wp\/v2\/categories?post=634094"},{"taxonomy":"post_tag","embeddable":true,"href":"https:\/\/www.europesays.com\/fr\/wp-json\/wp\/v2\/tags?post=634094"}],"curies":[{"name":"wp","href":"https:\/\/api.w.org\/{rel}","templated":true}]}}