{"id":634098,"date":"2026-01-01T11:27:11","date_gmt":"2026-01-01T11:27:11","guid":{"rendered":"https:\/\/www.europesays.com\/fr\/634098\/"},"modified":"2026-01-01T11:27:11","modified_gmt":"2026-01-01T11:27:11","slug":"une-centaine-dengins-pyrotechniques-saisis-par-la-douane-de-marseille-le-jour-du-reveillon","status":"publish","type":"post","link":"https:\/\/www.europesays.com\/fr\/634098\/","title":{"rendered":"Une centaine d&rsquo;engins pyrotechniques saisis par la douane de Marseille le jour du r\u00e9veillon"},"content":{"rendered":"<p>Toujours sur la br\u00e8che, les services douaniers ont renforc\u00e9 les contr\u00f4les sur les envois postaux et le fret\u00a0express ces derni\u00e8res semaines. F\u00eates de fin d&rsquo;ann\u00e9e oblige et risque accru, voire av\u00e9r\u00e9, d&rsquo;une recrudescence des importations ill\u00e9gales d&rsquo;<a href=\"https:\/\/www.laprovence.com\/article\/france-monde\/174828320312215\/nouvel-an-operation-gare-aux-petards-pour-les-adolescents-alsaciens\" target=\"_blank\" rel=\"noopener\">engins pyrotechniques<\/a>, la <a href=\"https:\/\/www.laprovence.com\/article\/faits-divers-justice\/1452700446715515\/marseille-n-est-pas-un-territoire-perdu-mais-riche-du-plus-comme-du-moins-selon-le-directeur-regional-des-douanes\" target=\"_blank\" rel=\"noopener\">douane de Marseille<\/a> redoutait des arrivages en provenance d&rsquo;Europe centrale.<\/p>\n<p>Elle a eu le nez creux en mobilisant plusieurs de ses agents \u00e0 quelques heures du r\u00e9veillon sur le contr\u00f4le d&rsquo;un\u00a0<a href=\"https:\/\/www.laprovence.com\/article\/region\/2788089802505715\/des-renforts-sont-mis-en-place-des-aixois-ne-recoivent-plus-leur-courrier-la-poste-sexplique\" target=\"_blank\" rel=\"noopener\">centre de tri postal<\/a> et de colis de la cit\u00e9 phoc\u00e9enne.<\/p>\n<p>Des engins sans autorisation r\u00e9glementaire<\/p>\n<p>Aux premi\u00e8res heures ce 31\u00a0d\u00e9cembre, un colis en provenance de<\/p>\n<p><a href=\"https:\/\/www.laprovence.com\/article\/france-monde\/21570770917369\/la-pologne-renforce-la-securite-de-ses-chemins-de-fer-apres-des-tentatives-de-sabotage\" target=\"_blank\" rel=\"noopener\">Pologne<\/a> a donn\u00e9 raison aux pronostics de douaniers, puisque 102 chandelles roumaines de cat\u00e9gorie F3, d\u00e9pourvues de toute autorisation r\u00e9glementaire\u00a0et \u00e0 destination de Marseille, ont \u00e9t\u00e9 d\u00e9couvertes dans des cartons soigneusement emball\u00e9s.<\/p>\n<p>Une saisie qui illustre la typologie des infractions constat\u00e9es, constitu\u00e9es \u00e0 plus de 85\u00a0% par des colis\u00a0provenant, pour 80\u00a0% d&rsquo;entre eux de Pologne.<\/p>\n<p>Averti de cette belle prise de <a href=\"https:\/\/www.laprovence.com\/article\/region\/5740245391116414\/6-000-peluches-dangereuses-pour-la-sante-des-enfants-saisies-par-les-agents-des-douanes-a-fos-sur-mer\" target=\"_blank\" rel=\"noopener\">marchandises dangereuses<\/a>, soumises \u00e0 autorisation d&rsquo;importation ou d&rsquo;introduction de produits\u00a0explosifs \u00e0 usage civil, il revient d\u00e9sormais au parquet de Marseille de d\u00e9terminer les \u00e9ventuelles suites\u00a0judiciaires \u00e0 donner.<\/p>\n<p>Un danger majeur pour la s\u00e9curit\u00e9 publique<\/p>\n<p>Souvent command\u00e9s sur internet, les engins pyrotechniques repr\u00e9sentent un danger majeur pour la s\u00e9curit\u00e9 publique et celle de leurs utilisateurs lorsqu&rsquo;ils sont d\u00e9tenus et utilis\u00e9s par des personnes non habilit\u00e9es. Parfois\u00a0d\u00e9faillants et souvent utilis\u00e9s en dehors de tout cadre s\u00e9curis\u00e9, ces engins peuvent entra\u00eener de graves blessures, des infirmit\u00e9s et des d\u00e9c\u00e8s. Dans le d\u00e9partement des Bouches-du-Rh\u00f4ne, un <a href=\"https:\/\/www.laprovence.com\/article\/region\/1997379346897915\/reveillon-du-nouvel-an-a-marseille-quelles-sont-les-restrictions-de-circulation-en-centre-ville\" target=\"_blank\" rel=\"noopener\">arr\u00eat\u00e9<\/a> interdit notamment l&rsquo;usage d&rsquo;articles pyrotechniques par des particuliers sur la voie publique du\u00a023\u00a0d\u00e9cembre 2025 au 5\u00a0janvier 2026.<\/p>\n","protected":false},"excerpt":{"rendered":"Toujours sur la br\u00e8che, les services douaniers ont renforc\u00e9 les contr\u00f4les sur les envois postaux et le fret\u00a0express&hellip;\n","protected":false},"author":2,"featured_media":634099,"comment_status":"","ping_status":"","sticky":false,"template":"","format":"standard","meta":{"footnotes":""},"categories":[2814],"tags":[5734,1111,11,10466,74242,981,1777,674,274,1011,27,884,12,5912,882,74243,25,17491,96],"class_list":{"0":"post-634098","1":"post","2":"type-post","3":"status-publish","4":"format-standard","5":"has-post-thumbnail","7":"category-marseille","8":"tag-5734","9":"tag-actu","10":"tag-actualites","11":"tag-centaine","12":"tag-dengins","13":"tag-douane","14":"tag-eu","15":"tag-europe","16":"tag-faits-divers-justice","17":"tag-fr","18":"tag-france","19":"tag-marseille","20":"tag-news","21":"tag-par","22":"tag-provence-alpes-cote-dazur","23":"tag-pyrotechniques","24":"tag-republique-francaise","25":"tag-saisis","26":"tag-une"},"share_on_mastodon":{"url":"https:\/\/pubeurope.com\/@fr\/115819606625739072","error":""},"_links":{"self":[{"href":"https:\/\/www.europesays.com\/fr\/wp-json\/wp\/v2\/posts\/634098","targetHints":{"allow":["GET"]}}],"collection":[{"href":"https:\/\/www.europesays.com\/fr\/wp-json\/wp\/v2\/posts"}],"about":[{"href":"https:\/\/www.europesays.com\/fr\/wp-json\/wp\/v2\/types\/post"}],"author":[{"embeddable":true,"href":"https:\/\/www.europesays.com\/fr\/wp-json\/wp\/v2\/users\/2"}],"replies":[{"embeddable":true,"href":"https:\/\/www.europesays.com\/fr\/wp-json\/wp\/v2\/comments?post=634098"}],"version-history":[{"count":0,"href":"https:\/\/www.europesays.com\/fr\/wp-json\/wp\/v2\/posts\/634098\/revisions"}],"wp:featuredmedia":[{"embeddable":true,"href":"https:\/\/www.europesays.com\/fr\/wp-json\/wp\/v2\/media\/634099"}],"wp:attachment":[{"href":"https:\/\/www.europesays.com\/fr\/wp-json\/wp\/v2\/media?parent=634098"}],"wp:term":[{"taxonomy":"category","embeddable":true,"href":"https:\/\/www.europesays.com\/fr\/wp-json\/wp\/v2\/categories?post=634098"},{"taxonomy":"post_tag","embeddable":true,"href":"https:\/\/www.europesays.com\/fr\/wp-json\/wp\/v2\/tags?post=634098"}],"curies":[{"name":"wp","href":"https:\/\/api.w.org\/{rel}","templated":true}]}}