{"id":634102,"date":"2026-01-01T11:29:09","date_gmt":"2026-01-01T11:29:09","guid":{"rendered":"https:\/\/www.europesays.com\/fr\/634102\/"},"modified":"2026-01-01T11:29:09","modified_gmt":"2026-01-01T11:29:09","slug":"pollution-la-qualite-de-lair-est-de-nouveau-mauvaise-a-lyon-ce-jeudi","status":"publish","type":"post","link":"https:\/\/www.europesays.com\/fr\/634102\/","title":{"rendered":"Pollution : la qualit\u00e9 de l\u2019air est de nouveau mauvaise \u00e0 Lyon\u00a0ce jeudi"},"content":{"rendered":"<p class=\"content\" style=\"font-size:1.2em;font-weight:700\">La qualit\u00e9 de l\u2019air se d\u00e9grade une nouvelle fois ce jeudi 1er janvier \u00e0 Lyon et les indices Atmo Auvergne-Rh\u00f4ne-Alpes sont mauvais dans une bonne partie de la m\u00e9tropole.\u00a0<\/p>\n<p>Apr\u00e8s une am\u00e9lioration ces deux derniers jours, la pollution est une nouvelle fois importante en ce d\u00e9but d\u2019ann\u00e9e. Les indices de l\u2019observatoire Atmo Auvergne-Rh\u00f4ne-Alpes sont en effet mauvais sur l\u2019ensemble de Lyon ce jeudi 1er janvier et dans une grande partie de la m\u00e9tropole lyonnaise.\u00a0<\/p>\n<p>L\u2019observatoire pr\u00e9cise que les niveaux de particules fines augmentent en raison de masses d\u2019air stables et des \u00e9missions li\u00e9es au chauffage lors de la Saint-Sylvestre.\u00a0<\/p>\n","protected":false},"excerpt":{"rendered":"La qualit\u00e9 de l\u2019air se d\u00e9grade une nouvelle fois ce jeudi 1er janvier \u00e0 Lyon et les indices&hellip;\n","protected":false},"author":2,"featured_media":7602,"comment_status":"","ping_status":"","sticky":false,"template":"","format":"standard","meta":{"footnotes":""},"categories":[1889],"tags":[1111,11,2430,1777,674,1011,27,2428,12,25],"class_list":{"0":"post-634102","1":"post","2":"type-post","3":"status-publish","4":"format-standard","5":"has-post-thumbnail","7":"category-lyon","8":"tag-actu","9":"tag-actualites","10":"tag-auvergne-rhone-alpes","11":"tag-eu","12":"tag-europe","13":"tag-fr","14":"tag-france","15":"tag-lyon","16":"tag-news","17":"tag-republique-francaise"},"share_on_mastodon":{"url":"https:\/\/pubeurope.com\/@fr\/115819614365168091","error":""},"_links":{"self":[{"href":"https:\/\/www.europesays.com\/fr\/wp-json\/wp\/v2\/posts\/634102","targetHints":{"allow":["GET"]}}],"collection":[{"href":"https:\/\/www.europesays.com\/fr\/wp-json\/wp\/v2\/posts"}],"about":[{"href":"https:\/\/www.europesays.com\/fr\/wp-json\/wp\/v2\/types\/post"}],"author":[{"embeddable":true,"href":"https:\/\/www.europesays.com\/fr\/wp-json\/wp\/v2\/users\/2"}],"replies":[{"embeddable":true,"href":"https:\/\/www.europesays.com\/fr\/wp-json\/wp\/v2\/comments?post=634102"}],"version-history":[{"count":0,"href":"https:\/\/www.europesays.com\/fr\/wp-json\/wp\/v2\/posts\/634102\/revisions"}],"wp:featuredmedia":[{"embeddable":true,"href":"https:\/\/www.europesays.com\/fr\/wp-json\/wp\/v2\/media\/7602"}],"wp:attachment":[{"href":"https:\/\/www.europesays.com\/fr\/wp-json\/wp\/v2\/media?parent=634102"}],"wp:term":[{"taxonomy":"category","embeddable":true,"href":"https:\/\/www.europesays.com\/fr\/wp-json\/wp\/v2\/categories?post=634102"},{"taxonomy":"post_tag","embeddable":true,"href":"https:\/\/www.europesays.com\/fr\/wp-json\/wp\/v2\/tags?post=634102"}],"curies":[{"name":"wp","href":"https:\/\/api.w.org\/{rel}","templated":true}]}}