{"id":634103,"date":"2026-01-01T11:30:12","date_gmt":"2026-01-01T11:30:12","guid":{"rendered":"https:\/\/www.europesays.com\/fr\/634103\/"},"modified":"2026-01-01T11:30:12","modified_gmt":"2026-01-01T11:30:12","slug":"plan-grand-froid-un-deuxieme-gymnase-de-lyon-requisitionne","status":"publish","type":"post","link":"https:\/\/www.europesays.com\/fr\/634103\/","title":{"rendered":"Plan grand froid : un deuxi\u00e8me gymnase de Lyon r\u00e9quisitionn\u00e9"},"content":{"rendered":"<p>                            <img loading=\"lazy\" width=\"770\" height=\"433\" class=\"attachment-article size-article wp-post-image lazyload\" alt=\"Re\u0301fugi\u00e9s albanais plan Grand Froid janvier 2017 \u00a9 Tim Douet_0047\" decoding=\"async\" src=\"https:\/\/www.europesays.com\/fr\/wp-content\/uploads\/2025\/12\/762062-ez-Re-fugies-albanais-plan-Grand-Froid-janvier-2017-C-Tim-Douet_0047-770x433.jpg\"  data- data-eio-rwidth=\"770\" data-eio-rheight=\"433\"\/><\/p>\n<p>Photo d\u2019archives de r\u00e9fugi\u00e9s albanais mis \u00e0 l\u2019abris lors de l\u2019activation du plan grand froid en 2017 \u00e0 Lyon. \u00a9 Tim Douet<\/p>\n<p class=\"content\" style=\"font-size:1.2em;font-weight:700\">Apr\u00e8s le gymnase Rosset (7e arr.) permettant d\u2019accueillir 110 personnes sans-abris, la pr\u00e9fecture du Rh\u00f4ne et la M\u00e9tropole de Lyon ont r\u00e9quisitionn\u00e9 le gymnase Louis Chanffray (2e arr.) dans le cadre du plan grand froid.<\/p>\n<p><a href=\"https:\/\/www.lyoncapitale.fr\/actualite\/vigilance-grand-froid-un-dispositif-durgence-active-a-lyon-et-dans-le-rhone\" target=\"_blank\" rel=\"noreferrer noopener\">D\u00e9clench\u00e9 lundi 29 d\u00e9cembre dans le Rh\u00f4ne<\/a> par les services de l\u2019\u00c9tat, le plan grand froid a permis la r\u00e9quisition du gymnase Rosset, dans le 7e arrondissement de Lyon, pouvant accueillir 110 personnes sans-abris. <\/p>\n<p>Mais les temp\u00e9ratures restent glaciales ce 1er janvier et le resteront encore ce week-end. La pr\u00e9f\u00e8te du Rh\u00f4ne Fabienne Buccio a donc annonc\u00e9 hier l\u2019ouverture d\u2019un second lieu d\u2019accueil, le gymnase Louis Chanffray (2e arr.), depuis 17h30.<\/p>\n<p>G\u00e9r\u00e9 par la Croix-Rouge, puis par l&rsquo;Arm\u00e9e du Salut d\u00e8s ce jeudi, le gymnase permet de doubler l\u2019accueil des personnes dans le besoin \u00e0 220. Il h\u00e9berge notamment les jeunes en recours de minorit\u00e9 du jardin des Chartreux. Pour b\u00e9n\u00e9ficier de ce dispositif, il faut appeler le 115, ouvert de 16 heures \u00e0 18 heures.<\/p>\n<p><strong>Lire aussi :<\/strong> <a href=\"https:\/\/www.lyoncapitale.fr\/actualite\/dormir-au-chaud-dans-un-bureau-a-lyon-des-entreprises-sengagent-pour-les-sans-abri\" target=\"_blank\" rel=\"noreferrer noopener\">Dormir au chaud dans un bureau : \u00e0 Lyon, ces entreprises s\u2019engagent pour les sans-abri<\/a><\/p>\n","protected":false},"excerpt":{"rendered":"Photo d\u2019archives de r\u00e9fugi\u00e9s albanais mis \u00e0 l\u2019abris lors de l\u2019activation du plan grand froid en 2017 \u00e0&hellip;\n","protected":false},"author":2,"featured_media":629507,"comment_status":"","ping_status":"","sticky":false,"template":"","format":"standard","meta":{"footnotes":""},"categories":[1889],"tags":[1111,11,2430,1777,674,1011,27,2428,12,25],"class_list":{"0":"post-634103","1":"post","2":"type-post","3":"status-publish","4":"format-standard","5":"has-post-thumbnail","7":"category-lyon","8":"tag-actu","9":"tag-actualites","10":"tag-auvergne-rhone-alpes","11":"tag-eu","12":"tag-europe","13":"tag-fr","14":"tag-france","15":"tag-lyon","16":"tag-news","17":"tag-republique-francaise"},"share_on_mastodon":{"url":"https:\/\/pubeurope.com\/@fr\/115819618200383888","error":""},"_links":{"self":[{"href":"https:\/\/www.europesays.com\/fr\/wp-json\/wp\/v2\/posts\/634103","targetHints":{"allow":["GET"]}}],"collection":[{"href":"https:\/\/www.europesays.com\/fr\/wp-json\/wp\/v2\/posts"}],"about":[{"href":"https:\/\/www.europesays.com\/fr\/wp-json\/wp\/v2\/types\/post"}],"author":[{"embeddable":true,"href":"https:\/\/www.europesays.com\/fr\/wp-json\/wp\/v2\/users\/2"}],"replies":[{"embeddable":true,"href":"https:\/\/www.europesays.com\/fr\/wp-json\/wp\/v2\/comments?post=634103"}],"version-history":[{"count":0,"href":"https:\/\/www.europesays.com\/fr\/wp-json\/wp\/v2\/posts\/634103\/revisions"}],"wp:featuredmedia":[{"embeddable":true,"href":"https:\/\/www.europesays.com\/fr\/wp-json\/wp\/v2\/media\/629507"}],"wp:attachment":[{"href":"https:\/\/www.europesays.com\/fr\/wp-json\/wp\/v2\/media?parent=634103"}],"wp:term":[{"taxonomy":"category","embeddable":true,"href":"https:\/\/www.europesays.com\/fr\/wp-json\/wp\/v2\/categories?post=634103"},{"taxonomy":"post_tag","embeddable":true,"href":"https:\/\/www.europesays.com\/fr\/wp-json\/wp\/v2\/tags?post=634103"}],"curies":[{"name":"wp","href":"https:\/\/api.w.org\/{rel}","templated":true}]}}