{"id":634106,"date":"2026-01-01T11:33:13","date_gmt":"2026-01-01T11:33:13","guid":{"rendered":"https:\/\/www.europesays.com\/fr\/634106\/"},"modified":"2026-01-01T11:33:13","modified_gmt":"2026-01-01T11:33:13","slug":"de-nouvelles-demarches-devant-le-tribunal-de-proximite-de-paris-desormais-realisables-via-le-rpva","status":"publish","type":"post","link":"https:\/\/www.europesays.com\/fr\/634106\/","title":{"rendered":"De nouvelles d\u00e9marches devant le tribunal de proximit\u00e9 de Paris d\u00e9sormais r\u00e9alisables via le RPVA"},"content":{"rendered":"<p>Du changement pour les avocats parisiens. Comme annonc\u00e9 au d\u00e9but du mois de d\u00e9cembre par le barreau de Paris, de nouvelles modalit\u00e9s pour les avocats devant le tribunal de proximit\u00e9 du Paris sont, \u00e0 partir de ce jour, effectives via le r\u00e9seau priv\u00e9 virtuel des avocats (RPVA).<\/p>\n<p>Les avocats peuvent en effet r\u00e9aliser une prise de date devant le tribunal de proximit\u00e9 depuis le RPVA dans le module \u00ab\u00a0prise de date\u00a0\u00bb, o\u00f9 le type d\u2019audience sera pr\u00e9cis\u00e9 en fonction de la nature du contentieux\u00a0: PCP ACR Fond, PCP ACR R\u00e9f\u00e9r\u00e9, PCP JCP Fond, PCP JTJ proxi fond, PCP JCP R\u00e9f\u00e9r\u00e9, PCP JTJ proxi r\u00e9f\u00e9r\u00e9, liste le barreau.<\/p>\n<p><strong>\u00c0 lire aussi\u00a0: <a href=\"https:\/\/jss.fr\/post\/audition-de-lenfant-le-barreau-et-le-tribunal-parisiens-actualisent-leur-convention\" target=\"_blank\" rel=\"noopener\">Audition de l\u2019enfant\u00a0: le barreau et le tribunal parisiens actualisent leur convention<\/a><\/strong><\/p>\n<p>Autre \u00e9tape \u00ab\u00a0cl\u00e9\u00a0\u00bb possible via le r\u00e9seau priv\u00e9 : le placement de l\u2019assignation introductive d\u2019instance. D\u00e8s lors que l\u2019avocat en demande transmet le TSOR, le greffe enverra automatiquement au demandeur un num\u00e9ro RG. L\u2019avocat en demande aura la responsabilit\u00e9 de transmettre ce num\u00e9ro \u00e0 l\u2019avocat en d\u00e9fense.<\/p>\n<p>Le RPVA permet \u00e9galement les \u00e9changes entre les parties, lorsqu\u2019elles sont toutes repr\u00e9sent\u00e9es par un avocat, ainsi que l\u2019envoi des conclusions entre les avocats.<\/p>\n<p><strong>\u00ab\u00a0La proc\u00e9dure demeure orale\u00a0\u00bb<\/strong><\/p>\n<p>Toutefois, \u00ab\u00a0m\u00eame avec l\u2019usage du RPVA, la proc\u00e9dure demeure orale. Certaines remises mat\u00e9rielles et obligations \u00e0 l\u2019audience restent indispensables\u00a0\u00bb, pr\u00e9cise le barreau de Paris. L\u2019usage du RPVA ne dispensera donc pas les avocats de remettre le second original en version papier au plus tard le jour de l\u2019audience, de respecter le contradictoire \u00e0 l\u2019\u00e9gard des parties non repr\u00e9sent\u00e9es par un avocat, et de d\u00e9poser un exemplaire de leurs conclusions sign\u00e9es \u00e0 l\u2019audience.<\/p>\n<p>Les demandes de renvoi pourront \u00eatre adress\u00e9es au tribunal et aux confr\u00e8res.<\/p>\n<p>En outre, un certain nombre de proc\u00e9dures restent quant \u00e0 elles exclues du RPVA et \u00ab\u00a0devront continuer \u00e0 \u00eatre effectu\u00e9es par les voies habituelles\u00a0\u00bb. Parmi elles, le surendettement, les requ\u00eates contradictoires, les ordonnances sur requ\u00eates ou encore les injonctions de faire.<\/p>\n","protected":false},"excerpt":{"rendered":"Du changement pour les avocats parisiens. Comme annonc\u00e9 au d\u00e9but du mois de d\u00e9cembre par le barreau de&hellip;\n","protected":false},"author":2,"featured_media":634107,"comment_status":"","ping_status":"","sticky":false,"template":"","format":"standard","meta":{"footnotes":""},"categories":[1888],"tags":[1111,1928,11,1927,1777,674,1011,27,12,1926,626,1925,25],"class_list":{"0":"post-634106","1":"post","2":"type-post","3":"status-publish","4":"format-standard","5":"has-post-thumbnail","7":"category-paris","8":"tag-actu","9":"tag-actu-paris","10":"tag-actualites","11":"tag-actualites-paris","12":"tag-eu","13":"tag-europe","14":"tag-fr","15":"tag-france","16":"tag-news","17":"tag-news-paris","18":"tag-paris","19":"tag-paris-news","20":"tag-republique-francaise"},"share_on_mastodon":{"url":"https:\/\/pubeurope.com\/@fr\/115819630094053082","error":""},"_links":{"self":[{"href":"https:\/\/www.europesays.com\/fr\/wp-json\/wp\/v2\/posts\/634106","targetHints":{"allow":["GET"]}}],"collection":[{"href":"https:\/\/www.europesays.com\/fr\/wp-json\/wp\/v2\/posts"}],"about":[{"href":"https:\/\/www.europesays.com\/fr\/wp-json\/wp\/v2\/types\/post"}],"author":[{"embeddable":true,"href":"https:\/\/www.europesays.com\/fr\/wp-json\/wp\/v2\/users\/2"}],"replies":[{"embeddable":true,"href":"https:\/\/www.europesays.com\/fr\/wp-json\/wp\/v2\/comments?post=634106"}],"version-history":[{"count":0,"href":"https:\/\/www.europesays.com\/fr\/wp-json\/wp\/v2\/posts\/634106\/revisions"}],"wp:featuredmedia":[{"embeddable":true,"href":"https:\/\/www.europesays.com\/fr\/wp-json\/wp\/v2\/media\/634107"}],"wp:attachment":[{"href":"https:\/\/www.europesays.com\/fr\/wp-json\/wp\/v2\/media?parent=634106"}],"wp:term":[{"taxonomy":"category","embeddable":true,"href":"https:\/\/www.europesays.com\/fr\/wp-json\/wp\/v2\/categories?post=634106"},{"taxonomy":"post_tag","embeddable":true,"href":"https:\/\/www.europesays.com\/fr\/wp-json\/wp\/v2\/tags?post=634106"}],"curies":[{"name":"wp","href":"https:\/\/api.w.org\/{rel}","templated":true}]}}