{"id":634108,"date":"2026-01-01T11:34:20","date_gmt":"2026-01-01T11:34:20","guid":{"rendered":"https:\/\/www.europesays.com\/fr\/634108\/"},"modified":"2026-01-01T11:34:20","modified_gmt":"2026-01-01T11:34:20","slug":"sydney-paris-rio-de-janeiro-les-plus-belles-images-du-passage-a-lannee-2026-a-travers-le-monde","status":"publish","type":"post","link":"https:\/\/www.europesays.com\/fr\/634108\/","title":{"rendered":"Sydney, Paris, Rio de Janeiro&#8230; Les plus belles images du passage \u00e0 l&rsquo;ann\u00e9e 2026 \u00e0 travers le monde"},"content":{"rendered":"<p>Feux d&rsquo;artifice, concerts&#8230; Comme chaque soir\u00e9e du 31 d\u00e9cembre, le passage \u00e0 la nouvelle ann\u00e9e est c\u00e9l\u00e9br\u00e9 en grande pompe dans le monde. De Sydney \u00e0 New-York en passant par Londres ou Taipei, retour sur les plus belles -et premi\u00e8res- images de l&rsquo;ann\u00e9e 2026.<\/p>\n<p>\u00ab\u00a03..2..1.. Bonne ann\u00e9e!\u00a0\u00bb Peu importe la langue, comme chaque 31 d\u00e9cembre, le passage \u00e0 la nouvelle ann\u00e9e a \u00e9t\u00e9 c\u00e9l\u00e9br\u00e9 aux quatre coins de la plan\u00e8te par une explosion de joie et de feux d&rsquo;artifice.<\/p>\n<p>L&rsquo;Australie est traditionnellement l&rsquo;un des premiers pays \u00e0 lancer les festivit\u00e9s au niveau mondial avec son impressionnant spectacle pyrotechnique tir\u00e9 depuis le Harbour Bridge et ses environs.<\/p>\n<p><img decoding=\"async\" loading=\"lazy\" width=\"1600\" height=\"1067\" src=\"https:\/\/www.europesays.com\/fr\/wp-content\/uploads\/2026\/01\/Des-feux-d-artifice-illuminent-le-ciel-au-dessus-du-pont-du-port-de-Sydney-et-de-l-opera-lors-des-ce.jpeg\"  alt=\"Des feux d'artifice illuminent le ciel au-dessus du pont du port de Sydney et de l'op\u00e9ra lors des c\u00e9l\u00e9brations du Nouvel an, le 1er janvier 2026 \u00e0 Sydney, en Australie.\" title=\"Des feux d'artifice illuminent le ciel au-dessus du pont du port de Sydney et de l'op\u00e9ra lors des c\u00e9l\u00e9brations du Nouvel an, le 1er janvier 2026 \u00e0 Sydney, en Australie.\"\/>Des feux d&rsquo;artifice illuminent le ciel au-dessus du pont du port de Sydney et de l&rsquo;op\u00e9ra lors des c\u00e9l\u00e9brations du Nouvel an, le 1er janvier 2026 \u00e0 Sydney, en Australie. \u00a9 IZHAR KHAN \/ GETTY IMAGES ASIAPAC \/ GETTY IMAGES VIA AFP<\/p>\n<p>Si des milliers de visiteurs avaient fait le d\u00e9placement plusieurs heures avant les douze coups de minuit, la f\u00eate a largement \u00e9t\u00e9 marqu\u00e9e par <a href=\"https:\/\/www.bfmtv.com\/international\/oceanie\/australie\/la-lumiere-contre-les-tenebres-l-australie-se-recueille-une-semaine-apres-l-attentat-sur-une-plage-de-sydney_AD-202512210175.html\" title=\"&quot;La lumi\u00e8re contre les t\u00e9n\u00e8bres&quot;: l&#039;Australie se recueille une semaine apr\u00e8s l&#039;attentat sur une plage de Sydney\" class=\"internal_link\" target=\"_blank\" rel=\"noopener\">l&rsquo;attentat survenu le 14 d\u00e9cembre<\/a> dernier o\u00f9 15 personnes ont \u00e9t\u00e9 tu\u00e9es sur la Bondi Beach.<\/p>\n<p>Une heure avant le passage \u00e0 la nouvelle ann\u00e9e, le pont du port de la ville s&rsquo;est illumin\u00e9 de blanc et les f\u00eatards ont observ\u00e9 une minute de silence tout en brandissant le flash de leur t\u00e9l\u00e9phone en signe de solidarit\u00e9 avec les proches des victimes.<\/p>\n<p>Trois heures plus tard du c\u00f4t\u00e9 de Taipei, le moment \u00e9tait \u00e0 la f\u00eate et les <a href=\"https:\/\/www.bfmtv.com\/international\/asie\/chine\/la-chine-demontre-ses-limites-malgre-ses-man-uvres-a-taiwan-pekin-pas-encore-capable-d-envahir-l-ile_AV-202512300481.html\" title=\"&quot;La Chine d\u00e9montre ses limites&quot;: malgr\u00e9 ses man\u0153uvres \u00e0 Ta\u00efwan, P\u00e9kin pas encore &quot;capable&quot; d&#039;envahir l&#039;\u00eele\" class=\"internal_link\" target=\"_blank\" rel=\"noopener\">menaces d&rsquo;invasion par la Chine<\/a> rel\u00e9gu\u00e9es au second plan le temps d&rsquo;une soir\u00e9e de concert. La c\u00e9l\u00e8bre tour Taipei 101, culminant \u00e0 plus de 500 m\u00e8tres de hauteur, a capt\u00e9 tous les regards.<\/p>\n<p><img decoding=\"async\" loading=\"lazy\" width=\"2048\" height=\"1278\" src=\"https:\/\/www.europesays.com\/fr\/wp-content\/uploads\/2026\/01\/Des-feux-d-artifice-illuminent-le-ciel-de-Taiwan-et-le-Taipei-101-lors-des-celebrations-du-Nouvel-An.jpeg\"  alt=\"Des feux d'artifice illuminent le ciel de Ta\u00efwan et le Taipei 101 lors des c\u00e9l\u00e9brations du Nouvel An, le 1er janvier 2026 \u00e0 Taipei, Ta\u00efwan. \" title=\"Des feux d'artifice illuminent le ciel de Ta\u00efwan et le Taipei 101 lors des c\u00e9l\u00e9brations du Nouvel An, le 1er janvier 2026 \u00e0 Taipei, Ta\u00efwan. \"\/>Des feux d&rsquo;artifice illuminent le ciel de Ta\u00efwan et le Taipei 101 lors des c\u00e9l\u00e9brations du Nouvel An, le 1er janvier 2026 \u00e0 Taipei, Ta\u00efwan. \u00a9 GENE WANG \/ GETTY IMAGES ASIAPAC \/ GETTY IMAGES VIA AFPUn million de personnes sur les Champs-\u00c9lys\u00e9es<\/p>\n<p>En Europe, les c\u00e9l\u00e9brations ont battu leur plein quelques heures plus tard encore. \u00c0 Paris, si le concert des Champs-\u00c9lys\u00e9es avait \u00e9t\u00e9 annul\u00e9 par crainte de mouvements de foule, le public <a href=\"https:\/\/www.bfmtv.com\/societe\/video-bonne-annee-la-france-a-fete-le-passage-en-2026_VN-202601010070.html\" title=\"&quot;Bonne ann\u00e9e!&quot;: la France a f\u00eat\u00e9 le passage en 2026\" class=\"internal_link\" target=\"_blank\" rel=\"noopener\">a tout de m\u00eame fait le d\u00e9placement<\/a>.<\/p>\n<p>Touristes et Parisiens \u00e9taient d&rsquo;ailleurs plus d&rsquo;un million sur la plus belle avenue du monde pour assister au feu d&rsquo;artifice tir\u00e9 depuis l&rsquo;Arc de Triomphe. Une affluence similaire \u00e0 celle de l&rsquo;an pass\u00e9.<\/p>\n<p><img decoding=\"async\" loading=\"lazy\" width=\"2048\" height=\"1365\" src=\"https:\/\/www.europesays.com\/fr\/wp-content\/uploads\/2026\/01\/Des-gens-se-rassemblent-sur-les-Champs-Elysees-pour-assister-au-feu-d-artifice-et-aux-jeux-de-lumier.jpeg\"  alt=\"Des gens se rassemblent sur les Champs-\u00c9lys\u00e9es pour assister au feu d'artifice et aux jeux de lumi\u00e8re lors des c\u00e9l\u00e9brations du Nouvel An \u00e0 Paris, en France, le 1er janvier 2026.\" title=\"Des gens se rassemblent sur les Champs-\u00c9lys\u00e9es pour assister au feu d'artifice et aux jeux de lumi\u00e8re lors des c\u00e9l\u00e9brations du Nouvel An \u00e0 Paris, en France, le 1er janvier 2026.\"\/>Des gens se rassemblent sur les Champs-\u00c9lys\u00e9es pour assister au feu d&rsquo;artifice et aux jeux de lumi\u00e8re lors des c\u00e9l\u00e9brations du Nouvel An \u00e0 Paris, en France, le 1er janvier 2026. \u00a9 ALAIN JOCARD \/ AFP<\/p>\n<p>Un peu plus au nord de l&rsquo;autre c\u00f4t\u00e9 de la Manche, Londres a illumin\u00e9 son ciel avec un feu d&rsquo;artifice tir\u00e9 comme chaque ann\u00e9e sur les rives de la Tamise.<\/p>\n<p>Big Ben et le London Eye surplombaient les milliers d&rsquo;admirateurs venus au Royaume-Uni f\u00eater la nouvelle ann\u00e9e.<\/p>\n<p><img decoding=\"async\" loading=\"lazy\" width=\"2048\" height=\"1365\" src=\"https:\/\/www.europesays.com\/fr\/wp-content\/uploads\/2026\/01\/Le-feu-d-artifice-tire-a-Londres-le-1er-janvier-2026-2209087.jpg\"  alt=\"Le feu d'artifice tir\u00e9 depuis le London Eye, avec la tour Queen Elizabeth (plus connue sous le nom de Big Ben) au premier plan, pour marquer le nouvel an le 1er janvier 2026 \u00e0 Londres, en Angleterre.\" title=\"Le feu d'artifice tir\u00e9 depuis le London Eye, avec la tour Queen Elizabeth (plus connue sous le nom de Big Ben) au premier plan, pour marquer le nouvel an le 1er janvier 2026 \u00e0 Londres, en Angleterre.\"\/>Le feu d&rsquo;artifice tir\u00e9 depuis le London Eye, avec la tour Queen Elizabeth (plus connue sous le nom de Big Ben) au premier plan, pour marquer le nouvel an le 1er janvier 2026 \u00e0 Londres, en Angleterre. \u00a9 LEON NEAL \/ GETTY IMAGES EUROPE \/ GETTY IMAGES VIA AFPDes bonnets&#8230; aux maillots sur la plage<\/p>\n<p>De l&rsquo;autre c\u00f4t\u00e9 de l&rsquo;Atlantique, les bonnets et gants parisiens ont \u00e9t\u00e9 troqu\u00e9s par des maillots de bain sur la plage de Copacabana \u00e0 Rio de Janeiro au Br\u00e9sil. Sous les yeux de la statue du Christ R\u00e9dempteur, des milliers de f\u00eatards avaient les pieds -ou le corps entier- dans l&rsquo;eau pour crier \u00ab\u00a0feliz ano novo!\u00a0\u00bb<\/p>\n<p><img decoding=\"async\" loading=\"lazy\" width=\"2048\" height=\"1365\" src=\"https:\/\/www.europesays.com\/fr\/wp-content\/uploads\/2026\/01\/Vue-aerienne-de-la-statue-du-Christ-Redempteur-et-des-feux-d-artifice-tires-sur-la-plage-de-Copacaba.jpeg\"  alt=\"Vue a\u00e9rienne de la statue du Christ R\u00e9dempteur et des feux d'artifice tir\u00e9s sur la plage de Copacabana lors des c\u00e9l\u00e9brations du Nouvel An, le 1er janvier 2026, \u00e0 Rio de Janeiro, au Br\u00e9sil.\" title=\"Vue a\u00e9rienne de la statue du Christ R\u00e9dempteur et des feux d'artifice tir\u00e9s sur la plage de Copacabana lors des c\u00e9l\u00e9brations du Nouvel An, le 1er janvier 2026, \u00e0 Rio de Janeiro, au Br\u00e9sil.\"\/>Vue a\u00e9rienne de la statue du Christ R\u00e9dempteur et des feux d&rsquo;artifice tir\u00e9s sur la plage de Copacabana lors des c\u00e9l\u00e9brations du Nouvel An, le 1er janvier 2026, \u00e0 Rio de Janeiro, au Br\u00e9sil. \u00a9 WAGNER MEIER \/ GETTY IMAGES SOUTH AMERICA \/ GETTY IMAGES VIA AFP<\/p>\n<p>Des 27\u00b0C br\u00e9siliens&#8230; au 0\u00b0C de New-York il n&rsquo;y a que 7.770 kilom\u00e8tres et deux heures de d\u00e9calage. Les New-yorkais, arm\u00e9s tout comme les Parisiens de leurs tenues d&rsquo;hiver, ont notamment c\u00e9l\u00e9br\u00e9 le passage \u00e0 2026 sur Times Square.<\/p>\n<p><img decoding=\"async\" loading=\"lazy\" width=\"2048\" height=\"1365\" src=\"https:\/\/www.europesays.com\/fr\/wp-content\/uploads\/2026\/01\/Les-New-yorkais-participent-aux-celebrations-du-Nouvel-An-le-1er-janvier-2026-a-New-York-2209095.jpg\"  alt=\"Les New-yorkais participent aux c\u00e9l\u00e9brations du Nouvel An le 1er janvier 2026 \u00e0 New York.\" title=\"Les New-yorkais participent aux c\u00e9l\u00e9brations du Nouvel An le 1er janvier 2026 \u00e0 New York.\"\/>Les New-yorkais participent aux c\u00e9l\u00e9brations du Nouvel An le 1er janvier 2026 \u00e0 New York. \u00a9 ADAM GRAY \/ GETTY IMAGES NORTH AMERICA \/ GETTY IMAGES VIA AFP<\/p>\n<p>Des milliers de personnes se sont rassembl\u00e9es sur la c\u00e9l\u00e8bre avenue aux \u00e9crans illumin\u00e9s am\u00e9ricaine pour faire la f\u00eate et assister au compte \u00e0 rebours, avec plus d&rsquo;une tonne de confettis lanc\u00e9s \u00e0 minuit.<\/p>\n","protected":false},"excerpt":{"rendered":"Feux d&rsquo;artifice, concerts&#8230; Comme chaque soir\u00e9e du 31 d\u00e9cembre, le passage \u00e0 la nouvelle ann\u00e9e est c\u00e9l\u00e9br\u00e9 en&hellip;\n","protected":false},"author":2,"featured_media":634109,"comment_status":"","ping_status":"","sticky":false,"template":"","format":"standard","meta":{"footnotes":""},"categories":[1888],"tags":[1111,1928,11,1927,1777,674,1011,27,12,1926,626,1925,25],"class_list":{"0":"post-634108","1":"post","2":"type-post","3":"status-publish","4":"format-standard","5":"has-post-thumbnail","7":"category-paris","8":"tag-actu","9":"tag-actu-paris","10":"tag-actualites","11":"tag-actualites-paris","12":"tag-eu","13":"tag-europe","14":"tag-fr","15":"tag-france","16":"tag-news","17":"tag-news-paris","18":"tag-paris","19":"tag-paris-news","20":"tag-republique-francaise"},"share_on_mastodon":{"url":"https:\/\/pubeurope.com\/@fr\/115819634580954148","error":""},"_links":{"self":[{"href":"https:\/\/www.europesays.com\/fr\/wp-json\/wp\/v2\/posts\/634108","targetHints":{"allow":["GET"]}}],"collection":[{"href":"https:\/\/www.europesays.com\/fr\/wp-json\/wp\/v2\/posts"}],"about":[{"href":"https:\/\/www.europesays.com\/fr\/wp-json\/wp\/v2\/types\/post"}],"author":[{"embeddable":true,"href":"https:\/\/www.europesays.com\/fr\/wp-json\/wp\/v2\/users\/2"}],"replies":[{"embeddable":true,"href":"https:\/\/www.europesays.com\/fr\/wp-json\/wp\/v2\/comments?post=634108"}],"version-history":[{"count":0,"href":"https:\/\/www.europesays.com\/fr\/wp-json\/wp\/v2\/posts\/634108\/revisions"}],"wp:featuredmedia":[{"embeddable":true,"href":"https:\/\/www.europesays.com\/fr\/wp-json\/wp\/v2\/media\/634109"}],"wp:attachment":[{"href":"https:\/\/www.europesays.com\/fr\/wp-json\/wp\/v2\/media?parent=634108"}],"wp:term":[{"taxonomy":"category","embeddable":true,"href":"https:\/\/www.europesays.com\/fr\/wp-json\/wp\/v2\/categories?post=634108"},{"taxonomy":"post_tag","embeddable":true,"href":"https:\/\/www.europesays.com\/fr\/wp-json\/wp\/v2\/tags?post=634108"}],"curies":[{"name":"wp","href":"https:\/\/api.w.org\/{rel}","templated":true}]}}