{"id":634112,"date":"2026-01-01T11:36:13","date_gmt":"2026-01-01T11:36:13","guid":{"rendered":"https:\/\/www.europesays.com\/fr\/634112\/"},"modified":"2026-01-01T11:36:13","modified_gmt":"2026-01-01T11:36:13","slug":"horaires-et-ouvertures-exceptionnelles-des-magasins-et-centres-commerciaux","status":"publish","type":"post","link":"https:\/\/www.europesays.com\/fr\/634112\/","title":{"rendered":"horaires et ouvertures exceptionnelles des magasins et centres commerciaux"},"content":{"rendered":"<p>Soldes d&rsquo;hiver 2025 du 8\/01 au 4\/02 \u00e0 Paris: horaires et ouvertures exceptionnelles des magasins et centres commerciaux &#8211; Cr\u00e9dit photo \u00a9 Paris Select Book<\/p>\n<p>\u00c0 Paris et en <a href=\"https:\/\/www.parisselectbook.com\/2025\/12\/31\/bons-plans-famille-a-paris-et-en-ile-de-france-sorties-gratuites-ou-pas-cheres-en-janvier-2026\/\" target=\"_blank\" rel=\"noopener\">\u00cele-de-France<\/a>, les Soldes d\u2019hiver rythment les agendas des enseignes comme des clients. Ainsi, de nombreux lieux ajustent leurs horaires pour absorber l\u2019affluence. De plus, des ouvertures cibl\u00e9es permettent d\u2019acheter au bon moment, sans stress inutile.<\/p>\n<p>Horaires \u00e9tendus et ouvertures exceptionnelles en \u00cele-de-France<\/p>\n<p>Dans la r\u00e9gion, les centres commerciaux, les <a href=\"https:\/\/www.parisselectbook.com\/2025\/12\/31\/petites-montres-homme-9-modeles-styles-signes-tudor-seiko-et-vacheron-constantin\/\" target=\"_blank\" rel=\"noopener\">grands magasins<\/a> et de nombreuses boutiques annoncent des nocturnes. En revanche, ces cr\u00e9neaux varient selon les adresses et les jours. D\u00e8s lors, mieux vaut v\u00e9rifier les horaires pr\u00e9cis avant de se d\u00e9placer.<\/p>\n<p>Pendant les Soldes d\u2019hiver, certaines enseignes ouvrent plus t\u00f4t ou ferment plus tard, selon affluence et autorisations. Aussi, des ouvertures dominicales peuvent \u00eatre accord\u00e9es via <strong><a href=\"https:\/\/www.parisselectbook.com\/2025\/12\/31\/nouvel-an-2026-paris-interdit-lachat-et-la-consommation-dalcool-le-31-decembre-dans-un-arrondissement\/\" target=\"_blank\" rel=\"noopener\">arr\u00eat\u00e9 pr\u00e9fectoral<\/a><\/strong>. Par cons\u00e9quent, votre planning doit rester souple et actualis\u00e9.<\/p>\n<p>Magasins, grands magasins et centres commerciaux<\/p>\n<p>Les grands magasins, les centres r\u00e9gionaux et les outlets annoncent leurs plans d\u2019acc\u00e8s, zones d\u2019attente et files rapides. Pourtant, chaque site applique un dispositif sp\u00e9cifique. Les <a href=\"https:\/\/www.parisselectbook.com\/2025\/12\/31\/robes-de-soiree-20-modeles-intemporels-pour-briller-au-nouvel-an\/\" target=\"_blank\" rel=\"noopener\">Soldes d\u2019hiver<\/a> y prennent souvent la forme de vagues de d\u00e9marques successives.<\/p>\n<blockquote>\n<p>\u00ab \u00c0 Paris, mieux vaut planifier ses courses et ses horaires. \u00bb<\/p>\n<\/blockquote>\n<p>Sur place, l\u2019organisation compte autant que le prix barr\u00e9. Ainsi, arrivez t\u00f4t pour les tailles cl\u00e9s, ou visez la fin de journ\u00e9e pour une circulation plus fluide. Ensuite, privil\u00e9giez des itin\u00e9raires alternatifs pour \u00e9viter les axes satur\u00e9s.<\/p>\n<p>R\u00e9glementation, droits des clients et \u00e9tiquetage<\/p>\n<p>Le cadre l\u00e9gal fixe deux p\u00e9riodes nationales de <strong>4 semaines<\/strong> par an, dont les Soldes d\u2019hiver. Par ailleurs, le coup d\u2019envoi intervient \u00e0 <strong>8 h<\/strong> le premier jour dans les zones concern\u00e9es. Aussi, les r\u00e9assorts restent encadr\u00e9s pour pr\u00e9server l\u2019esprit des remises.<\/p>\n<ul>\n<li>Consultez les horaires mis \u00e0 jour la veille de votre venue.<\/li>\n<li>Rep\u00e9rez les acc\u00e8s, parkings et alternatives de transport.<\/li>\n<li>Pr\u00e9parez une liste d\u2019achats prioris\u00e9s par budget.<\/li>\n<li>V\u00e9rifiez l\u2019\u00e9tiquetage et les conditions de reprise.<\/li>\n<li>Gardez les tickets, \u00e9tiquettes et moyens de paiement.<\/li>\n<\/ul>\n<p>L\u2019\u00e9tiquetage doit indiquer un prix de r\u00e9f\u00e9rence et une r\u00e9duction lisible. Ainsi, le double affichage doit rester clair du portant \u00e0 la caisse. Par cons\u00e9quent, conservez une photo de l\u2019\u00e9tiquette en cas de doute pendant les Soldes d\u2019hiver.<\/p>\n<p>Vous b\u00e9n\u00e9ficiez toujours de la garantie l\u00e9gale de <strong>2 ans<\/strong> contre les d\u00e9fauts de conformit\u00e9. Cependant, les retours hors d\u00e9faut d\u00e9pendent de la politique du magasin. Aussi, les ouvertures le <strong>dimanche<\/strong> requi\u00e8rent un cadre autoris\u00e9 et communiqu\u00e9 en amont.<\/p>\n<p>Conseils pratiques pour organiser votre journ\u00e9e<\/p>\n<p>Anticipez les temps forts et r\u00e9partissez vos passages par zones. Ainsi, commencez par les articles prioritaires, puis encha\u00eenez par les achats opportunistes. Ensuite, pr\u00e9voyez une marge pour le temps d\u2019essayage.<\/p>\n<p>Fixez un budget plafond et notez les prix rep\u00e9r\u00e9s avant les Soldes d\u2019hiver. De plus, comparez sur place, puis d\u00e9cidez avec calme. En bref, gardez vos justificatifs pour faciliter tout \u00e9change ou r\u00e9paration.<\/p>\n<p>Tendances d\u2019affluence et bons plans responsables<\/p>\n<p>Le premier week-end attire souvent beaucoup de monde. Cependant, les cr\u00e9neaux de milieu de semaine proposent une exp\u00e9rience plus fluide. En revanche, certaines adresses lancent de fortes d\u00e9marques apr\u00e8s quelques jours.<\/p>\n<p>Pensez achat utile, durable et r\u00e9parable pendant les Soldes d\u2019hiver. Ainsi, privil\u00e9giez des pi\u00e8ces de qualit\u00e9 et des besoins av\u00e9r\u00e9s. Par cons\u00e9quent, votre panier gagne en coh\u00e9rence et votre budget reste ma\u00eetris\u00e9.<\/p>\n<p>Les ventes en ligne compl\u00e8tent les parcours en magasin, avec retrait rapide. Aussi, le <strong>click &amp; collect<\/strong> peut r\u00e9duire l\u2019attente et s\u00e9curiser la taille. Ensuite, v\u00e9rifiez les modalit\u00e9s de retour pour \u00e9viter toute mauvaise surprise.<\/p>\n","protected":false},"excerpt":{"rendered":"Soldes d&rsquo;hiver 2025 du 8\/01 au 4\/02 \u00e0 Paris: horaires et ouvertures exceptionnelles des magasins et centres commerciaux&hellip;\n","protected":false},"author":2,"featured_media":634113,"comment_status":"","ping_status":"","sticky":false,"template":"","format":"standard","meta":{"footnotes":""},"categories":[1888],"tags":[11,1777,674,1011,27,12,626,25,74245],"class_list":{"0":"post-634112","1":"post","2":"type-post","3":"status-publish","4":"format-standard","5":"has-post-thumbnail","7":"category-paris","8":"tag-actualites","9":"tag-eu","10":"tag-europe","11":"tag-fr","12":"tag-france","13":"tag-news","14":"tag-paris","15":"tag-republique-francaise","16":"tag-soldes-dhiver"},"share_on_mastodon":{"url":"https:\/\/pubeurope.com\/@fr\/115819642102334322","error":""},"_links":{"self":[{"href":"https:\/\/www.europesays.com\/fr\/wp-json\/wp\/v2\/posts\/634112","targetHints":{"allow":["GET"]}}],"collection":[{"href":"https:\/\/www.europesays.com\/fr\/wp-json\/wp\/v2\/posts"}],"about":[{"href":"https:\/\/www.europesays.com\/fr\/wp-json\/wp\/v2\/types\/post"}],"author":[{"embeddable":true,"href":"https:\/\/www.europesays.com\/fr\/wp-json\/wp\/v2\/users\/2"}],"replies":[{"embeddable":true,"href":"https:\/\/www.europesays.com\/fr\/wp-json\/wp\/v2\/comments?post=634112"}],"version-history":[{"count":0,"href":"https:\/\/www.europesays.com\/fr\/wp-json\/wp\/v2\/posts\/634112\/revisions"}],"wp:featuredmedia":[{"embeddable":true,"href":"https:\/\/www.europesays.com\/fr\/wp-json\/wp\/v2\/media\/634113"}],"wp:attachment":[{"href":"https:\/\/www.europesays.com\/fr\/wp-json\/wp\/v2\/media?parent=634112"}],"wp:term":[{"taxonomy":"category","embeddable":true,"href":"https:\/\/www.europesays.com\/fr\/wp-json\/wp\/v2\/categories?post=634112"},{"taxonomy":"post_tag","embeddable":true,"href":"https:\/\/www.europesays.com\/fr\/wp-json\/wp\/v2\/tags?post=634112"}],"curies":[{"name":"wp","href":"https:\/\/api.w.org\/{rel}","templated":true}]}}