{"id":634119,"date":"2026-01-01T11:40:12","date_gmt":"2026-01-01T11:40:12","guid":{"rendered":"https:\/\/www.europesays.com\/fr\/634119\/"},"modified":"2026-01-01T11:40:12","modified_gmt":"2026-01-01T11:40:12","slug":"la-switch-2-a-deja-depasse-les-ventes-de-la-dreamcast-de-la-ps-vita-et-de-la-wii-u-au-royaume-uni","status":"publish","type":"post","link":"https:\/\/www.europesays.com\/fr\/634119\/","title":{"rendered":"La Switch 2 a d\u00e9j\u00e0 d\u00e9pass\u00e9 les ventes de la Dreamcast, de la PS Vita et de la Wii U au Royaume-Uni &#8211;"},"content":{"rendered":"<p>Il n&rsquo;y a probablement pas besoin de nouvelles sur la qualit\u00e9 des ventes de la <strong>Switch 2<\/strong> (nous attendons avec impatience les chiffres de vente de No\u00ebl), mais le r\u00e9dacteur en chef et cofondateur de The Game Business, Christopher Dring, vient de publier des statistiques assez fascinantes en provenance du Royaume-Uni.<\/p>\n<p>Il s&rsquo;av\u00e8re que depuis pr\u00e8s de sept mois que la console est sur le march\u00e9, elle a d\u00e9j\u00e0 surpass\u00e9 les malheurs bien-aim\u00e9s de Sega, Sony et Nintendo lui-m\u00eame. Apparemment, la Switch 2 s&rsquo;est vendue plus que <strong>Dreamcast<\/strong>, <strong>PS Vita<\/strong>, et <strong>Wii U<\/strong> ne l&rsquo;ont fait au cours de leurs vies respectives. Ils ont tous \u00e9t\u00e9 arr\u00eat\u00e9s pr\u00e9matur\u00e9ment en raison de mauvaises ventes, mais ont tout de m\u00eame r\u00e9ussi \u00e0 rester sur le march\u00e9 pendant plusieurs ann\u00e9es.<\/p>\n<blockquote class=\"twitter-tweet\" data-theme=\"dark\"><p><a href=\"https:\/\/twitter.com\/Chris_Dring\/status\/2006017882128285792?ref_src=twsrc%5Etfw\" target=\"_blank\" rel=\"noopener\"><\/p><\/blockquote>\n<p>Dans les commentaires, quelqu&rsquo;un demande \u00e9galement \u00e0 Dring si elle est \u00e9galement en avance sur la Switch originale, mesur\u00e9e sur ses sept premiers mois, ce qu&rsquo;il <a href=\"https:\/\/x.com\/Chris_Dring\/status\/2006037266532073584\" target=\"_blank\">confirme<\/a>. Il convient de rappeler que les chiffres s&rsquo;appliquent au Royaume-Uni, mais le pays ne s&rsquo;\u00e9carte g\u00e9n\u00e9ralement pas trop du reste du monde (surtout en Occident), ce qui donne tout de m\u00eame une indication de la fa\u00e7on dont les choses se passent pour Nintendo.<\/p>\n<p><img loading=\"lazy\" decoding=\"async\" id=\"img-2008053-4563313\" data-fullsize=\"\/media\/33\/dontfallscalpers_4563313b.jpg\" data-lazy=\"\" src=\"https:\/\/www.gamereactor.frhttps:\/\/www.gamereactor.fr\/media\/33\/dontfallscalpers_4563313_650x.jpg\" width=\"650\" onclick=\"if (!window.__cfRLUnblockHandlers) return false; gallery_openmodal('2008053','4563313',false,'86f01e5c7135b53cf58b68d44c449156');\" height=\"341\" alt=\"La Switch 2 a d\u00e9j\u00e0 d\u00e9pass\u00e9 les ventes de la Dreamcast, de la PS Vita et de la Wii U au Royaume-Uni\" class=\"rwd_col_content lazy\" data-cf-modified-a4aa9d1a6ec78aa30e77a84f-=\"\"\/>De gauche \u00e0 droite : Dreamcast, PS Vita et Wii U.<script async src=\"https:\/\/platform.twitter.com\/widgets.js\" charset=\"utf-8\"><\/script><\/p>\n","protected":false},"excerpt":{"rendered":"Il n&rsquo;y a probablement pas besoin de nouvelles sur la qualit\u00e9 des ventes de la Switch 2 (nous&hellip;\n","protected":false},"author":2,"featured_media":634120,"comment_status":"","ping_status":"","sticky":false,"template":"","format":"standard","meta":{"footnotes":""},"categories":[1588],"tags":[11,1777,674,12,473,1853,1851,1850,1852],"class_list":{"0":"post-634119","1":"post","2":"type-post","3":"status-publish","4":"format-standard","5":"has-post-thumbnail","7":"category-royaume-uni","8":"tag-actualites","9":"tag-eu","10":"tag-europe","11":"tag-news","12":"tag-royaume-uni","13":"tag-royaume-uni-de-grande-bretagne-et-dirlande-du-nord","14":"tag-uk","15":"tag-united-kingdom","16":"tag-united-kingdom-of-great-britain-and-northern-ireland"},"share_on_mastodon":{"url":"https:\/\/pubeurope.com\/@fr\/115819657623370094","error":""},"_links":{"self":[{"href":"https:\/\/www.europesays.com\/fr\/wp-json\/wp\/v2\/posts\/634119","targetHints":{"allow":["GET"]}}],"collection":[{"href":"https:\/\/www.europesays.com\/fr\/wp-json\/wp\/v2\/posts"}],"about":[{"href":"https:\/\/www.europesays.com\/fr\/wp-json\/wp\/v2\/types\/post"}],"author":[{"embeddable":true,"href":"https:\/\/www.europesays.com\/fr\/wp-json\/wp\/v2\/users\/2"}],"replies":[{"embeddable":true,"href":"https:\/\/www.europesays.com\/fr\/wp-json\/wp\/v2\/comments?post=634119"}],"version-history":[{"count":0,"href":"https:\/\/www.europesays.com\/fr\/wp-json\/wp\/v2\/posts\/634119\/revisions"}],"wp:featuredmedia":[{"embeddable":true,"href":"https:\/\/www.europesays.com\/fr\/wp-json\/wp\/v2\/media\/634120"}],"wp:attachment":[{"href":"https:\/\/www.europesays.com\/fr\/wp-json\/wp\/v2\/media?parent=634119"}],"wp:term":[{"taxonomy":"category","embeddable":true,"href":"https:\/\/www.europesays.com\/fr\/wp-json\/wp\/v2\/categories?post=634119"},{"taxonomy":"post_tag","embeddable":true,"href":"https:\/\/www.europesays.com\/fr\/wp-json\/wp\/v2\/tags?post=634119"}],"curies":[{"name":"wp","href":"https:\/\/api.w.org\/{rel}","templated":true}]}}