{"id":634121,"date":"2026-01-01T11:41:14","date_gmt":"2026-01-01T11:41:14","guid":{"rendered":"https:\/\/www.europesays.com\/fr\/634121\/"},"modified":"2026-01-01T11:41:14","modified_gmt":"2026-01-01T11:41:14","slug":"allemagne-deux-jeunes-de-18-ans-tues-par-des-engins-pyrotechniques-quils-avaient-fabriques","status":"publish","type":"post","link":"https:\/\/www.europesays.com\/fr\/634121\/","title":{"rendered":"Allemagne. Deux jeunes de 18 ans tu\u00e9s par\u00a0des engins pyrotechniques qu&rsquo;ils avaient fabriqu\u00e9s"},"content":{"rendered":"<p>Deux jeunes de 18 ans sont morts \u00e0 Bielefeld, dans l&rsquo;ouest de l&rsquo;Allemagne, le soir du Nouvel An \u00e0 la suite de l&rsquo;utilisation d&rsquo;engins de pyrotechnie artisanale, a annonc\u00e9 la police. Les deux adolescents \u00ab ont d\u00e9clench\u00e9 de mani\u00e8re incontr\u00f4l\u00e9e des engins pyrotechniques qu&rsquo;ils avaient fabriqu\u00e9s eux-m\u00eames, \u00e0 des endroits diff\u00e9rents \u00bb, et ont \u00ab subi des blessures mortelles au visage \u00bb, selon un communiqu\u00e9 de la police locale dans la nuit de mercredi \u00e0 jeudi.<\/p>\n<p>Ce contenu est bloqu\u00e9 car vous n&rsquo;avez pas accept\u00e9 les cookies et autres traceurs.<\/p>\n<p>En cliquant sur \u00ab J\u2019accepte \u00bb, les cookies et autres traceurs seront d\u00e9pos\u00e9s et vous pourrez visualiser les contenus  (<a href=\"\" class=\"consentModule_policy\" target=\"_blank\" title=\"Consulter la politique de protection des donn\u00e9es du fournisseur\">plus d&rsquo;informations<\/a>).<\/p>\n<p>En cliquant sur \u00ab J\u2019accepte tous les cookies \u00bb, vous autorisez des d\u00e9p\u00f4ts de cookies et autres traceurs pour le stockage de vos donn\u00e9es sur nos sites et applications \u00e0 des fins de personnalisation et de ciblage publicitaire.<\/p>\n<p class=\"consentModule_secondaryText\">Vous gardez la possibilit\u00e9 de retirer votre consentement \u00e0 tout moment en consultant notre <a href=\"https:\/\/www.ledauphine.com\/protection-des-donnees\" target=\"_blank\" title=\"Consulter notre politique de protection des donn\u00e9es\" rel=\"noopener\">politique de protection des donn\u00e9es<\/a>. <br \/>&#13;<br \/>\n            <a href=\"https:\/\/www.ledauphine.com\/faits-divers-justice\/2026\/01\/01\/javascript:Didomi.notice.show()\" class=\"consentModule_cmp\" target=\"_blank\" rel=\"noopener\">G\u00e9rer mes choix<\/a>&#13;\n        <\/p>\n<p>&#13;<br \/>\n                        J&rsquo;accepte&#13;<br \/>\n            J&rsquo;accepte tous les cookies&#13;\n        <\/p>\n<p>Plusieurs personnes ont par ailleurs \u00e9t\u00e9 gri\u00e8vement bless\u00e9es dans la nuit \u00e0 Berlin lors de la manipulation de feux d&rsquo;artifice. Plus de 30 bless\u00e9s ont \u00e9t\u00e9 pris en charge \u00e0 l&rsquo;h\u00f4pital des accidents de Berlin (UKB). Pour certains d&rsquo;entre eux, des doigts ou des parties de la main ont d\u00fb \u00eatre amput\u00e9s, a indiqu\u00e9 \u00e0 la porte-parole de la clinique, Angela Kijewski. Des br\u00fblures ainsi que des blessures au visage et aux yeux ont \u00e9galement \u00e9t\u00e9 constat\u00e9es.<\/p>\n<p>Durant cette m\u00eame nuit, environ 400 personnes ont \u00e9t\u00e9 bri\u00e8vement interpell\u00e9es dans la capitale allemande, o\u00f9 au moins 24 membres des forces de l&rsquo;ordre mobilis\u00e9es ont \u00e9t\u00e9 bless\u00e9s, parmi les 4 300 mobilis\u00e9s, selon la police. \u00c0 Hambourg, dix agents ont \u00e9t\u00e9 bless\u00e9s lors d&rsquo;interventions pendant la nuit, selon la police locale.<\/p>\n","protected":false},"excerpt":{"rendered":"Deux jeunes de 18 ans sont morts \u00e0 Bielefeld, dans l&rsquo;ouest de l&rsquo;Allemagne, le soir du Nouvel An&hellip;\n","protected":false},"author":2,"featured_media":634122,"comment_status":"","ping_status":"","sticky":false,"template":"","format":"standard","meta":{"footnotes":""},"categories":[1587],"tags":[11,672,1804,1805,1803,1777,674,274,107,329,1801,12,1802],"class_list":{"0":"post-634121","1":"post","2":"type-post","3":"status-publish","4":"format-standard","5":"has-post-thumbnail","7":"category-allemagne","8":"tag-actualites","9":"tag-allemagne","10":"tag-bundesrepublik-deutschland","11":"tag-de","12":"tag-deutschland","13":"tag-eu","14":"tag-europe","15":"tag-faits-divers-justice","16":"tag-fil-info","17":"tag-france-monde","18":"tag-germany","19":"tag-news","20":"tag-republique-federale-dallemagne"},"share_on_mastodon":{"url":"https:\/\/pubeurope.com\/@fr\/115819661678002401","error":""},"_links":{"self":[{"href":"https:\/\/www.europesays.com\/fr\/wp-json\/wp\/v2\/posts\/634121","targetHints":{"allow":["GET"]}}],"collection":[{"href":"https:\/\/www.europesays.com\/fr\/wp-json\/wp\/v2\/posts"}],"about":[{"href":"https:\/\/www.europesays.com\/fr\/wp-json\/wp\/v2\/types\/post"}],"author":[{"embeddable":true,"href":"https:\/\/www.europesays.com\/fr\/wp-json\/wp\/v2\/users\/2"}],"replies":[{"embeddable":true,"href":"https:\/\/www.europesays.com\/fr\/wp-json\/wp\/v2\/comments?post=634121"}],"version-history":[{"count":0,"href":"https:\/\/www.europesays.com\/fr\/wp-json\/wp\/v2\/posts\/634121\/revisions"}],"wp:featuredmedia":[{"embeddable":true,"href":"https:\/\/www.europesays.com\/fr\/wp-json\/wp\/v2\/media\/634122"}],"wp:attachment":[{"href":"https:\/\/www.europesays.com\/fr\/wp-json\/wp\/v2\/media?parent=634121"}],"wp:term":[{"taxonomy":"category","embeddable":true,"href":"https:\/\/www.europesays.com\/fr\/wp-json\/wp\/v2\/categories?post=634121"},{"taxonomy":"post_tag","embeddable":true,"href":"https:\/\/www.europesays.com\/fr\/wp-json\/wp\/v2\/tags?post=634121"}],"curies":[{"name":"wp","href":"https:\/\/api.w.org\/{rel}","templated":true}]}}