{"id":634135,"date":"2026-01-01T11:49:14","date_gmt":"2026-01-01T11:49:14","guid":{"rendered":"https:\/\/www.europesays.com\/fr\/634135\/"},"modified":"2026-01-01T11:49:14","modified_gmt":"2026-01-01T11:49:14","slug":"super-xiii-david-collado-le-staff-et-les-joueurs-se-sont-remis-en-question-rugby-a-xiii","status":"publish","type":"post","link":"https:\/\/www.europesays.com\/fr\/634135\/","title":{"rendered":"Super XIII &#8211; David Collado : \u00ab\u00a0Le staff et les joueurs se sont remis en question\u00a0\u00bb &#8211; Rugby \u00e0 XIII"},"content":{"rendered":"<p style=\"text-align: justify;\"><strong>David Collado, entraineur de Villefranche XIII Aveyron, dresse le bilan de son \u00e9quipe \u00e0 la mi-saison de Super XIII.<\/strong><\/p>\n<blockquote>\n<p style=\"text-align: justify;\">Le bilan de mi-saison est contrast\u00e9. Nous avons connu un d\u00e9but de saison difficile. Notre niveau sur les 4 premiers matchs \u00e9tait tr\u00e8s faible. Le contenu \u00e9tait loin de nos attentes. L\u2019effectif a eu du mal \u00e0 se mettre en place, des blessures importantes et nos joueurs \u00e9trangers arriv\u00e9s assez tard peuvent faire partie des raisons principales.<\/p>\n<p style=\"text-align: justify;\">Le staff et les joueurs se sont remis en question. Nous avons chang\u00e9 certaines choses dans notre approche des matchs et des entrainements. Je pense que le match \u00e0 Perpignan, perdu au point en or, nous a redonn\u00e9 confiance.<\/p>\n<p style=\"text-align: justify;\">Nous avons pris 10 points sur 15 possibles en suivant. Les 3 victoires sur Avignon et Villeneuve \u00e0 domicile et Saint-Gaudens \u00e0 l\u2019ext\u00e9rieur nous remettent en course pour la suite de la saison. J\u2019esp\u00e8re r\u00e9cup\u00e9rer la totalit\u00e9 de l\u2019effectif d\u2019ici fin janvier et continuer sur une bonne dynamique. Nous n\u2019avons re\u00e7u que 3 fois sur la phase aller. La phase retour sera peut-\u00eatre moins \u00e9prouvante mentalement. Nous allons continuer \u00e0 travailler dur pour bien figurer dans ce Super XIII.<\/p>\n<\/blockquote>\n","protected":false},"excerpt":{"rendered":"David Collado, entraineur de Villefranche XIII Aveyron, dresse le bilan de son \u00e9quipe \u00e0 la mi-saison de Super&hellip;\n","protected":false},"author":2,"featured_media":634136,"comment_status":"","ping_status":"","sticky":false,"template":"","format":"standard","meta":{"footnotes":""},"categories":[1416],"tags":[19507,1011,27,479,2228,1468,2229,60,2231,7303],"class_list":{"0":"post-634135","1":"post","2":"type-post","3":"status-publish","4":"format-standard","5":"has-post-thumbnail","7":"category-rugby","8":"tag-david-collado","9":"tag-fr","10":"tag-france","11":"tag-rugby","12":"tag-rugby-a-xiii","13":"tag-rugby-football","14":"tag-rugby-league","15":"tag-sports","16":"tag-super-xiii","17":"tag-villefranche-aveyron-xiii"},"share_on_mastodon":{"url":"https:\/\/pubeurope.com\/@fr\/115819692954922822","error":""},"_links":{"self":[{"href":"https:\/\/www.europesays.com\/fr\/wp-json\/wp\/v2\/posts\/634135","targetHints":{"allow":["GET"]}}],"collection":[{"href":"https:\/\/www.europesays.com\/fr\/wp-json\/wp\/v2\/posts"}],"about":[{"href":"https:\/\/www.europesays.com\/fr\/wp-json\/wp\/v2\/types\/post"}],"author":[{"embeddable":true,"href":"https:\/\/www.europesays.com\/fr\/wp-json\/wp\/v2\/users\/2"}],"replies":[{"embeddable":true,"href":"https:\/\/www.europesays.com\/fr\/wp-json\/wp\/v2\/comments?post=634135"}],"version-history":[{"count":0,"href":"https:\/\/www.europesays.com\/fr\/wp-json\/wp\/v2\/posts\/634135\/revisions"}],"wp:featuredmedia":[{"embeddable":true,"href":"https:\/\/www.europesays.com\/fr\/wp-json\/wp\/v2\/media\/634136"}],"wp:attachment":[{"href":"https:\/\/www.europesays.com\/fr\/wp-json\/wp\/v2\/media?parent=634135"}],"wp:term":[{"taxonomy":"category","embeddable":true,"href":"https:\/\/www.europesays.com\/fr\/wp-json\/wp\/v2\/categories?post=634135"},{"taxonomy":"post_tag","embeddable":true,"href":"https:\/\/www.europesays.com\/fr\/wp-json\/wp\/v2\/tags?post=634135"}],"curies":[{"name":"wp","href":"https:\/\/api.w.org\/{rel}","templated":true}]}}