{"id":634137,"date":"2026-01-01T11:50:10","date_gmt":"2026-01-01T11:50:10","guid":{"rendered":"https:\/\/www.europesays.com\/fr\/634137\/"},"modified":"2026-01-01T11:50:10","modified_gmt":"2026-01-01T11:50:10","slug":"wta-raducanu-opere-un-changement-radical-concernant-sa-raquette","status":"publish","type":"post","link":"https:\/\/www.europesays.com\/fr\/634137\/","title":{"rendered":"WTA > Raducanu op\u00e8re un changement radical concernant sa raquette"},"content":{"rendered":"<p>Apr\u00e8s avoir offi\u00adcia\u00adliser sa venue dans le team Uniqlo aux c\u00f4t\u00e9s de Roger Federer, Emma a \u00ab\u202fd\u00e9but\u00e9\u202f\u00bb sa saison avec une nouvelle raquette sans pr\u00e9senter sur son cordage le logo de la marque. Il s\u2019agit de Yonex (NDLR\u00a0: Emma semble jouer avec le mod\u00e8le E\u2011Zone) qui depuis quelques ann\u00e9es est devenue un must sur le\u00a0tour.\u00a0<\/p>\n<blockquote class=\"twitter-tweet\">\n<p lang=\"en\" dir=\"ltr\">Emma Raducanu \ud83c\uddec\ud83c\udde7 with her new Yonex racket \ud83c\udfbe <a href=\"https:\/\/t.co\/tQUa7K3adQ\" data-wpel-link=\"external\" target=\"_blank\" rel=\"nofollow external noopener\">pic.twitter.com\/tQUa7K3adQ<\/a><\/p>\n<p>\u2014 RADUCANU \ud83c\uddec\ud83c\udde7 UPDATES (@RaducanuEmmaFan) <a href=\"https:\/\/twitter.com\/RaducanuEmmaFan\/status\/2006517639364096384?ref_src=twsrc%5Etfw\" data-wpel-link=\"external\" target=\"_blank\" rel=\"nofollow external noopener\">January 1,\u00a02026<\/a><\/p><\/blockquote>\n<p>On se souvient que Madison Keys avait fait le m\u00eame chan\u00adge\u00adment l\u2019an dernier partant de Wilson pour la marque Japonaise. Le r\u00e9sultat avaut \u00e9t\u00e9 imm\u00e9\u00addiat puis\u00adqu\u2019elle avait remport\u00e9 le titre \u00e0 l\u2019Open d\u2019Australie.\u00a0<\/p>\n<p class=\"post-published-date\" style=\"color: silver; font-size: 75%; text-align: left;\">Publi\u00e9 le jeudi 1 janvier 2026 \u00e0 09:21<\/p>\n<p>  <script async src=\"https:\/\/platform.twitter.com\/widgets.js\" charset=\"utf-8\"><\/script><\/p>\n","protected":false},"excerpt":{"rendered":"Apr\u00e8s avoir offi\u00adcia\u00adliser sa venue dans le team Uniqlo aux c\u00f4t\u00e9s de Roger Federer, Emma a \u00ab\u202fd\u00e9but\u00e9\u202f\u00bb sa&hellip;\n","protected":false},"author":2,"featured_media":275317,"comment_status":"","ping_status":"","sticky":false,"template":"","format":"standard","meta":{"footnotes":""},"categories":[1415],"tags":[2199,1011,27,44077,60,1467],"class_list":{"0":"post-634137","1":"post","2":"type-post","3":"status-publish","4":"format-standard","5":"has-post-thumbnail","7":"category-tennis","8":"tag-federer","9":"tag-fr","10":"tag-france","11":"tag-keys","12":"tag-sports","13":"tag-tennis"},"share_on_mastodon":{"url":"https:\/\/pubeurope.com\/@fr\/115819696798952837","error":""},"_links":{"self":[{"href":"https:\/\/www.europesays.com\/fr\/wp-json\/wp\/v2\/posts\/634137","targetHints":{"allow":["GET"]}}],"collection":[{"href":"https:\/\/www.europesays.com\/fr\/wp-json\/wp\/v2\/posts"}],"about":[{"href":"https:\/\/www.europesays.com\/fr\/wp-json\/wp\/v2\/types\/post"}],"author":[{"embeddable":true,"href":"https:\/\/www.europesays.com\/fr\/wp-json\/wp\/v2\/users\/2"}],"replies":[{"embeddable":true,"href":"https:\/\/www.europesays.com\/fr\/wp-json\/wp\/v2\/comments?post=634137"}],"version-history":[{"count":0,"href":"https:\/\/www.europesays.com\/fr\/wp-json\/wp\/v2\/posts\/634137\/revisions"}],"wp:featuredmedia":[{"embeddable":true,"href":"https:\/\/www.europesays.com\/fr\/wp-json\/wp\/v2\/media\/275317"}],"wp:attachment":[{"href":"https:\/\/www.europesays.com\/fr\/wp-json\/wp\/v2\/media?parent=634137"}],"wp:term":[{"taxonomy":"category","embeddable":true,"href":"https:\/\/www.europesays.com\/fr\/wp-json\/wp\/v2\/categories?post=634137"},{"taxonomy":"post_tag","embeddable":true,"href":"https:\/\/www.europesays.com\/fr\/wp-json\/wp\/v2\/tags?post=634137"}],"curies":[{"name":"wp","href":"https:\/\/api.w.org\/{rel}","templated":true}]}}