{"id":634140,"date":"2026-01-01T11:55:11","date_gmt":"2026-01-01T11:55:11","guid":{"rendered":"https:\/\/www.europesays.com\/fr\/634140\/"},"modified":"2026-01-01T11:55:11","modified_gmt":"2026-01-01T11:55:11","slug":"deux-talents-portugais-dans-le-viseur-du-psg","status":"publish","type":"post","link":"https:\/\/www.europesays.com\/fr\/634140\/","title":{"rendered":"Deux talents portugais dans le viseur du PSG !"},"content":{"rendered":"<p><strong>Le mercato hivernal 2025\/2026 se d\u00e9roule du jeudi 1er janvier au lundi 2 f\u00e9vrier (\u00e0 20h) France, alors les rumeurs autour du Paris Saint-Germain s\u2019accumulent. Cette fois, c\u2019est L\u2019Equipe qui \u00e9voque un int\u00e9r\u00eat pour Albert Costa (lat\u00e9ral droit de 22 ans du FC Porto sous contrat jusqu\u2019en 2030) et Anisio Cabral (attaquant de 17 ans du Benfica).<\/strong><\/p>\n<blockquote>\n<p>\u00ab\u00a0Le PSG pourrait anticiper sur son recrutement de l\u2019\u00e9t\u00e9 prochain \u00e0 plusieurs postes. Il observe notamment deux jeunes Portugais : le lat\u00e9ral droit Albert Costa (22 ans, FC Porto) ou le tr\u00e8s jeune avant-centre Anisio Cabral (17 ans, Benfica).\u00a0\u00bb<\/p>\n<\/blockquote>\n<p>Rien d\u2019impossible, le PSG pr\u00e9pare toujours le mercato avec diverses pistes (comme tous les clubs). Notamment, en regardant les jeunes talents. Cela rentre dans son projet et avec des postes o\u00f9 il semble y avoir des places \u00e0 prendre pour les prochaines ann\u00e9es. Il y a aussi l\u2019id\u00e9e d\u2019\u00e9viter de voir de nouveaux prodiges se diriger vers d\u2019autres clubs et \u00eatre difficilement accessibles ensuite.<\/p>\n<p>Attention, il n\u2019y a cependant rien de s\u00fbr ici. Ce n\u2019est qu\u2019une rumeur, sans rien de concret. Paris peut avoir bien d\u2019autres pistes, comme Costa et Cabral peuvent avoir d\u2019autres options pour l\u2019avenir. Il n\u2019y aura possiblement m\u00eame pas une offre, encore moins un accord.<\/p>\n<p>\t\t\t\t\t\t\t\t\t\t\t\t\t\t\t\t\t\t\t\t\t\t\t<img decoding=\"async\" src=\"https:\/\/www.europesays.com\/fr\/wp-content\/uploads\/2025\/04\/ParisFans_Logo.png\"\/><\/p>\n","protected":false},"excerpt":{"rendered":"Le mercato hivernal 2025\/2026 se d\u00e9roule du jeudi 1er janvier au lundi 2 f\u00e9vrier (\u00e0 20h) France, alors&hellip;\n","protected":false},"author":2,"featured_media":634141,"comment_status":"","ping_status":"","sticky":false,"template":"","format":"standard","meta":{"footnotes":""},"categories":[1410],"tags":[63,1011,27,60,96],"class_list":{"0":"post-634140","1":"post","2":"type-post","3":"status-publish","4":"format-standard","5":"has-post-thumbnail","7":"category-football","8":"tag-football","9":"tag-fr","10":"tag-france","11":"tag-sports","12":"tag-une"},"share_on_mastodon":{"url":"https:\/\/pubeurope.com\/@fr\/115819716737347275","error":""},"_links":{"self":[{"href":"https:\/\/www.europesays.com\/fr\/wp-json\/wp\/v2\/posts\/634140","targetHints":{"allow":["GET"]}}],"collection":[{"href":"https:\/\/www.europesays.com\/fr\/wp-json\/wp\/v2\/posts"}],"about":[{"href":"https:\/\/www.europesays.com\/fr\/wp-json\/wp\/v2\/types\/post"}],"author":[{"embeddable":true,"href":"https:\/\/www.europesays.com\/fr\/wp-json\/wp\/v2\/users\/2"}],"replies":[{"embeddable":true,"href":"https:\/\/www.europesays.com\/fr\/wp-json\/wp\/v2\/comments?post=634140"}],"version-history":[{"count":0,"href":"https:\/\/www.europesays.com\/fr\/wp-json\/wp\/v2\/posts\/634140\/revisions"}],"wp:featuredmedia":[{"embeddable":true,"href":"https:\/\/www.europesays.com\/fr\/wp-json\/wp\/v2\/media\/634141"}],"wp:attachment":[{"href":"https:\/\/www.europesays.com\/fr\/wp-json\/wp\/v2\/media?parent=634140"}],"wp:term":[{"taxonomy":"category","embeddable":true,"href":"https:\/\/www.europesays.com\/fr\/wp-json\/wp\/v2\/categories?post=634140"},{"taxonomy":"post_tag","embeddable":true,"href":"https:\/\/www.europesays.com\/fr\/wp-json\/wp\/v2\/tags?post=634140"}],"curies":[{"name":"wp","href":"https:\/\/api.w.org\/{rel}","templated":true}]}}