{"id":634148,"date":"2026-01-01T12:00:21","date_gmt":"2026-01-01T12:00:21","guid":{"rendered":"https:\/\/www.europesays.com\/fr\/634148\/"},"modified":"2026-01-01T12:00:21","modified_gmt":"2026-01-01T12:00:21","slug":"aap-rocky-va-payer-le-loyer-des-habitants-de-limmeuble-de-sa-jeunesse-a-harlem","status":"publish","type":"post","link":"https:\/\/www.europesays.com\/fr\/634148\/","title":{"rendered":"A$AP Rocky va payer le loyer des habitants de l&rsquo;immeuble de sa jeunesse \u00e0 Harlem"},"content":{"rendered":"<p itemprop=\"description\"><strong>Quand on parle de rendre un peu \u00e0 la communaut\u00e9 ce qu&rsquo;elle nous a donn\u00e9, A$AP Rocky a visiblement bien compris le message, avec ce beau geste pour les habitants d&rsquo;Harlem. Et c&rsquo;est aussi une belle promo pour son album \u00ab\u00a0Don&rsquo;t Be Dumb\u00a0\u00bb.<\/strong><\/p>\n<p>Il y a <strong>quelque chose de tr\u00e8s curieux \u00e0 observer dans le rap US<\/strong>, c&rsquo;est la mani\u00e8re dont <strong>certains rappeurs arrivent \u00e0 manier en m\u00eame temps le marketing, la promotion de leur musique, avec de l&rsquo;engagement politique sans passer pour des guignols<\/strong>. Evidemment, \u00e7a ne vaut pas pour tous, certains passent pour des guignols, en se contredisant, mais heureusement la culture politique des am\u00e9ricains est superficielle. En tout cas,\u00a0<a href=\"https:\/\/generations.fr\/news\/coulisse\/80632\/a-ap-ferg-devoile-les-vraies-raisons-de-la-rivalite-et-du-clash-entre-drake-kendrick-lamar-et-a-ap-rocky\" target=\"_blank\" rel=\"noopener\"><strong>A$AP Rocky<\/strong><\/a> <strong>vient de d\u00e9montrer qu&rsquo;on peut parfaitement combiner tout \u00e7a : il a annonc\u00e9 qu&rsquo;il allait payer le loyer de tous les habitants de son building d&rsquo;enfance, \u00e0 Harlem.<\/strong><\/p>\n<p>Une<strong> belle mani\u00e8re de rendre service \u00e0 sa communaut\u00e9<\/strong>, lui qui a grandi dans un endroit assez d\u00e9favoris\u00e9. Quoiqu&rsquo;on pense de lui, <a href=\"https:\/\/generations.fr\/news\/musique\/80618\/a-ap-rocky-confirme-que-don-t-be-dumb-va-sortir-cette-annee-en-2025\" target=\"_blank\" rel=\"noopener\">A$AP Rocky<\/a> n&rsquo;a clairement pas oubli\u00e9 d&rsquo;o\u00f9 il venait, et a mis en place cette initiative, <strong>en partenariat avec la marque Bilt<\/strong>, un site internet qui vous fait gagner un peu d&rsquo;argent \u00e0 chaque fois que vous payez votre loyer ou que vous faites un achat. <strong>Dans le cadre de la promotion de <a href=\"https:\/\/generations.fr\/news\/musique\/80773\/a-ap-rocky-la-cover-de-dont-be-dumb-enfin-devoilee-rihanna-reagit\" target=\"_blank\" rel=\"noopener\">son album \u00ab\u00a0Don&rsquo;t Be Dumb\u00a0\u00bb, qui sort le 16 janvier<\/a>, il a donc annonc\u00e9 qu&rsquo;il paierait le loyer du mois de janvier de tous les habitants de l&rsquo;immeuble o\u00f9 il a grandi.\u00a0<\/strong><\/p>\n<blockquote><p>&#13;<\/p>\n<p><strong>Pour moi, tout ce que je fais a toujours \u00e9t\u00e9 d\u00e9di\u00e9 \u00e0 ma communaut\u00e9 et mon voisinage. Harlem a construit l&rsquo;homme que je suis devenu, des quartiers chics aux endroits chauds<\/strong>, et \u00eatre connect\u00e9 \u00e0 cet endroit repr\u00e9sente tout pour moi. <strong>Quand Bilt m&rsquo;a dit qu&rsquo;ils voulaient payer le loyer de tout le monde dans l&rsquo;immeuble o\u00f9 j&rsquo;ai grandi, \u00e7a m&rsquo;a vraiment touch\u00e9<\/strong>. Ce n&rsquo;est pas que du business, c&rsquo;est aussi comprendre ce que veut dire le terme \u00ab\u00a0communaut\u00e9\u00a0\u00bb.<\/p>\n<p>&#13;\n<\/p><\/blockquote>\n<p>De bien belles paroles de la part d&rsquo;A$AP Rocky, m\u00eame si \u00e9videmment,<strong> il ne faut pas non plus oublier le c\u00f4t\u00e9 promotionnel de tout \u00e7a, lui qui a un album qui sort dans deux semaines<\/strong> et qui doit donc absolument tout faire pour faire parler de lui. Mais franchement, <strong>\u00e7a nous plait plus de voir \u00e7a, plut\u00f4t que de le voir aller l\u00e9cher les bottes de Trump ou du gang MAGA comme l&rsquo;a fait Nicki Minaj r\u00e9cemment.\u00a0<\/strong><\/p>\n<p>On attend cependant son album avec impatience, car <strong>si \u00ab\u00a0Don&rsquo;t Be Dumb\u00a0\u00bb n&rsquo;est pas \u00e0 la hauteur, \u00e7a signera probablement l&rsquo;arr\u00eat officiel de sa carri\u00e8re de rappeur<\/strong>. Ceci dit, A$AP Rocky n&rsquo;a plus grand chose \u00e0 prouver, alors on lui fait confiance !<\/p>\n<blockquote class=\"instagram-media\" style=\"background: #FFF; border: 0; border-radius: 3px; box-shadow: 0 0 1px 0 rgba(0,0,0,0.5),0 1px 10px 0 rgba(0,0,0,0.15); margin: 1px; max-width: 540px; min-width: 326px; padding: 0; width: calc(100% - 2px);\" data-instgrm-captioned=\"\" data-instgrm-permalink=\"https:\/\/www.instagram.com\/p\/DSxsCR2EQCC\/?utm_source=ig_embed&amp;utm_campaign=loading\" data-instgrm-version=\"14\"><p>&#13;<br \/>\n&#13;\n<\/p><\/blockquote>\n<p>\t\t\t\t\t\t\t\t\t\t\t\t\t\t\t\t\t\t\t<script async src=\"\/\/www.instagram.com\/embed.js\"><\/script><\/p>\n","protected":false},"excerpt":{"rendered":"Quand on parle de rendre un peu \u00e0 la communaut\u00e9 ce qu&rsquo;elle nous a donn\u00e9, A$AP Rocky a&hellip;\n","protected":false},"author":2,"featured_media":634149,"comment_status":"","ping_status":"","sticky":false,"template":"","format":"standard","meta":{"footnotes":""},"categories":[1355],"tags":[1111,67642,11,2163,58,59,1011,27,3612,3620,3606,3607,3605,3608,3617,3615,3609,1922,1361,873,12,2189,3658,1825,67643,3616,3656,67641,3619,3621,3611,3610,2955,3655],"class_list":{"0":"post-634148","1":"post","2":"type-post","3":"status-publish","4":"format-standard","5":"has-post-thumbnail","7":"category-musique","8":"tag-actu","9":"tag-actu-rap","10":"tag-actualites","11":"tag-chroniques","12":"tag-divertissement","13":"tag-entertainment","14":"tag-fr","15":"tag-france","16":"tag-freestyles","17":"tag-funk","18":"tag-generation","19":"tag-generation88-2","20":"tag-generations","21":"tag-generations88-2","22":"tag-hip-hop","23":"tag-hiphop","24":"tag-hiphopsoul","25":"tag-info","26":"tag-music","27":"tag-musique","28":"tag-news","29":"tag-photos","30":"tag-playlist","31":"tag-radio","32":"tag-radio-rap","33":"tag-rap","34":"tag-rapfr","35":"tag-rapus","36":"tag-reggae","37":"tag-rnb","38":"tag-sons","39":"tag-soul","40":"tag-videos","41":"tag-webradio"},"share_on_mastodon":{"url":"https:\/\/pubeurope.com\/@fr\/115819736510481944","error":""},"_links":{"self":[{"href":"https:\/\/www.europesays.com\/fr\/wp-json\/wp\/v2\/posts\/634148","targetHints":{"allow":["GET"]}}],"collection":[{"href":"https:\/\/www.europesays.com\/fr\/wp-json\/wp\/v2\/posts"}],"about":[{"href":"https:\/\/www.europesays.com\/fr\/wp-json\/wp\/v2\/types\/post"}],"author":[{"embeddable":true,"href":"https:\/\/www.europesays.com\/fr\/wp-json\/wp\/v2\/users\/2"}],"replies":[{"embeddable":true,"href":"https:\/\/www.europesays.com\/fr\/wp-json\/wp\/v2\/comments?post=634148"}],"version-history":[{"count":0,"href":"https:\/\/www.europesays.com\/fr\/wp-json\/wp\/v2\/posts\/634148\/revisions"}],"wp:featuredmedia":[{"embeddable":true,"href":"https:\/\/www.europesays.com\/fr\/wp-json\/wp\/v2\/media\/634149"}],"wp:attachment":[{"href":"https:\/\/www.europesays.com\/fr\/wp-json\/wp\/v2\/media?parent=634148"}],"wp:term":[{"taxonomy":"category","embeddable":true,"href":"https:\/\/www.europesays.com\/fr\/wp-json\/wp\/v2\/categories?post=634148"},{"taxonomy":"post_tag","embeddable":true,"href":"https:\/\/www.europesays.com\/fr\/wp-json\/wp\/v2\/tags?post=634148"}],"curies":[{"name":"wp","href":"https:\/\/api.w.org\/{rel}","templated":true}]}}