{"id":634152,"date":"2026-01-01T12:02:09","date_gmt":"2026-01-01T12:02:09","guid":{"rendered":"https:\/\/www.europesays.com\/fr\/634152\/"},"modified":"2026-01-01T12:02:09","modified_gmt":"2026-01-01T12:02:09","slug":"des-le-1er-janvier-2026-les-consultations-chez-ces-medecins-vont-couter-plus-cher","status":"publish","type":"post","link":"https:\/\/www.europesays.com\/fr\/634152\/","title":{"rendered":"D\u00e8s le 1er janvier 2026, les consultations chez ces m\u00e9decins vont co\u00fbter plus cher"},"content":{"rendered":"<p>Par <a class=\"author_recette\" id=\"author_name\" href=\"https:\/\/www.nextplz.fr\/auteur\/valentin\" target=\"_blank\" rel=\"noopener\">Valentin<br \/>\nGr\u00e9goire<\/a> &#8211;<br \/>\nPubli\u00e9 le 01 Jan 2026 \u00e0<br \/>\n10:00<\/p>\n<p class=\"article-intro excerpt\">En 2026, certains rendez-vous<br \/>\nm\u00e9dicaux co\u00fbteront un peu plus cher qu\u2019aujourd\u2019hui. \u00c0 partir du 1er<br \/>\njanvier, plusieurs consultations chez des sp\u00e9cialistes lib\u00e9raux<br \/>\nseront revaloris\u00e9es, notamment pour les enfants, les femmes, les<br \/>\nseniors et la sant\u00e9 mentale.<\/p>\n<p>Parents, futures mamans, grands-parents : le passage \u00e0 2026 ne<br \/>\nse fera pas au m\u00eame prix dans les salles d\u2019attente. Au <strong>1er<br \/>\njanvier 2026<\/strong>, plusieurs sp\u00e9cialistes lib\u00e9raux verront<br \/>\nleurs <strong>tarifs de consultation<\/strong> augmenter, dans un<br \/>\ncontexte de tension sur les comptes de l\u2019Assurance Maladie, sans<br \/>\nque les patients aient forc\u00e9ment anticip\u00e9 ces changements.<\/p>\n<p>Ces hausses s\u2019inscrivent dans la convention m\u00e9dicale 2024\u20112029,<br \/>\nn\u00e9goci\u00e9e avec les syndicats, et initialement programm\u00e9es au 1er<br \/>\njuillet 2025 avant d\u2019\u00eatre d\u00e9cal\u00e9es. Elles ciblent les suivis des<br \/>\nenfants, des jeunes, des femmes, des personnes \u00e2g\u00e9es et de la sant\u00e9<br \/>\nmentale, avec des revalorisations de 1 \u00e0 6 euros selon la<br \/>\nsp\u00e9cialit\u00e9, laissant une question simple : combien co\u00fbtera<br \/>\nr\u00e9ellement le prochain rendez-vous ?<\/p>\n<p>Pourquoi les tarifs des sp\u00e9cialistes augmentent en 2026<\/p>\n<p>L\u2019objectif officiel affich\u00e9 par l\u2019Assurance Maladie est de mieux<br \/>\nr\u00e9mun\u00e9rer la prise en charge des publics jug\u00e9s prioritaires :<br \/>\nenfants, jeunes adultes, femmes, seniors, patients souffrant de<br \/>\ntroubles psychiques ou de maladies chroniques. Ces revalorisations<br \/>\ns\u2019ajoutent \u00e0 un investissement annonc\u00e9 de 340 millions d\u2019euros en<br \/>\n2026 pour la m\u00e9decine de ville, afin de rendre certaines<br \/>\nsp\u00e9cialit\u00e9s plus attractives.<\/p>\n<p>Dans ce cadre, la r\u00e9mun\u00e9ration des m\u00e9decins traitants \u00e9volue<br \/>\naussi : \u00ab\u00a0L\u00a0\u00bbAssurance maladie versera d\u00e9sormais aux m\u00e9decins<br \/>\ntraitants un \u00ab\u00a0forfait unique\u00a0\u00bb, une r\u00e9mun\u00e9ration annuelle pour<br \/>\nchaque patient suivi, qui est calibr\u00e9e selon son \u00e2ge, son \u00e9tat de<br \/>\nsant\u00e9, et le cas \u00e9ch\u00e9ant, sa situation de pr\u00e9carit\u00e9\u00a0\u00bb, a indiqu\u00e9<br \/>\nl\u2019Assurance maladie, cit\u00e9e par Le Figaro. Le montant socle va de 5<br \/>\n\u20ac par patient de 7 \u00e0 74 ans \u00e0 100 \u20ac pour un patient en affection de<br \/>\nlongue dur\u00e9e de plus de 80 ans, compl\u00e9t\u00e9 par des bonus de<br \/>\npr\u00e9vention de 5 \u20ac par acte (vaccination antigrippale,<br \/>\nmammographie\u2026).<\/p>\n<p>Les sp\u00e9cialistes dont les consultations augmentent au 1er<br \/>\njanvier 2026<\/p>\n<p>Huit sp\u00e9cialit\u00e9s lib\u00e9rales de secteur 1 ou en OPTAM sont en<br \/>\npremi\u00e8re ligne. Pour les enfants, la consultation de p\u00e9diatrie<br \/>\navant 2 ans passe \u00e0 40 \u20ac, les examens obligatoires sans certificat<br \/>\nmontent \u00e0 50 \u20ac (soit +5 \u20ac) et ceux avec certificat, tout comme une<br \/>\nnouvelle consultation de recours sur adressage de 0 \u00e0 16 ans, sont<br \/>\nfactur\u00e9s 60 \u20ac. En sant\u00e9 mentale, la consultation coordonn\u00e9e de<br \/>\nr\u00e9f\u00e9rence en psychiatrie grimpe \u00e0 57 \u20ac, la majoration pour les<br \/>\nmoins de 25 ans passe de 12 \u00e0 18 \u20ac, portant la consultation de<br \/>\nsuivi des jeunes \u00e0 75 \u20ac.<\/p>\n<p>Les autres sp\u00e9cialit\u00e9s concern\u00e9es voient \u00e9galement leurs<br \/>\nmontants \u00e9voluer :<\/p>\n<ul>\n<li><strong>G\u00e9riatrie<\/strong> : consultation port\u00e9e de 37 \u00e0 42 \u20ac,<br \/>\navec trois consultations longues \u00e0 60 \u20ac pour les plus de 80 ans<br \/>\n(retour d\u2019hospitalisation, dossier d\u2019aide \u00e0 domicile, r\u00e9vision des<br \/>\ntraitements).<\/li>\n<li><strong>Gyn\u00e9cologie m\u00e9dicale<\/strong> : consultation coordonn\u00e9e<br \/>\n\u00e0 40 \u20ac.<\/li>\n<li><strong>Dermatologie<\/strong> : consultation de d\u00e9pistage du<br \/>\nm\u00e9lanome factur\u00e9e 60 \u20ac.<\/li>\n<li><strong>Endocrinologie<\/strong> : consultation tr\u00e8s complexe<br \/>\npour diab\u00e8te ou troubles hormonaux \u00e0 62 \u20ac.<\/li>\n<li><strong>Neurologie<\/strong> : consultation de r\u00e9f\u00e9rence \u00e0 52 \u20ac,<br \/>\nconsultation coordonn\u00e9e \u00e0 57 \u20ac.<\/li>\n<li><strong>M\u00e9decine physique et de r\u00e9adaptation<\/strong> :<br \/>\nconsultation \u00e0 40 \u20ac.<\/li>\n<\/ul>\n<p>Quel impact sur le reste \u00e0 charge des<br \/>\npatients<\/p>\n<p>Pour les patients suivis au tarif opposable, l\u2019Assurance Maladie<br \/>\ncontinuera \u00e0 rembourser 70 % de ces montants, le reste d\u00e9pendant de<br \/>\nla compl\u00e9mentaire sant\u00e9 et de possibles d\u00e9passements d\u2019honoraires.<br \/>\nUne consultation de g\u00e9riatrie \u00e0 42 \u20ac ou un d\u00e9pistage du m\u00e9lanome \u00e0<br \/>\n60 \u20ac p\u00e8seront donc diff\u00e9remment selon la qualit\u00e9 de la couverture<br \/>\nmutuelle et le secteur du sp\u00e9cialiste.<\/p>\n<p>L\u2019accord de 2024 \u00ab\u00a0visait selon l&rsquo;Assurance maladie \u00e0<br \/>\n\u00ab\u00a0revaloriser la m\u00e9decine lib\u00e9rale\u00a0\u00bb, am\u00e9liorer l&rsquo;acc\u00e8s aux soins et<br \/>\naugmenter la pertinence et la qualit\u00e9 de ceux-ci\u00a0\u00bb, a rappel\u00e9<br \/>\nl\u2019organisme. Reste \u00e0 voir si cette hausse cibl\u00e9e des tarifs,<br \/>\ncombin\u00e9e aux nouveaux forfaits, suffira \u00e0 am\u00e9liorer concr\u00e8tement<br \/>\nl\u2019acc\u00e8s aux p\u00e9diatres, psychiatres, g\u00e9riatres et autres<br \/>\nsp\u00e9cialistes tr\u00e8s demand\u00e9s.<\/p>\n","protected":false},"excerpt":{"rendered":"Par Valentin Gr\u00e9goire &#8211; Publi\u00e9 le 01 Jan 2026 \u00e0 10:00 En 2026, certains rendez-vous m\u00e9dicaux co\u00fbteront un&hellip;\n","protected":false},"author":2,"featured_media":634153,"comment_status":"","ping_status":"","sticky":false,"template":"","format":"standard","meta":{"footnotes":""},"categories":[10],"tags":[1011,27,72,71,65861],"class_list":{"0":"post-634152","1":"post","2":"type-post","3":"status-publish","4":"format-standard","5":"has-post-thumbnail","7":"category-sante","8":"tag-fr","9":"tag-france","10":"tag-health","11":"tag-sante","12":"tag-trend"},"share_on_mastodon":{"url":"https:\/\/pubeurope.com\/@fr\/115819744096074316","error":""},"_links":{"self":[{"href":"https:\/\/www.europesays.com\/fr\/wp-json\/wp\/v2\/posts\/634152","targetHints":{"allow":["GET"]}}],"collection":[{"href":"https:\/\/www.europesays.com\/fr\/wp-json\/wp\/v2\/posts"}],"about":[{"href":"https:\/\/www.europesays.com\/fr\/wp-json\/wp\/v2\/types\/post"}],"author":[{"embeddable":true,"href":"https:\/\/www.europesays.com\/fr\/wp-json\/wp\/v2\/users\/2"}],"replies":[{"embeddable":true,"href":"https:\/\/www.europesays.com\/fr\/wp-json\/wp\/v2\/comments?post=634152"}],"version-history":[{"count":0,"href":"https:\/\/www.europesays.com\/fr\/wp-json\/wp\/v2\/posts\/634152\/revisions"}],"wp:featuredmedia":[{"embeddable":true,"href":"https:\/\/www.europesays.com\/fr\/wp-json\/wp\/v2\/media\/634153"}],"wp:attachment":[{"href":"https:\/\/www.europesays.com\/fr\/wp-json\/wp\/v2\/media?parent=634152"}],"wp:term":[{"taxonomy":"category","embeddable":true,"href":"https:\/\/www.europesays.com\/fr\/wp-json\/wp\/v2\/categories?post=634152"},{"taxonomy":"post_tag","embeddable":true,"href":"https:\/\/www.europesays.com\/fr\/wp-json\/wp\/v2\/tags?post=634152"}],"curies":[{"name":"wp","href":"https:\/\/api.w.org\/{rel}","templated":true}]}}