{"id":634172,"date":"2026-01-01T12:21:40","date_gmt":"2026-01-01T12:21:40","guid":{"rendered":"https:\/\/www.europesays.com\/fr\/634172\/"},"modified":"2026-01-01T12:21:40","modified_gmt":"2026-01-01T12:21:40","slug":"un-robot-humanoide-en-t-shirt-surprend-les-passants-en-plein-centre-ville-de-montpellier","status":"publish","type":"post","link":"https:\/\/www.europesays.com\/fr\/634172\/","title":{"rendered":"un robot humano\u00efde en t-shirt surprend les passants en plein centre-ville de Montpellier"},"content":{"rendered":"<p>                    Par<br \/>\n        <strong><br \/>\n            <a href=\"https:\/\/actu.fr\/auteur\/lea-pippinato\" title=\"Consulter tous les articles de L\u00e9a Pippinato\" target=\"_blank\" rel=\"noopener\">L\u00e9a Pippinato<\/a><br \/>\n                    <\/strong><\/p>\n<p>        Publi\u00e9 le<\/p>\n<p>            1 janv. 2026 \u00e0 12h32        <\/p>\n<p>Les passants de Montpellier ont ralenti. Sur la place de la Com\u00e9die, un robot humano\u00efde avan\u00e7ait, saluait et se relevait seul. Il portait un t-shirt sigl\u00e9 O\u2019Permis. Les t\u00e9l\u00e9phones se sont lev\u00e9s. Les vid\u00e9os ont circul\u00e9 et la sc\u00e8ne a marqu\u00e9 les esprits.<\/p>\n<p>    <a href=\"https:\/\/www.google.com\/maps\/embed?pb=!1m18!1m12!1m3!1d23114.090373704526!2d3.8338559999999995!3d43.6011008!2m3!1f0!2f0!3f0!3m2!1i1024!2i768!4f13.1!3m3!1m2!1s0x12b6afa73c64b9ed%3A0xaa592f351e697ee8!2sPl.%20de%20la%20Com%C3%A9die%2C%2034000%20Montpellier!5e0!3m2!1sfr!2sfr!4v1767198699581!5m2!1sfr!2sfr\" title=\"Ouvrie le lien\" target=\"_blank\" rel=\"noopener\">Cliquez ici pour visualiser le contenu<\/a><\/p>\n<p class=\" wall-content\">Le robot ne s\u2019est pas limit\u00e9 \u00e0 un seul lieu : IL a d\u00e9ambul\u00e9 place de la Com\u00e9die, au Polygone, puis rue de la Loge. Partout, la r\u00e9action a \u00e9t\u00e9 la m\u00eame. Curiosit\u00e9 imm\u00e9diate, sourires, photos et partages rapides sur les r\u00e9seaux sociaux. Derri\u00e8re cette apparition, une strat\u00e9gie claire. Ilias Jemrhili, pr\u00e9sident de l\u2019auto-\u00e9cole O\u2019Permis Montpellier, assume le choix. \u00ab\u00a0Il s\u2019agissait de communiquer et surtout de promouvoir le lancement du permis moto, que nous avons commenc\u00e9 \u00e0 proposer il y a quelques semaines.\u00a0\u00bb L\u2019objectif ne laisse pas de place au doute. Le robot sert de vitrine, attire l\u2019attention et donne une visibilit\u00e9 imm\u00e9diate \u00e0 une nouvelle offre encore peu connue.<\/p>\n<p class=\" wall-content\">\n<p>Un robot pilot\u00e9 \u00e0 distance, loin de l\u2019autonomie<\/p>\n<p class=\" wall-content\">Sur le plan technique, le robot suscite \u00e9galement la curiosit\u00e9. Son mode de fonctionnement interroge, et Ilias Jemrhili tient \u00e0 lever toute ambigu\u00eft\u00e9 : \u00ab\u00a0Il ne fonctionne pas de mani\u00e8re autonome, il est enti\u00e8rement t\u00e9l\u00e9guid\u00e9. Il peut marcher, courir, saluer, s\u2019allonger et m\u00eame se relever sans aide.\u00a0\u00bb Derri\u00e8re son allure futuriste, chaque mouvement est en r\u00e9alit\u00e9 contr\u00f4l\u00e9 \u00e0 distance par un op\u00e9rateur. Une m\u00e9canique invisible pour le public, qui se laisse volontiers prendre au jeu.<\/p>\n<p class=\" wall-content\">Le robot ne fait pas partie du mat\u00e9riel de l\u2019auto-\u00e9cole. Il est fourni par un prestataire sp\u00e9cialis\u00e9. \u00ab\u00a0Il appartient \u00e0 un particulier qui l\u2019a achet\u00e9 en Chine et qui le propose \u00e0 la location \u00e0 des entreprises partout en France.\u00a0\u00bb L\u2019utilisation du robot reste exceptionnelle et rien n\u2019indique qu\u2019il fera prochainement son retour. Une hypoth\u00e8se que le g\u00e9rant ne ferme toutefois pas totalement : \u00ab\u00a0\u00c7a pourrait m\u2019int\u00e9resser de le refaire sortir avant l\u2019\u00e9t\u00e9, mais rien n\u2019est d\u00e9cid\u00e9.\u00a0\u00bb Le t-shirt O\u2019Permis pourrait donc r\u00e9appara\u00eetre sur cette silhouette m\u00e9tallique insolite\u2026<\/p>\n<p class=\" wall-content\">Personnalisez votre actualit\u00e9 en ajoutant vos villes et m\u00e9dias en favori avec <a href=\"https:\/\/moncompte.actu.fr\" title=\"D\u00e9couvez Mon Actu\" rel=\"nofollow noopener\" data-trk=\"{&quot;cta&quot;:{&quot;action&quot;:&quot;https:\\\/\\\/moncompte.actu.fr&quot;,&quot;category&quot;:&quot;mon compte&quot;,&quot;from&quot;:&quot;article footer&quot;,&quot;name&quot;:&quot;Mon actu&quot;,&quot;type&quot;:&quot;cta&quot;}}\" target=\"_blank\">Mon Actu<\/a>.<\/p>\n","protected":false},"excerpt":{"rendered":"Par L\u00e9a Pippinato Publi\u00e9 le 1 janv. 2026 \u00e0 12h32 Les passants de Montpellier ont ralenti. Sur la&hellip;\n","protected":false},"author":2,"featured_media":634173,"comment_status":"","ping_status":"","sticky":false,"template":"","format":"standard","meta":{"footnotes":""},"categories":[9599],"tags":[1111,11,1777,674,1011,27,1757,2208,12,2680,5007,25,938],"class_list":{"0":"post-634172","1":"post","2":"type-post","3":"status-publish","4":"format-standard","5":"has-post-thumbnail","7":"category-montpellier","8":"tag-actu","9":"tag-actualites","10":"tag-eu","11":"tag-europe","12":"tag-fr","13":"tag-france","14":"tag-insolite","15":"tag-montpellier","16":"tag-news","17":"tag-occitanie","18":"tag-permis-de-conduire","19":"tag-republique-francaise","20":"tag-reseaux-sociaux"},"share_on_mastodon":{"url":"https:\/\/pubeurope.com\/@fr\/115819818775957669","error":""},"_links":{"self":[{"href":"https:\/\/www.europesays.com\/fr\/wp-json\/wp\/v2\/posts\/634172","targetHints":{"allow":["GET"]}}],"collection":[{"href":"https:\/\/www.europesays.com\/fr\/wp-json\/wp\/v2\/posts"}],"about":[{"href":"https:\/\/www.europesays.com\/fr\/wp-json\/wp\/v2\/types\/post"}],"author":[{"embeddable":true,"href":"https:\/\/www.europesays.com\/fr\/wp-json\/wp\/v2\/users\/2"}],"replies":[{"embeddable":true,"href":"https:\/\/www.europesays.com\/fr\/wp-json\/wp\/v2\/comments?post=634172"}],"version-history":[{"count":0,"href":"https:\/\/www.europesays.com\/fr\/wp-json\/wp\/v2\/posts\/634172\/revisions"}],"wp:featuredmedia":[{"embeddable":true,"href":"https:\/\/www.europesays.com\/fr\/wp-json\/wp\/v2\/media\/634173"}],"wp:attachment":[{"href":"https:\/\/www.europesays.com\/fr\/wp-json\/wp\/v2\/media?parent=634172"}],"wp:term":[{"taxonomy":"category","embeddable":true,"href":"https:\/\/www.europesays.com\/fr\/wp-json\/wp\/v2\/categories?post=634172"},{"taxonomy":"post_tag","embeddable":true,"href":"https:\/\/www.europesays.com\/fr\/wp-json\/wp\/v2\/tags?post=634172"}],"curies":[{"name":"wp","href":"https:\/\/api.w.org\/{rel}","templated":true}]}}