{"id":634174,"date":"2026-01-01T12:23:18","date_gmt":"2026-01-01T12:23:18","guid":{"rendered":"https:\/\/www.europesays.com\/fr\/634174\/"},"modified":"2026-01-01T12:23:18","modified_gmt":"2026-01-01T12:23:18","slug":"montpellier-previsions-meteo-du-jeudi-01-janvier-2026","status":"publish","type":"post","link":"https:\/\/www.europesays.com\/fr\/634174\/","title":{"rendered":"Montpellier : pr\u00e9visions m\u00e9t\u00e9o du jeudi 01 janvier 2026"},"content":{"rendered":"<p>\u00c0 Montpellier, la journ\u00e9e du jeudi 1er janvier 2026 d\u00e9bute par un froid vif sous un ciel clair, avant de se couvrir l\u2019apr\u00e8s-midi avec une douceur relative. Le soir retrouve un ciel d\u00e9gag\u00e9 et des temp\u00e9ratures fra\u00eeches, tandis que le brouillard est attendu pour demain.<\/p>\n<p>    Matin : gel\u00e9e s\u00e8che et ciel limpide<\/p>\n<p>Le soleil se l\u00e8ve \u00e0 08 h 17. D\u00e8s l\u2019aurore, Montpellier s\u2019\u00e9veille sous un ciel parfaitement d\u00e9gag\u00e9.<\/p>\n<ul>\n<li><b>-3 \u00b0C<\/b> au lever du jour, ressenti <b>-6 \u00b0C<\/b>.<\/li>\n<li>Humidit\u00e9 94 %, air satur\u00e9.<\/li>\n<li>Pression 1019 hPa, situation stable.<\/li>\n<li>Brise nord-ouest 5 km\/h.<\/li>\n<\/ul>\n<p>Ces temp\u00e9ratures n\u00e9gatives favorisent la formation de givre sur les trottoirs. Il est conseill\u00e9 de limiter l\u2019usage des deux-roues t\u00f4t le matin et de privil\u00e9gier des gants isolants pour les d\u00e9placements \u00e0 pied.<\/p>\n<p>Si ces gel\u00e9es sont habituelles pour un premier janvier, elles s\u2019inscrivent cependant dans une tendance globale \u00e0 la baisse des nuits froides observ\u00e9e depuis trente ans, selon Copernicus.<\/p>\n<p>Apr\u00e8s-midi : plafonds bas mais douceur relative<\/p>\n<p>\u00c0 partir de midi et jusqu\u2019en milieu d\u2019apr\u00e8s-midi, le ciel se couvre nettement : la n\u00e9bulosit\u00e9 s\u2019impose, mais sans menace d\u2019averse.<\/p>\n<ul>\n<li>Temp\u00e9rature maximale : <b>7 \u00b0C<\/b>.<\/li>\n<li>Ressenti autour de <b>3 \u00b0C<\/b>.<\/li>\n<li>Humidit\u00e9 retombe \u00e0 47 %.<\/li>\n<li>Vent nord-est 6 km\/h.<\/li>\n<\/ul>\n<p>La temp\u00e9rature grimpe de dix degr\u00e9s par rapport \u00e0 l\u2019aube, mais le ressenti reste frais en raison d\u2019un l\u00e9ger vent de nord-est.<\/p>\n<p>Les activit\u00e9s ext\u00e9rieures restent envisageables, \u00e0 condition de conserver une couche isolante et de surveiller les personnes sensibles, en particulier les seniors ou les jeunes enfants.<\/p>\n<p>La couverture nuageuse limite l\u2019ensoleillement hivernal ; la production photovolta\u00efque domestique s\u2019en trouve r\u00e9duite, un param\u00e8tre \u00e0 anticiper pour les foyers \u00e9quip\u00e9s.<\/p>\n<p>Soir : temp\u00e9rature en chute apr\u00e8s le coucher du soleil<\/p>\n<p>Apr\u00e8s 17 h 18, le soleil dispara\u00eet, laissant place \u00e0 un cr\u00e9puscule clair et calme.<\/p>\n<ul>\n<li>Temp\u00e9rature 1 \u00b0C vers 21 h.<\/li>\n<li>Ressenti n\u00e9gatif : <b>-2 \u00b0C<\/b>.<\/li>\n<li>Humidit\u00e9 encore forte : 82 %.<\/li>\n<li>Pression 1015 hPa.<\/li>\n<\/ul>\n<p>Le mercure retombe \u00e0 nouveau proche du z\u00e9ro, tandis que l\u2019humidit\u00e9 demeure \u00e9lev\u00e9e ; un brouillard localis\u00e9 pourrait se former en seconde partie de nuit.<\/p>\n<p>La prudence s\u2019impose au volant, notamment sur les axes bordant le Lez et les petites routes ombrag\u00e9es, o\u00f9 le verglas peut se manifester.<\/p>\n<p>La fra\u00eecheur incitera \u00e0 allumer le chauffage ; pensez \u00e0 a\u00e9rer cinq minutes malgr\u00e9 le froid pour \u00e9vacuer l\u2019humidit\u00e9 accumul\u00e9e.<\/p>\n<p>Tendance pour demain : brouillard attendu<\/p>\n<p>Demain, un voile de brouillard est attendu d\u00e8s l\u2019aube, avec des minimales autour de <b>-2 \u00b0C<\/b> et un ressenti de <b>-6 \u00b0C<\/b>.<\/p>\n<ul>\n<li>Maxi pr\u00e9vue : <b>6 \u00b0C<\/b>.<\/li>\n<li>Humidit\u00e9 moyenne : 83 %.<\/li>\n<li>Pression en l\u00e9g\u00e8re baisse : 1008 hPa.<\/li>\n<li>Brise nord-nord-ouest 6 km\/h.<\/li>\n<\/ul>\n<p>La baisse de pression pourrait favoriser un ciel tr\u00e8s bouch\u00e9, mais le risque de pluie demeure marginal, inf\u00e9rieur \u00e0 5 %.<\/p>\n<p>La visibilit\u00e9 pourrait chuter sous les 200 m par moments ; on anticipe alors des ralentissements sur l\u2019A709 et aux abords des \u00e9changeurs p\u00e9riurbains.<\/p>\n<p>Pour organiser vos sorties sur plusieurs jours, consultez <a href=\"https:\/\/www.meteocity.com\/france\/montpellier-v2992166\/meteo-15-jours\" target=\"_blank\" rel=\"noopener\">nos pr\u00e9visions \u00e0 quinze jours<\/a>.<\/p>\n","protected":false},"excerpt":{"rendered":"\u00c0 Montpellier, la journ\u00e9e du jeudi 1er janvier 2026 d\u00e9bute par un froid vif sous un ciel clair,&hellip;\n","protected":false},"author":2,"featured_media":634175,"comment_status":"","ping_status":"","sticky":false,"template":"","format":"standard","meta":{"footnotes":""},"categories":[9599],"tags":[1111,11,1777,674,1011,27,2208,12,2680,25],"class_list":{"0":"post-634174","1":"post","2":"type-post","3":"status-publish","4":"format-standard","5":"has-post-thumbnail","7":"category-montpellier","8":"tag-actu","9":"tag-actualites","10":"tag-eu","11":"tag-europe","12":"tag-fr","13":"tag-france","14":"tag-montpellier","15":"tag-news","16":"tag-occitanie","17":"tag-republique-francaise"},"share_on_mastodon":{"url":"https:\/\/pubeurope.com\/@fr\/115819826553890960","error":""},"_links":{"self":[{"href":"https:\/\/www.europesays.com\/fr\/wp-json\/wp\/v2\/posts\/634174","targetHints":{"allow":["GET"]}}],"collection":[{"href":"https:\/\/www.europesays.com\/fr\/wp-json\/wp\/v2\/posts"}],"about":[{"href":"https:\/\/www.europesays.com\/fr\/wp-json\/wp\/v2\/types\/post"}],"author":[{"embeddable":true,"href":"https:\/\/www.europesays.com\/fr\/wp-json\/wp\/v2\/users\/2"}],"replies":[{"embeddable":true,"href":"https:\/\/www.europesays.com\/fr\/wp-json\/wp\/v2\/comments?post=634174"}],"version-history":[{"count":0,"href":"https:\/\/www.europesays.com\/fr\/wp-json\/wp\/v2\/posts\/634174\/revisions"}],"wp:featuredmedia":[{"embeddable":true,"href":"https:\/\/www.europesays.com\/fr\/wp-json\/wp\/v2\/media\/634175"}],"wp:attachment":[{"href":"https:\/\/www.europesays.com\/fr\/wp-json\/wp\/v2\/media?parent=634174"}],"wp:term":[{"taxonomy":"category","embeddable":true,"href":"https:\/\/www.europesays.com\/fr\/wp-json\/wp\/v2\/categories?post=634174"},{"taxonomy":"post_tag","embeddable":true,"href":"https:\/\/www.europesays.com\/fr\/wp-json\/wp\/v2\/tags?post=634174"}],"curies":[{"name":"wp","href":"https:\/\/api.w.org\/{rel}","templated":true}]}}