{"id":634181,"date":"2026-01-01T12:28:10","date_gmt":"2026-01-01T12:28:10","guid":{"rendered":"https:\/\/www.europesays.com\/fr\/634181\/"},"modified":"2026-01-01T12:28:10","modified_gmt":"2026-01-01T12:28:10","slug":"a-rennes-et-dans-la-metropole-ou-jeter-et-recycler-son-sapin-de-noel","status":"publish","type":"post","link":"https:\/\/www.europesays.com\/fr\/634181\/","title":{"rendered":"\u00c0 Rennes et dans la m\u00e9tropole, o\u00f9 jeter et recycler son sapin de No\u00ebl\u00a0?"},"content":{"rendered":"<p>Les f\u00eates de fin d\u2019ann\u00e9e touchant \u00e0 leur fin, les sapins de No\u00ebl vont bient\u00f4t quitter les foyers. Pour \u00e9viter qu\u2019ils ne terminent dans la rue ou dans les champs, Rennes M\u00e9tropole reconduit son op\u00e9ration de collecte dans des enclos d\u00e9di\u00e9s. Ceux-ci seront install\u00e9s dans les 12 quartiers rennais, \u00e0 Viasilva (\u00e0 l\u2019angle de l\u2019avenue des Champs-Blancs et de la rue Bouriande \u00e0 Cesson-S\u00e9vign\u00e9) et dans 27 autres communes de la m\u00e9tropole (Acign\u00e9, B\u00e9cherel, Betton, Cesson-S\u00e9vign\u00e9, Clayes, La Chapelle-Chauss\u00e9e, La Chapelle-Thouarault, Montgermont, Saint-Gilles, Saint-Gr\u00e9goire, Saint-Sulpice-la-For\u00eat, Thorign\u00e9-Fouillard, Vezin-le-Coquet, Bourgbarr\u00e9, Bruz, Chantepie, Chartres-de-Bretagne, Chavagne, Cintr\u00e9, Corps-Nuds, Laill\u00e9, Le Rheu, Le Verger, Nouvoitou, Pont-P\u00e9an, Saint-Jacques-de-la-Lande et Vern-sur-Seiche).<\/p>\n<p>Les enclos sont accessibles depuis le 27 d\u00e9cembre et jusqu\u2019au 29 janvier, sauf pour trois quartiers rennais (Centre, Thabor\/Alphonse-Gu\u00e9rin\/Baud Chardonnet et Bourg l\u2019Evesque\/La Touche\/Moulin du Comte), o\u00f9 la collecte est ouverte du 3 au 29 janvier.<\/p>\n<p>La M\u00e9tropole pr\u00e9cise que seuls les sapins naturels sont accept\u00e9s, \u00ab sans neige, sans d\u00e9coration, sans sac \u00bb. Les arbres collect\u00e9s seront broy\u00e9s pour \u00eatre utilis\u00e9s comme ressources v\u00e9g\u00e9tales par les services m\u00e9tropolitains au sein des aires de compostage partag\u00e9es par exemple.<\/p>\n","protected":false},"excerpt":{"rendered":"Les f\u00eates de fin d\u2019ann\u00e9e touchant \u00e0 leur fin, les sapins de No\u00ebl vont bient\u00f4t quitter les foyers.&hellip;\n","protected":false},"author":2,"featured_media":634182,"comment_status":"","ping_status":"","sticky":false,"template":"","format":"standard","meta":{"footnotes":""},"categories":[2821],"tags":[1111,11,829,1777,674,1011,27,848,12,15830,584,25],"class_list":{"0":"post-634181","1":"post","2":"type-post","3":"status-publish","4":"format-standard","5":"has-post-thumbnail","7":"category-rennes","8":"tag-actu","9":"tag-actualites","10":"tag-bretagne","11":"tag-eu","12":"tag-europe","13":"tag-fr","14":"tag-france","15":"tag-ille-et-vilaine","16":"tag-news","17":"tag-noel","18":"tag-rennes","19":"tag-republique-francaise"},"share_on_mastodon":{"url":"https:\/\/pubeurope.com\/@fr\/115819846567423436","error":""},"_links":{"self":[{"href":"https:\/\/www.europesays.com\/fr\/wp-json\/wp\/v2\/posts\/634181","targetHints":{"allow":["GET"]}}],"collection":[{"href":"https:\/\/www.europesays.com\/fr\/wp-json\/wp\/v2\/posts"}],"about":[{"href":"https:\/\/www.europesays.com\/fr\/wp-json\/wp\/v2\/types\/post"}],"author":[{"embeddable":true,"href":"https:\/\/www.europesays.com\/fr\/wp-json\/wp\/v2\/users\/2"}],"replies":[{"embeddable":true,"href":"https:\/\/www.europesays.com\/fr\/wp-json\/wp\/v2\/comments?post=634181"}],"version-history":[{"count":0,"href":"https:\/\/www.europesays.com\/fr\/wp-json\/wp\/v2\/posts\/634181\/revisions"}],"wp:featuredmedia":[{"embeddable":true,"href":"https:\/\/www.europesays.com\/fr\/wp-json\/wp\/v2\/media\/634182"}],"wp:attachment":[{"href":"https:\/\/www.europesays.com\/fr\/wp-json\/wp\/v2\/media?parent=634181"}],"wp:term":[{"taxonomy":"category","embeddable":true,"href":"https:\/\/www.europesays.com\/fr\/wp-json\/wp\/v2\/categories?post=634181"},{"taxonomy":"post_tag","embeddable":true,"href":"https:\/\/www.europesays.com\/fr\/wp-json\/wp\/v2\/tags?post=634181"}],"curies":[{"name":"wp","href":"https:\/\/api.w.org\/{rel}","templated":true}]}}