{"id":634183,"date":"2026-01-01T12:29:35","date_gmt":"2026-01-01T12:29:35","guid":{"rendered":"https:\/\/www.europesays.com\/fr\/634183\/"},"modified":"2026-01-01T12:29:35","modified_gmt":"2026-01-01T12:29:35","slug":"pour-quelle-raison-des-milliers-de-rennes-sont-ils-tues-dans-ce-pays-nordique-depuis-plusieurs-annees","status":"publish","type":"post","link":"https:\/\/www.europesays.com\/fr\/634183\/","title":{"rendered":"Pour quelle raison des milliers de rennes sont-ils tu\u00e9s dans ce pays nordique, depuis plusieurs ann\u00e9es\u00a0?"},"content":{"rendered":"<p>\n                                                                En Laponie finlandaise, les \u00e9leveurs de rennes font face \u00e0 une augmentation inhabituelle des attaques de loups, principalement venus du c\u00f4t\u00e9 russe de la fronti\u00e8re. Cette situation, li\u00e9e indirectement \u00e0 la guerre en Ukraine, menace les troupeaux et bouleverse l\u2019\u00e9quilibre \u00e9conomique et culturel des communaut\u00e9s locales, notamment les populations autochtones S\u00e1mi.\n                            <\/p>\n<p>Depuis 2022, la guerre en Ukraine a des cons\u00e9quences inattendues jusque dans le Grand Nord europ\u00e9en. Une situation surprenante touche aujourd\u2019hui les r\u00e9gions arctiques de Finlande, o\u00f9 les \u00e9leveurs de rennes constatent une hausse significative des attaques de loups, qui semblent venir du c\u00f4t\u00e9 russe de la fronti\u00e8re. Cette dynamique bouleverse l\u2019\u00e9quilibre naturel et les activit\u00e9s traditionnelles dans cette r\u00e9gion isol\u00e9e.<\/p>\n<p>Une forte augmentation des attaques de loups<\/p>\n<p>Les \u00e9leveurs finlandais ont observ\u00e9 une augmentation du nombre de rennes tu\u00e9s ou attaqu\u00e9s par des loups depuis le d\u00e9but du conflit. Selon l\u2019Institut finlandais des ressources naturelles, la population de loups a augment\u00e9 de mani\u00e8re significative en 2025, entra\u00eenant une hausse d\u2019environ 70\u00a0% du nombre de rennes d\u00e9vor\u00e9s par rapport \u00e0 l\u2019ann\u00e9e pr\u00e9c\u00e9dente. Pour les communaut\u00e9s rurales du Grand Nord, ce ph\u00e9nom\u00e8ne n\u2019est pas anodin\u00a0: l\u2019\u00e9levage du renne constitue un pilier \u00e9conomique et culturel majeur. Les rennes sont essentiels non seulement \u00e0 l\u2019\u00e9conomie locale, mais aussi \u00e0 l\u2019identit\u00e9 culturelle des \u00e9leveurs, qui voient leurs animaux non seulement comme des ressources, mais aussi comme une part vivante de leur h\u00e9ritage.<\/p>\n<p>La guerre en Ukraine, facteur d\u00e9clencheur\u00a0?<\/p>\n<p>Si l\u2019on s\u2019interroge sur les causes de cette explosion de pr\u00e9dation, une hypoth\u00e8se revient souvent\u00a0: la mobilisation russe pour la guerre en Ukraine a contribu\u00e9 \u00e0 r\u00e9duire la chasse aux loups dans les zones frontali\u00e8res, principalement en Russie. Cette diminution de la chasse aurait permis aux populations de loups de prolif\u00e9rer, certains traversants ensuite la fronti\u00e8re naturelle vers la Finlande pour chasser les troupeaux de rennes.<\/p>\n<p>Les chercheurs sp\u00e9cialis\u00e9s en biologie animale soulignent que les activit\u00e9s de r\u00e9gulation des populations de pr\u00e9dateurs ont fortement diminu\u00e9 dans certaines r\u00e9gions rurales russes, car de nombreux chasseurs locaux ont quitt\u00e9 leurs territoires pour rejoindre les efforts militaires ou ont \u00e9t\u00e9 mobilis\u00e9s ailleurs. Un ph\u00e9nom\u00e8ne qui intervient dans un contexte o\u00f9 le gouvernement \u00e0 proposer un projet de loi favorisant la chasse des loups en Finlande, sous certaines conditions.<\/p>\n<p>Ces deux \u00e9v\u00e8nements viennent donc bouleverser la loi mise en place en 1973 pour la protection de cet animal.<\/p>\n","protected":false},"excerpt":{"rendered":"En Laponie finlandaise, les \u00e9leveurs de rennes font face \u00e0 une augmentation inhabituelle des attaques de loups, principalement&hellip;\n","protected":false},"author":2,"featured_media":634184,"comment_status":"","ping_status":"","sticky":false,"template":"","format":"standard","meta":{"footnotes":""},"categories":[2821],"tags":[1111,11,829,74247,1777,674,1011,27,12,584,25],"class_list":{"0":"post-634183","1":"post","2":"type-post","3":"status-publish","4":"format-standard","5":"has-post-thumbnail","7":"category-rennes","8":"tag-actu","9":"tag-actualites","10":"tag-bretagne","11":"tag-chasse-pu00eache","12":"tag-eu","13":"tag-europe","14":"tag-fr","15":"tag-france","16":"tag-news","17":"tag-rennes","18":"tag-republique-francaise"},"share_on_mastodon":{"url":"https:\/\/pubeurope.com\/@fr\/115819850146900298","error":""},"_links":{"self":[{"href":"https:\/\/www.europesays.com\/fr\/wp-json\/wp\/v2\/posts\/634183","targetHints":{"allow":["GET"]}}],"collection":[{"href":"https:\/\/www.europesays.com\/fr\/wp-json\/wp\/v2\/posts"}],"about":[{"href":"https:\/\/www.europesays.com\/fr\/wp-json\/wp\/v2\/types\/post"}],"author":[{"embeddable":true,"href":"https:\/\/www.europesays.com\/fr\/wp-json\/wp\/v2\/users\/2"}],"replies":[{"embeddable":true,"href":"https:\/\/www.europesays.com\/fr\/wp-json\/wp\/v2\/comments?post=634183"}],"version-history":[{"count":0,"href":"https:\/\/www.europesays.com\/fr\/wp-json\/wp\/v2\/posts\/634183\/revisions"}],"wp:featuredmedia":[{"embeddable":true,"href":"https:\/\/www.europesays.com\/fr\/wp-json\/wp\/v2\/media\/634184"}],"wp:attachment":[{"href":"https:\/\/www.europesays.com\/fr\/wp-json\/wp\/v2\/media?parent=634183"}],"wp:term":[{"taxonomy":"category","embeddable":true,"href":"https:\/\/www.europesays.com\/fr\/wp-json\/wp\/v2\/categories?post=634183"},{"taxonomy":"post_tag","embeddable":true,"href":"https:\/\/www.europesays.com\/fr\/wp-json\/wp\/v2\/tags?post=634183"}],"curies":[{"name":"wp","href":"https:\/\/api.w.org\/{rel}","templated":true}]}}