{"id":63419,"date":"2025-04-30T03:51:11","date_gmt":"2025-04-30T03:51:11","guid":{"rendered":"https:\/\/www.europesays.com\/fr\/63419\/"},"modified":"2025-04-30T03:51:11","modified_gmt":"2025-04-30T03:51:11","slug":"cyril-hanouna-dement-preparer-une-candidature-presidentielle-liberation","status":"publish","type":"post","link":"https:\/\/www.europesays.com\/fr\/63419\/","title":{"rendered":"Cyril Hanouna d\u00e9ment pr\u00e9parer une candidature pr\u00e9sidentielle \u2013 Lib\u00e9ration"},"content":{"rendered":"<p class=\"sc-ksZaOG ehjQrN text-element\">Il a fallu attendre pr\u00e8s d\u2019une heure et demie d\u2019\u00e9mission pour qu\u2019il se prononce. Apr\u00e8s la publication de la une du prochain num\u00e9ro de Valeurs actuelles, qui l\u2019annon\u00e7ait candidat \u00e0 l\u2019\u00e9lection pr\u00e9sidentielle de 2027, Cyril Hanouna a d\u00e9voil\u00e9, ce mardi 29 avril, qu\u2019il s\u2019agissait d\u2019un coup mont\u00e9. L\u2019animateur d\u2019On marche sur la t\u00eate, sur Europe 1, avait fait monter le suspense lundi, affirmant qu\u2019il dirait toute la v\u00e9rit\u00e9 sur les r\u00e9v\u00e9lations publi\u00e9es par l\u2019hebdomadaire d\u2019extr\u00eame droite le lendemain.<\/p>\n<p class=\"sc-ksZaOG ehjQrN text-element\">Chose faite apr\u00e8s de tr\u00e8s longues minutes d\u2019antenne quand <a href=\"https:\/\/www.liberation.fr\/economie\/medias\/ce-nest-quun-au-revoir-en-partance-pour-le-groupe-m6-cyril-hanouna-rend-lantenne-de-tpmp-20250327_2JLOS7EGMJFYDCLLQKW52GAVNQ\/\" target=\"_blank\" rel=\"noopener\" title=\"https:\/\/www.liberation.fr\/economie\/medias\/ce-nest-quun-au-revoir-en-partance-pour-le-groupe-m6-cyril-hanouna-rend-lantenne-de-tpmp-20250327_2JLOS7EGMJFYDCLLQKW52GAVNQ\/\">l\u2019ancien animateur de Touche pas \u00e0 mon poste<\/a> a fini par affirmer qu\u2019il s\u2019agissait d\u2019un canular. \u00abEdouard Lavoll\u00e9 [le journaliste auteur de l\u2019article, ndlr] a fait un excellent travail [mais] je vais vous dire comment faire un excellent prank [une blague]\u00bb, a d\u2019abord lanc\u00e9 Cyril Hanouna. \u00abVous envoyez des mails \u00e0 une trentaine de personnes, vous \u00eates s\u00fbr qu\u2019il y a au moins deux tra\u00eetres qui vont les envoyer \u00e0 des journalistes. Vous laissez infuser et cela ne va servir qu\u2019\u00e0 une seule chose : faire de la pub pour n<\/p>\n","protected":false},"excerpt":{"rendered":"Il a fallu attendre pr\u00e8s d\u2019une heure et demie d\u2019\u00e9mission pour qu\u2019il se prononce. Apr\u00e8s la publication de&hellip;\n","protected":false},"author":2,"featured_media":63420,"comment_status":"","ping_status":"","sticky":false,"template":"","format":"standard","meta":{"footnotes":""},"categories":[2],"tags":[11,1083,1473,1076,1011,27,12,25],"class_list":{"0":"post-63419","1":"post","2":"type-post","3":"status-publish","4":"format-standard","5":"has-post-thumbnail","7":"category-actualites","8":"tag-actualites","9":"tag-cyril-hanouna","10":"tag-europe-1","11":"tag-extreme-droite","12":"tag-fr","13":"tag-france","14":"tag-news","15":"tag-republique-francaise"},"share_on_mastodon":{"url":"https:\/\/pubeurope.com\/@fr\/114424884963922535","error":""},"_links":{"self":[{"href":"https:\/\/www.europesays.com\/fr\/wp-json\/wp\/v2\/posts\/63419","targetHints":{"allow":["GET"]}}],"collection":[{"href":"https:\/\/www.europesays.com\/fr\/wp-json\/wp\/v2\/posts"}],"about":[{"href":"https:\/\/www.europesays.com\/fr\/wp-json\/wp\/v2\/types\/post"}],"author":[{"embeddable":true,"href":"https:\/\/www.europesays.com\/fr\/wp-json\/wp\/v2\/users\/2"}],"replies":[{"embeddable":true,"href":"https:\/\/www.europesays.com\/fr\/wp-json\/wp\/v2\/comments?post=63419"}],"version-history":[{"count":0,"href":"https:\/\/www.europesays.com\/fr\/wp-json\/wp\/v2\/posts\/63419\/revisions"}],"wp:featuredmedia":[{"embeddable":true,"href":"https:\/\/www.europesays.com\/fr\/wp-json\/wp\/v2\/media\/63420"}],"wp:attachment":[{"href":"https:\/\/www.europesays.com\/fr\/wp-json\/wp\/v2\/media?parent=63419"}],"wp:term":[{"taxonomy":"category","embeddable":true,"href":"https:\/\/www.europesays.com\/fr\/wp-json\/wp\/v2\/categories?post=63419"},{"taxonomy":"post_tag","embeddable":true,"href":"https:\/\/www.europesays.com\/fr\/wp-json\/wp\/v2\/tags?post=63419"}],"curies":[{"name":"wp","href":"https:\/\/api.w.org\/{rel}","templated":true}]}}