{"id":634193,"date":"2026-01-01T12:39:36","date_gmt":"2026-01-01T12:39:36","guid":{"rendered":"https:\/\/www.europesays.com\/fr\/634193\/"},"modified":"2026-01-01T12:39:36","modified_gmt":"2026-01-01T12:39:36","slug":"blonde-venus-la-fin-dun-lieu-culturel-hybride-a-bordeaux","status":"publish","type":"post","link":"https:\/\/www.europesays.com\/fr\/634193\/","title":{"rendered":"Blonde Venus, la fin d\u2019un lieu culturel hybride \u00e0 Bordeaux"},"content":{"rendered":"<p class=\"wp-block-post-excerpt__excerpt\">Le 31 d\u00e9cembre, Blonde Venus fermera ses portes. Cinq ans apr\u00e8s son ouverture, le chapiteau li\u00e9 \u00e0 l\u2019I.Boat succombe \u00e0 des contraintes \u00e9conomiques, r\u00e9glementaires et de voisinage, r\u00e9v\u00e9lant la fragilit\u00e9 des lieux culturels ind\u00e9pendants. <\/p>\n<p><a href=\"https:\/\/rue89bordeaux.com\/category\/actualite\/\" rel=\"tag noopener\" target=\"_blank\">Actualit\u00e9<\/a>, <a href=\"https:\/\/rue89bordeaux.com\/category\/kiosque-abonne\/\" rel=\"tag noopener\" target=\"_blank\">\u00c9dition abonn\u00e9s<\/a><\/p>\n<p>Walid Salem<\/p>\n<p>Publi\u00e9 le 28 d\u00e9cembre 2025\u00a0\u00a0\u00b7\u00a0\u00a0<\/p>\n<p>Imprim\u00e9 le 1er janvier 2026 \u00e0 13h39\u00a0\u00a0\u00b7\u00a0\u00a0<\/p>\n<p>\t\t\t\t\t3\u00a0minutes\n<\/p>\n<p>Un atelier de maquillage drag, une pi\u00e8ce de th\u00e9\u00e2tre du Collectif Os\u2019O, un concert de Derya Yildirim &amp; Grup \u015eim\u015fek\u2026 ou encore le festival Menthalo d\u00e9di\u00e9 \u00e0 la sant\u00e9 mentale, Blonde Venus est un lieu hybride et hors norme. Ce chapiteau, install\u00e9 sur la dalle Pertuis aux Bassins \u00e0 flot \u00e0 Bordeaux depuis 5 ans, va conna\u00eetre <a href=\"https:\/\/iboat.eu\/agenda\/last-dance-retro-futur-disco-derniere-danse-a-blonde-venus\" target=\"_blank\" rel=\"noreferrer noopener\">ses derni\u00e8res animations dans la nuit du 31 d\u00e9cembre 2025<\/a> ; un r\u00e9veillon qui va marquer la fermeture d\u00e9finitive du lieu.<\/p>\n<p>\u00ab\u00a0La d\u00e9cision de fermer est multiple\u00a0\u00bb, r\u00e9sume Beno\u00eet Gu\u00e9rinault, directeur artistique du lieu avec \u00c9lodie Antonioli \u2013 Blonde Venus \u00e9tant la propri\u00e9t\u00e9 de Jellyfish, soci\u00e9t\u00e9 g\u00e9r\u00e9e par Fran\u00e7ois Bidou, \u00e9galement  propri\u00e9taire de l\u2019I.Boat :<\/p>\n<blockquote class=\"wp-block-quote is-layout-flow wp-block-quote-is-layout-flow\">\n<p>\u00ab\u00a0La soci\u00e9t\u00e9 Jellyfish a \u00e9t\u00e9 plac\u00e9e en faillite. C\u2019est un projet priv\u00e9 : avec une petite \u00e9quipe et sans subventions importantes, le mod\u00e8le \u00e9conomique ne fonctionnait pas.\u00a0\u00bb<\/p>\n<\/blockquote>\n<p>Lisez la suite pour 1\u20ac<\/p>\n<p>En profitant de notre offre d\u2019essai, r\u00e9siliable en ligne \u00e0 tout moment.<\/p>\n<p><strong>Pour acc\u00e9der \u00e0 cet article, il faut \u00eatre abonn\u00e9. Pourquoi\u00a0?<\/strong><\/p>\n<p>Les informations exclusives, les enqu\u00eates et certains reportages constituent l\u2019\u00e9dition abonn\u00e9s de Rue89 Bordeaux. En tant que m\u00e9dia ind\u00e9pendant, nos ressources proviennent de nos lectrices et lecteurs abonn\u00e9s, aucun milliardaire ni groupe bancaire ne nous finance.<\/p>\n<p>Nous demandons \u00e0 nos lecteurs une faible contribution pour disposer \u00e0 Bordeaux d\u2019un m\u00e9dia critique des pouvoirs, capable d\u2019enqu\u00eater et de traiter les enjeux locaux en profondeur et dans la dur\u00e9e.<\/p>\n<p>Chaque abonnement compte. Toutes nos recettes sont investies dans un journalisme local ind\u00e9pendant, dont la force et la r\u00e9activit\u00e9 d\u00e9pend directement du nombre d\u2019abonn\u00e9s actifs.<\/p>\n<p class=\"has-text-align-right\"><strong><a href=\"https:\/\/rue89bordeaux.com\/?p=128375\" data-type=\"page\" data-id=\"0\" target=\"_blank\" rel=\"noopener\">Je m\u2019abonne\u00a0 <\/a><\/strong><\/p>\n<p>\t\t\t<a href=\"https:\/\/rue89bordeaux.com\/\" class=\"custom-logo-link\" rel=\"home noopener\" target=\"_blank\"><img loading=\"lazy\" decoding=\"async\" width=\"290\" height=\"49\" src=\"https:\/\/www.europesays.com\/fr\/wp-content\/uploads\/2026\/01\/logo.png\" class=\"custom-logo\" alt=\"Rue89Bordeaux Enqu\u00eates et informations de proximit\u00e9\"  \/><\/a><\/p>\n<p>\n\t\t\t\tAbonnez-vous maintenant pour suivre l\u2019actualit\u00e9 locale.\t\t\t<\/p>\n<p class=\"font-bold font-serif-heading mb-2 text-4xl\">\n\t\t\t\t\t\tL\u2019investigation locale \u00e0 port\u00e9e de main.\n\t\t\t\t\t<\/p>\n<p>\n\t\t\t\t\t\tAbonnez-vous et profitez d\u2019un acc\u00e8s illimit\u00e9 \u00e0 Rue89Bordeaux. Annulez quand vous voulez.\n\t\t\t\t\t<\/p>\n<p class=\"xl:text-sm\">\n\t\t\t\t\tD\u00e9j\u00e0 abonn\u00e9\u00a0?<br \/>\n\t\t\t\t\t<a class=\"border border-transparent text-center transition-colors duration-instant focus:border-info focus:rounded focus:shadow-focus cursor-pointer text-black hover:text-gray-700 active:bg-black-700 font-semibold inline-block\" href=\"https:\/\/rue89bordeaux.com\/user\/login\/?redirect=\/2025\/12\/blonde-venus-la-fin-dun-lieu-culturel-hybride-a-bordeaux\/\" target=\"_blank\" rel=\"noopener\">Connectez-vous<\/a>\t\t\t\t<\/p>\n<p>\n\t\t\t\tChoisissez votre formule\u00a0:\n\t\t\t<\/p>\n<p>\t\t\t\tFermer<\/p>\n","protected":false},"excerpt":{"rendered":"Le 31 d\u00e9cembre, Blonde Venus fermera ses portes. Cinq ans apr\u00e8s son ouverture, le chapiteau li\u00e9 \u00e0 l\u2019I.Boat&hellip;\n","protected":false},"author":2,"featured_media":634194,"comment_status":"","ping_status":"","sticky":false,"template":"","format":"standard","meta":{"footnotes":""},"categories":[2817],"tags":[1111,11,1997,1777,674,1011,27,74248,73738,12,2219,7283,25],"class_list":{"0":"post-634193","1":"post","2":"type-post","3":"status-publish","4":"format-standard","5":"has-post-thumbnail","7":"category-bordeaux","8":"tag-actu","9":"tag-actualites","10":"tag-bordeaux","11":"tag-eu","12":"tag-europe","13":"tag-fr","14":"tag-france","15":"tag-i-boat","16":"tag-la-nuit-a-bordeaux","17":"tag-news","18":"tag-nouvelle-aquitaine","19":"tag-nuisances","20":"tag-republique-francaise"},"share_on_mastodon":{"url":"https:\/\/pubeurope.com\/@fr\/115819889646527397","error":""},"_links":{"self":[{"href":"https:\/\/www.europesays.com\/fr\/wp-json\/wp\/v2\/posts\/634193","targetHints":{"allow":["GET"]}}],"collection":[{"href":"https:\/\/www.europesays.com\/fr\/wp-json\/wp\/v2\/posts"}],"about":[{"href":"https:\/\/www.europesays.com\/fr\/wp-json\/wp\/v2\/types\/post"}],"author":[{"embeddable":true,"href":"https:\/\/www.europesays.com\/fr\/wp-json\/wp\/v2\/users\/2"}],"replies":[{"embeddable":true,"href":"https:\/\/www.europesays.com\/fr\/wp-json\/wp\/v2\/comments?post=634193"}],"version-history":[{"count":0,"href":"https:\/\/www.europesays.com\/fr\/wp-json\/wp\/v2\/posts\/634193\/revisions"}],"wp:featuredmedia":[{"embeddable":true,"href":"https:\/\/www.europesays.com\/fr\/wp-json\/wp\/v2\/media\/634194"}],"wp:attachment":[{"href":"https:\/\/www.europesays.com\/fr\/wp-json\/wp\/v2\/media?parent=634193"}],"wp:term":[{"taxonomy":"category","embeddable":true,"href":"https:\/\/www.europesays.com\/fr\/wp-json\/wp\/v2\/categories?post=634193"},{"taxonomy":"post_tag","embeddable":true,"href":"https:\/\/www.europesays.com\/fr\/wp-json\/wp\/v2\/tags?post=634193"}],"curies":[{"name":"wp","href":"https:\/\/api.w.org\/{rel}","templated":true}]}}