{"id":634195,"date":"2026-01-01T12:40:13","date_gmt":"2026-01-01T12:40:13","guid":{"rendered":"https:\/\/www.europesays.com\/fr\/634195\/"},"modified":"2026-01-01T12:40:13","modified_gmt":"2026-01-01T12:40:13","slug":"extensions-du-tram-a-bordeaux-un-reseau-plus-vaste-mais-moins-fluide","status":"publish","type":"post","link":"https:\/\/www.europesays.com\/fr\/634195\/","title":{"rendered":"Extensions du tram \u00e0 Bordeaux : un r\u00e9seau plus vaste mais moins fluide"},"content":{"rendered":"<p>\t\t\t\tLa mise en route de nouvelles infrastructures est toujours un test grandeur nature. \u00c0 Bordeaux, l\u2019exp\u00e9rience TBM s\u2019av\u00e8re plus complexe que pr\u00e9vu.<br \/>\nDepuis l\u2019ouverture des nouvelles lignes, le\ud83d\udd12 <b>Pour continuer \u00e0 lire<\/b> <b>connecte-toi<\/b> ou   <b>inscris-toi<\/b> au Bulletin Bordelais\u00ae. <\/p>\n<p><a href=\"https:\/\/bulletinbordelais.eu\/step\/offre-annuelle-premium-plus\/\" style=\"color: #7401DF !important\" target=\"_blank\" rel=\"noopener\">\u2794\u00a0D\u00e9verrouiller cet article : <\/a><br \/>&#13;<br \/>\n\u2714\ufe0e Acc\u00e8de \u00e0 toutes les rubriques<br \/>&#13;<br \/>\n\u2714\ufe0e Acc\u00e8de \u00e0 toutes les enqu\u00eates et interviews<br \/>&#13;<br \/>\n\u2714\ufe0e Acc\u00e8de aux archives<br \/>&#13;<br \/>\n\u2714\ufe0e Navigue sur le journal sans publicit\u00e9<br \/>&#13;<br \/>\n\u2714\ufe0e Soutiens notre r\u00e9daction<br \/>&#13;<\/p>\n","protected":false},"excerpt":{"rendered":"La mise en route de nouvelles infrastructures est toujours un test grandeur nature. \u00c0 Bordeaux, l\u2019exp\u00e9rience TBM s\u2019av\u00e8re&hellip;\n","protected":false},"author":2,"featured_media":634196,"comment_status":"","ping_status":"","sticky":false,"template":"","format":"standard","meta":{"footnotes":""},"categories":[2817],"tags":[1111,11,1997,1777,674,1011,27,12,2219,25],"class_list":{"0":"post-634195","1":"post","2":"type-post","3":"status-publish","4":"format-standard","5":"has-post-thumbnail","7":"category-bordeaux","8":"tag-actu","9":"tag-actualites","10":"tag-bordeaux","11":"tag-eu","12":"tag-europe","13":"tag-fr","14":"tag-france","15":"tag-news","16":"tag-nouvelle-aquitaine","17":"tag-republique-francaise"},"share_on_mastodon":{"url":"https:\/\/pubeurope.com\/@fr\/115819893578302025","error":""},"_links":{"self":[{"href":"https:\/\/www.europesays.com\/fr\/wp-json\/wp\/v2\/posts\/634195","targetHints":{"allow":["GET"]}}],"collection":[{"href":"https:\/\/www.europesays.com\/fr\/wp-json\/wp\/v2\/posts"}],"about":[{"href":"https:\/\/www.europesays.com\/fr\/wp-json\/wp\/v2\/types\/post"}],"author":[{"embeddable":true,"href":"https:\/\/www.europesays.com\/fr\/wp-json\/wp\/v2\/users\/2"}],"replies":[{"embeddable":true,"href":"https:\/\/www.europesays.com\/fr\/wp-json\/wp\/v2\/comments?post=634195"}],"version-history":[{"count":0,"href":"https:\/\/www.europesays.com\/fr\/wp-json\/wp\/v2\/posts\/634195\/revisions"}],"wp:featuredmedia":[{"embeddable":true,"href":"https:\/\/www.europesays.com\/fr\/wp-json\/wp\/v2\/media\/634196"}],"wp:attachment":[{"href":"https:\/\/www.europesays.com\/fr\/wp-json\/wp\/v2\/media?parent=634195"}],"wp:term":[{"taxonomy":"category","embeddable":true,"href":"https:\/\/www.europesays.com\/fr\/wp-json\/wp\/v2\/categories?post=634195"},{"taxonomy":"post_tag","embeddable":true,"href":"https:\/\/www.europesays.com\/fr\/wp-json\/wp\/v2\/tags?post=634195"}],"curies":[{"name":"wp","href":"https:\/\/api.w.org\/{rel}","templated":true}]}}