{"id":634197,"date":"2026-01-01T12:41:15","date_gmt":"2026-01-01T12:41:15","guid":{"rendered":"https:\/\/www.europesays.com\/fr\/634197\/"},"modified":"2026-01-01T12:41:15","modified_gmt":"2026-01-01T12:41:15","slug":"les-agriculteurs-se-mobilisent-a-nouveau-ou-sont-les-barrages-autour-de-toulouse","status":"publish","type":"post","link":"https:\/\/www.europesays.com\/fr\/634197\/","title":{"rendered":"les agriculteurs se mobilisent \u00e0 nouveau, o\u00f9 sont les barrages autour de Toulouse\u00a0?"},"content":{"rendered":"<p>                    Par<br \/>\n        <strong><br \/>\n            <a href=\"https:\/\/actu.fr\/auteur\/guillaume-laurens\" title=\"Consulter tous les articles de Guillaume Laurens\" target=\"_blank\" rel=\"noopener\">Guillaume Laurens<\/a><br \/>\n                    <\/strong><\/p>\n<p>        Publi\u00e9 le<\/p>\n<p>            1 janv. 2026 \u00e0 9h37        <\/p>\n<p>L\u2019ann\u00e9e <strong>2026<\/strong> d\u00e9bute comme <strong>2025<\/strong> a termin\u00e9 sur des agriculteurs\u2009: sur des barrages. En ce jeudi 1er\u00a0janvier, ils restent mobilis\u00e9s autour de <a href=\"https:\/\/actu.fr\/toulouse\/\" target=\"_blank\" rel=\"noopener\"><strong>Toulouse<\/strong> <\/a>pour d\u00e9noncer le protocole sanitaire du gouvernement face \u00e0 la dermatose nodulaire contagieuse, et s\u2019opposer \u00e0 l\u2019abattage syst\u00e9matique des troupeaux au premier cas de maladie. Le point sur les actions ce jeudi matin, \u00e0 9\u00a0heures.<\/p>\n<p>Deux actions majeures en Haute-Garonne<\/p>\n<ul class=\" wall-content\">\n<li><strong>A68\u2009: manifestation surprise \u00e0 G\u00e9mil<\/strong><\/li>\n<\/ul>\n<p class=\" wall-content\">Des agriculteurs sont actuellement mobilis\u00e9s au nord-est de Toulouse, sur un acc\u00e8s \u00e0 <strong>l\u2019A68<\/strong> reliant Albi \u00e0 Toulouse. L\u2019\u00e9changeur de <strong>G\u00e9mil<\/strong> est impossible d\u2019acc\u00e8s, annonce Vinci Autoroutes. La veille, ils s\u2019\u00e9taient d\u00e9j\u00e0 mobilis\u00e9s \u00e0 <strong>Gragnague<\/strong> le matin, avant de lever le camp en fin de matin\u00e9e.<\/p>\n<ul class=\" wall-content\">\n<li><strong>A64\u2009: le barrage tient toujours \u00e0 Carbonne<\/strong><\/li>\n<\/ul>\n<p class=\" wall-content\">Pour ce qui est de l\u2019A64, comme le rapporte Bison Fut\u00e9, l\u2019autoroute est toujours coup\u00e9e \u00e0 hauteur de Carbonne, o\u00f9 le barrage de l\u2019association des Ultras de l\u2019A64 tient toujours. Toutes les voies de la chauss\u00e9e sont inaccessibles et les automobilistes en direction des Pyr\u00e9n\u00e9es doivent sortir \u00e0 l\u2019\u00e9changeur 27 (Carbonne) et suivre la D239, la D73 et la D241 puis reprendre l\u2019A64 \u00e0 l\u2019\u00e9changeur 26 (Laffite-Vigordanne). M\u00eame topo dans l\u2019autre sens de circulation.<\/p>\n<p>Vid\u00e9os : en ce moment sur ActuD\u2019autres actions dans les d\u00e9partements alentour<\/p>\n<ul class=\" wall-content\">\n<li>A64\u2009: la sortie Tarbes-Est ferm\u00e9e<\/li>\n<\/ul>\n<p class=\" wall-content\">Toujours sur <strong>l\u2019A64<\/strong>, mais plus au sud, dans les Hautes-Pyr\u00e9n\u00e9es, la sortie <strong>Tarbes-Est<\/strong> (n\u00b013) est ferm\u00e9e dans les deux sens en raison d\u2019une manifestation des agriculteurs, annonce Vinci Autoroutes.<\/p>\n<p>Votre r\u00e9gion, votre actu !<\/p>\n<p>Recevez chaque jour les infos qui comptent pour vous.<\/p>\n<p>\t<a href=\"https:\/\/actu.fr\/newsletter\" class=\"ac-btn ac-btn--corner ac-btn--medium ac-btn--blue800\" target=\"_blank\" rel=\"noopener\">S&rsquo;incrire<\/a><\/p>\n<ul class=\" wall-content\">\n<li><strong>RN20\u2009: la route de l\u2019Andorre et le tunnel de Foix ferm\u00e9s<\/strong><\/li>\n<\/ul>\n<p class=\" wall-content\">En Ari\u00e8ge, la <strong>route de l\u2019Andorre<\/strong> reste \u00e9galement compliqu\u00e9e en ce Jour de l\u2019An. La <strong>RN20<\/strong> est bloqu\u00e9e \u00e0 hauteur du <strong>tunnel de Foix<\/strong>, qui est ferm\u00e9 dans les deux sens, pr\u00e9cise Bison Fut\u00e9, en raison d\u2019une manifestation d\u2019agriculteurs. Une d\u00e9viation a \u00e9t\u00e9 mise en place pour les v\u00e9hicules l\u00e9gers.<\/p>\n<p class=\" wall-content\">Personnalisez votre actualit\u00e9 en ajoutant vos villes et m\u00e9dias en favori avec <a href=\"https:\/\/moncompte.actu.fr\" title=\"D\u00e9couvez Mon Actu\" rel=\"nofollow noopener\" data-trk=\"{&quot;cta&quot;:{&quot;action&quot;:&quot;https:\\\/\\\/moncompte.actu.fr&quot;,&quot;category&quot;:&quot;mon compte&quot;,&quot;from&quot;:&quot;article footer&quot;,&quot;name&quot;:&quot;Mon actu&quot;,&quot;type&quot;:&quot;cta&quot;}}\" target=\"_blank\">Mon Actu<\/a>.<\/p>\n","protected":false},"excerpt":{"rendered":"Par Guillaume Laurens Publi\u00e9 le 1 janv. 2026 \u00e0 9h37 L\u2019ann\u00e9e 2026 d\u00e9bute comme 2025 a termin\u00e9 sur&hellip;\n","protected":false},"author":2,"featured_media":634198,"comment_status":"","ping_status":"","sticky":false,"template":"","format":"standard","meta":{"footnotes":""},"categories":[2816],"tags":[1111,11,327,70814,1777,674,1011,27,1272,12,2680,25,104,2312],"class_list":{"0":"post-634197","1":"post","2":"type-post","3":"status-publish","4":"format-standard","5":"has-post-thumbnail","7":"category-toulouse","8":"tag-actu","9":"tag-actualites","10":"tag-agriculture","11":"tag-dermatose-nodulaire","12":"tag-eu","13":"tag-europe","14":"tag-fr","15":"tag-france","16":"tag-manifestations","17":"tag-news","18":"tag-occitanie","19":"tag-republique-francaise","20":"tag-societe","21":"tag-toulouse"},"share_on_mastodon":{"url":"https:\/\/pubeurope.com\/@fr\/115819897440997911","error":""},"_links":{"self":[{"href":"https:\/\/www.europesays.com\/fr\/wp-json\/wp\/v2\/posts\/634197","targetHints":{"allow":["GET"]}}],"collection":[{"href":"https:\/\/www.europesays.com\/fr\/wp-json\/wp\/v2\/posts"}],"about":[{"href":"https:\/\/www.europesays.com\/fr\/wp-json\/wp\/v2\/types\/post"}],"author":[{"embeddable":true,"href":"https:\/\/www.europesays.com\/fr\/wp-json\/wp\/v2\/users\/2"}],"replies":[{"embeddable":true,"href":"https:\/\/www.europesays.com\/fr\/wp-json\/wp\/v2\/comments?post=634197"}],"version-history":[{"count":0,"href":"https:\/\/www.europesays.com\/fr\/wp-json\/wp\/v2\/posts\/634197\/revisions"}],"wp:featuredmedia":[{"embeddable":true,"href":"https:\/\/www.europesays.com\/fr\/wp-json\/wp\/v2\/media\/634198"}],"wp:attachment":[{"href":"https:\/\/www.europesays.com\/fr\/wp-json\/wp\/v2\/media?parent=634197"}],"wp:term":[{"taxonomy":"category","embeddable":true,"href":"https:\/\/www.europesays.com\/fr\/wp-json\/wp\/v2\/categories?post=634197"},{"taxonomy":"post_tag","embeddable":true,"href":"https:\/\/www.europesays.com\/fr\/wp-json\/wp\/v2\/tags?post=634197"}],"curies":[{"name":"wp","href":"https:\/\/api.w.org\/{rel}","templated":true}]}}