{"id":634199,"date":"2026-01-01T12:42:11","date_gmt":"2026-01-01T12:42:11","guid":{"rendered":"https:\/\/www.europesays.com\/fr\/634199\/"},"modified":"2026-01-01T12:42:11","modified_gmt":"2026-01-01T12:42:11","slug":"nee-a-00h02-ce-1er-janvier-aleandra-est-le-premier-bebe-de-lannee-2026","status":"publish","type":"post","link":"https:\/\/www.europesays.com\/fr\/634199\/","title":{"rendered":"n\u00e9e \u00e0 00h02 ce 1er janvier, Al\u00e9andra est le premier b\u00e9b\u00e9 de l&rsquo;ann\u00e9e 2026\u00a0!"},"content":{"rendered":"<p>                    Par<br \/>\n        <strong><br \/>\n            <a href=\"https:\/\/actu.fr\/auteur\/guillaume-laurens\" title=\"Consulter tous les articles de Guillaume Laurens\" target=\"_blank\" rel=\"noopener\">Guillaume Laurens<\/a><br \/>\n                    <\/strong><\/p>\n<p>        Publi\u00e9 le<\/p>\n<p>            1 janv. 2026 \u00e0 12h01        <\/p>\n<p>Sera-t-elle le premier b\u00e9b\u00e9 de France\u2009? Les jeux sont ouverts\u2009! <strong>Al\u00e9andra<\/strong>\u00a0est n\u00e9e \u00e0 la maternit\u00e9 de <strong>l\u2019h\u00f4pital Joseph Ducuing<\/strong>, \u00e0 <strong><a href=\"https:\/\/actu.fr\/toulouse\/\" target=\"_blank\" rel=\"noopener\">Toulouse<\/a><\/strong>, ce jeudi 1er\u00a0janvier 2026\u2026 \u00e0 <strong>00h02<\/strong>. Et la petite fille, qui \u00ab\u2009se porte comme un charme\u2009\u00bb, est a minima le premier b\u00e9b\u00e9 de la Ville rose.<\/p>\n<p>H\u00f4pital Joseph Ducuing\u2009: Al\u00e9andra est n\u00e9e \u00e0 00h02<\/p>\n<p class=\" wall-content\">Al\u00e9andra p\u00e8se <strong>3,160 kilos, <\/strong>se porte comme un charme et fait d\u00e9j\u00e0 le bonheur de <strong>Luljela<\/strong>, la maman et d\u2019<strong>Alex,<\/strong> son papa, ainsi que de ses fr\u00e8res et s\u0153urs\u2026 \u00ab\u2009Toute l\u2019\u00e9quipe de notre maternit\u00e9 pr\u00e9sente lors de cet accouchement, \u00e0 l\u2019aube de cette nouvelle ann\u00e9e, est ravie de cette si belle naissance\u2009\u00bb, glisse avec \u00e9motion l\u2019H\u00f4pital Joseph-Ducuing, situ\u00e9 rue de Varsovie, dans le quartier <strong>Saint-Cyprien<\/strong>.<\/p>\n<p>    <img   decoding=\"async\" loading=\"lazy\" src=\"https:\/\/www.europesays.com\/fr\/wp-content\/uploads\/2026\/01\/aleandra-1er-bebe-2026-maternite-hopital-joseph-ducuing-960x640.jpg\" alt=\"N\u00e9e \u00e0 0h02, Al\u00e9andra a mis la barre tr\u00e8s haut ! Elle est le premier b\u00e9b\u00e9 de l'ann\u00e9e 2026 \u00e0 Toulouse\" width=\"960\" height=\"640\"\/><br \/>\n    N\u00e9e \u00e0 0h02, Al\u00e9andra a mis la barre tr\u00e8s haut\u2009! Elle est le premier b\u00e9b\u00e9 de l\u2019ann\u00e9e 2026 \u00e0 Toulouse (\u00a9DR)<\/p>\n<p class=\" wall-content\">Une naissance \u00e0 00h02, \u00ab\u2009c\u2019est rarissime et c\u2019est m\u00eame du jamais-vu pour moi\u2009\u00bb, sourit <strong>Jean Christophe Paulo<\/strong>, administrateur de garde \u00e0 Joseph-Ducuing. S\u2019il est encore t\u00f4t pour pouvoir l\u2019affirmer, il s\u2019avance\u2009: \u00ab\u2009Elle sera peut-\u00eatre le premier b\u00e9b\u00e9 de France\u2009?\u2009\u00bb<\/p>\n<p>D&rsquo;o\u00f9 vient le pr\u00e9nom Al\u00e9andra ?<\/p>\n<p>Pr\u00e9nom d&rsquo;origine grecque, Al\u00e9andra est un d\u00e9riv\u00e9 d&rsquo;Alexandra, et se f\u00eate le 20 mars, ou le 22 avril. C&rsquo;est un pr\u00e9nom qui incarnerait honn\u00eatet\u00e9, souplesse\u2026 et r\u00e9solution. Parfait pour une native du 1er janvier !<\/p>\n<p>Vid\u00e9os : en ce moment sur ActuEt dans les autres maternit\u00e9s de Toulouse\u2009?<\/p>\n<p class=\" wall-content\">Et dans les autres maternit\u00e9s de sant\u00e9 de la Ville rose\u2009? Du c\u00f4t\u00e9 de <strong>Paule de Viguier<\/strong>, la maternit\u00e9 du <strong>CHU de Toulouse<\/strong>, d\u2019apr\u00e8s nos informations, le premier b\u00e9b\u00e9 est n\u00e9 quatorze minutes apr\u00e8s Al\u00e9andra (une \u00e9ternit\u00e9, pour les mamans\u2009!) soit \u00e0 <strong>00h16<\/strong>.<\/p>\n<p class=\" wall-content\">\u00c0 la <strong>clinique Rive Gauche<\/strong>, le premier b\u00e9b\u00e9 de l\u2019ann\u00e9e s\u2019appelle <strong>Noam<\/strong>, et il est arriv\u00e9 \u00e0 <strong>00h27<\/strong>. Ce bout de chou est, lui aussi, en pleine forme, nous glisse-t-on.<\/p>\n<p>Votre r\u00e9gion, votre actu !<\/p>\n<p>Recevez chaque jour les infos qui comptent pour vous.<\/p>\n<p>\t<a href=\"https:\/\/actu.fr\/newsletter\" class=\"ac-btn ac-btn--corner ac-btn--medium ac-btn--blue800\" target=\"_blank\" rel=\"noopener\">S&rsquo;incrire<\/a><\/p>\n<p class=\" wall-content\">Quant \u00e0 la <strong>clinique Ambroise Par\u00e9<\/strong>, \u00e0 11h30, ce jeudi, on attendait le premier b\u00e9b\u00e9.<\/p>\n<p class=\" wall-content\">Personnalisez votre actualit\u00e9 en ajoutant vos villes et m\u00e9dias en favori avec <a href=\"https:\/\/moncompte.actu.fr\" title=\"D\u00e9couvez Mon Actu\" rel=\"nofollow noopener\" data-trk=\"{&quot;cta&quot;:{&quot;action&quot;:&quot;https:\\\/\\\/moncompte.actu.fr&quot;,&quot;category&quot;:&quot;mon compte&quot;,&quot;from&quot;:&quot;article footer&quot;,&quot;name&quot;:&quot;Mon actu&quot;,&quot;type&quot;:&quot;cta&quot;}}\" target=\"_blank\">Mon Actu<\/a>.<\/p>\n","protected":false},"excerpt":{"rendered":"Par Guillaume Laurens Publi\u00e9 le 1 janv. 2026 \u00e0 12h01 Sera-t-elle le premier b\u00e9b\u00e9 de France\u2009? Les jeux&hellip;\n","protected":false},"author":2,"featured_media":634200,"comment_status":"","ping_status":"","sticky":false,"template":"","format":"standard","meta":{"footnotes":""},"categories":[2816],"tags":[1111,11,1777,674,1011,27,12,2680,25,71,104,2312],"class_list":{"0":"post-634199","1":"post","2":"type-post","3":"status-publish","4":"format-standard","5":"has-post-thumbnail","7":"category-toulouse","8":"tag-actu","9":"tag-actualites","10":"tag-eu","11":"tag-europe","12":"tag-fr","13":"tag-france","14":"tag-news","15":"tag-occitanie","16":"tag-republique-francaise","17":"tag-sante","18":"tag-societe","19":"tag-toulouse"},"share_on_mastodon":{"url":"https:\/\/pubeurope.com\/@fr\/115819901318022706","error":""},"_links":{"self":[{"href":"https:\/\/www.europesays.com\/fr\/wp-json\/wp\/v2\/posts\/634199","targetHints":{"allow":["GET"]}}],"collection":[{"href":"https:\/\/www.europesays.com\/fr\/wp-json\/wp\/v2\/posts"}],"about":[{"href":"https:\/\/www.europesays.com\/fr\/wp-json\/wp\/v2\/types\/post"}],"author":[{"embeddable":true,"href":"https:\/\/www.europesays.com\/fr\/wp-json\/wp\/v2\/users\/2"}],"replies":[{"embeddable":true,"href":"https:\/\/www.europesays.com\/fr\/wp-json\/wp\/v2\/comments?post=634199"}],"version-history":[{"count":0,"href":"https:\/\/www.europesays.com\/fr\/wp-json\/wp\/v2\/posts\/634199\/revisions"}],"wp:featuredmedia":[{"embeddable":true,"href":"https:\/\/www.europesays.com\/fr\/wp-json\/wp\/v2\/media\/634200"}],"wp:attachment":[{"href":"https:\/\/www.europesays.com\/fr\/wp-json\/wp\/v2\/media?parent=634199"}],"wp:term":[{"taxonomy":"category","embeddable":true,"href":"https:\/\/www.europesays.com\/fr\/wp-json\/wp\/v2\/categories?post=634199"},{"taxonomy":"post_tag","embeddable":true,"href":"https:\/\/www.europesays.com\/fr\/wp-json\/wp\/v2\/tags?post=634199"}],"curies":[{"name":"wp","href":"https:\/\/api.w.org\/{rel}","templated":true}]}}