{"id":634203,"date":"2026-01-01T12:45:13","date_gmt":"2026-01-01T12:45:13","guid":{"rendered":"https:\/\/www.europesays.com\/fr\/634203\/"},"modified":"2026-01-01T12:45:13","modified_gmt":"2026-01-01T12:45:13","slug":"la-prefecture-des-bouches-du-rhone-interdit-le-protoxyde-dazote-jusquau-12-janvier","status":"publish","type":"post","link":"https:\/\/www.europesays.com\/fr\/634203\/","title":{"rendered":"La pr\u00e9fecture des Bouches-du-Rh\u00f4ne interdit le protoxyde d&rsquo;azote jusqu&rsquo;au 12 janvier"},"content":{"rendered":"<p>La <a href=\"https:\/\/www.laprovence.com\/article\/sante\/19780481342811\/usage-detourne-du-protoxyde-d-azote-la-prefecture-de-vaucluse-interdit-ce-gaz-hilarant-sur-le-territoire\" target=\"_blank\" rel=\"noopener\">pr\u00e9fecture des Bouches-du-Rh\u00f4ne<\/a> renforce pendant la p\u00e9riode des f\u00eates la lutte contre <a href=\"https:\/\/www.laprovence.com\/article\/sante\/5472565743108814\/protoxyde-d-azote-comment-le-gaz-hilarant-peut-il-tuer\" target=\"_blank\" rel=\"noopener\">le protoxyde d&rsquo;azote<\/a>. Le 12 d\u00e9cembre, elle a pris un arr\u00eat\u00e9, qui court jusqu&rsquo;au 12 janvier, interdisant la d\u00e9tention, le transport et la consommation de ce \u00ab\u00a0gaz hilarant\u00a0\u00bb \u00e0 des fins r\u00e9cr\u00e9atives, sous quelque forme que ce soit (cartouches, ballons, bouteilles ou tout autre contenant), et ce sur l&rsquo;ensemble des voies et espaces publics du d\u00e9partement.<\/p>\n<p>L&rsquo;arr\u00eat\u00e9 interdit \u00e9galement de vendre ou d&rsquo;offrir \u00e0 un mineur du protoxyde d&rsquo;azote. La vente ou l&rsquo;offre de protoxyde d&rsquo;azote, y compris aux personnes majeures, dans des d\u00e9bits de boissons et les d\u00e9bits de tabac sont aussi prohib\u00e9es. Face \u00e0 ce <a href=\"https:\/\/www.laprovence.com\/article\/france-monde\/2111934109674315\/la-consommation-de-protoxyde-dazote-au-volant-en-hausse-alerte-une-etude\" target=\"_blank\" rel=\"noopener\">fl\u00e9au qui touche principalement les jeunes<\/a>, la Ville a de m\u00eame pris il y a plus d&rsquo;un an un arr\u00eat\u00e9 interdisant la vente de protoxyde d&rsquo;azote \u00e0 des mineurs dans les commerces et lieux publics, et sa consommation sur la voie publique.<\/p>\n<p>Si les effets euphorisants de cette drogue sont incontestables, les risques de s\u00e9quelles le sont tout autant. \u00ab\u00a0En cas de consommations r\u00e9p\u00e9t\u00e9es, \u00e0 intervalles rapproch\u00e9s ou \u00e0 fortes doses, les personnes s&rsquo;exposent \u00e0 des complications s\u00e9v\u00e8res, parfois irr\u00e9versibles\u00a0\u00bb, alerte la Mission interminist\u00e9rielle de lutte contre les drogues et les conduites addictives (Mildeca).<\/p>\n","protected":false},"excerpt":{"rendered":"La pr\u00e9fecture des Bouches-du-Rh\u00f4ne renforce pendant la p\u00e9riode des f\u00eates la lutte contre le protoxyde d&rsquo;azote. Le 12&hellip;\n","protected":false},"author":2,"featured_media":634204,"comment_status":"","ping_status":"","sticky":false,"template":"","format":"standard","meta":{"footnotes":""},"categories":[2814],"tags":[5734,1111,11,885,65346,154,1777,674,1011,27,11648,27607,884,12,8916,42187,882,25,104],"class_list":{"0":"post-634203","1":"post","2":"type-post","3":"status-publish","4":"format-standard","5":"has-post-thumbnail","7":"category-marseille","8":"tag-5734","9":"tag-actu","10":"tag-actualites","11":"tag-bouches-du-rhone","12":"tag-dazote","13":"tag-des","14":"tag-eu","15":"tag-europe","16":"tag-fr","17":"tag-france","18":"tag-interdit","19":"tag-jusquau","20":"tag-marseille","21":"tag-news","22":"tag-prefecture","23":"tag-protoxyde","24":"tag-provence-alpes-cote-dazur","25":"tag-republique-francaise","26":"tag-societe"},"share_on_mastodon":{"url":"https:\/\/pubeurope.com\/@fr\/115819913069390516","error":""},"_links":{"self":[{"href":"https:\/\/www.europesays.com\/fr\/wp-json\/wp\/v2\/posts\/634203","targetHints":{"allow":["GET"]}}],"collection":[{"href":"https:\/\/www.europesays.com\/fr\/wp-json\/wp\/v2\/posts"}],"about":[{"href":"https:\/\/www.europesays.com\/fr\/wp-json\/wp\/v2\/types\/post"}],"author":[{"embeddable":true,"href":"https:\/\/www.europesays.com\/fr\/wp-json\/wp\/v2\/users\/2"}],"replies":[{"embeddable":true,"href":"https:\/\/www.europesays.com\/fr\/wp-json\/wp\/v2\/comments?post=634203"}],"version-history":[{"count":0,"href":"https:\/\/www.europesays.com\/fr\/wp-json\/wp\/v2\/posts\/634203\/revisions"}],"wp:featuredmedia":[{"embeddable":true,"href":"https:\/\/www.europesays.com\/fr\/wp-json\/wp\/v2\/media\/634204"}],"wp:attachment":[{"href":"https:\/\/www.europesays.com\/fr\/wp-json\/wp\/v2\/media?parent=634203"}],"wp:term":[{"taxonomy":"category","embeddable":true,"href":"https:\/\/www.europesays.com\/fr\/wp-json\/wp\/v2\/categories?post=634203"},{"taxonomy":"post_tag","embeddable":true,"href":"https:\/\/www.europesays.com\/fr\/wp-json\/wp\/v2\/tags?post=634203"}],"curies":[{"name":"wp","href":"https:\/\/api.w.org\/{rel}","templated":true}]}}