{"id":634205,"date":"2026-01-01T12:46:11","date_gmt":"2026-01-01T12:46:11","guid":{"rendered":"https:\/\/www.europesays.com\/fr\/634205\/"},"modified":"2026-01-01T12:46:11","modified_gmt":"2026-01-01T12:46:11","slug":"om-marseille-les-mots-forts-de-pablo-longoria","status":"publish","type":"post","link":"https:\/\/www.europesays.com\/fr\/634205\/","title":{"rendered":"OM, Marseille, les mots forts de Pablo Longoria !"},"content":{"rendered":"<p data-start=\"89\" data-end=\"448\">\u00c0 l\u2019aube de la nouvelle ann\u00e9e, <strong data-start=\"120\" data-end=\"138\">Pablo Longoria<\/strong> a livr\u00e9 un message empreint de sobri\u00e9t\u00e9 et de sens, \u00e0 l\u2019occasion de ses v\u0153ux accord\u00e9s au journal La Provence. Le pr\u00e9sident de l\u2019Olympique de Marseille a \u00e9voqu\u00e9 ses aspirations personnelles, mais aussi sa vision pour le club et pour la ville, dans un discours centr\u00e9 sur la continuit\u00e9, le travail et l\u2019unit\u00e9.<\/p>\n<p data-start=\"450\" data-end=\"850\">Sur le plan personnel, le dirigeant marseillais a d\u2019abord mis en avant l\u2019essentiel. \u00ab Personnellement, je souhaite surtout la sant\u00e9 pour les miens. Avoir le temps de profiter un peu plus des moments simples, et garder l\u2019\u00e9nergie pour continuer \u00e0 faire ce que j\u2019aime \u00bb, a-t-il confi\u00e9, rappelant l\u2019importance de l\u2019\u00e9quilibre et de la stabilit\u00e9 dans un environnement souvent soumis \u00e0 une forte pression.<\/p>\n<p data-start=\"450\" data-end=\"850\">\n<p data-start=\"852\" data-end=\"1314\">Concernant l\u2019<strong data-start=\"865\" data-end=\"891\">Olympique de Marseille<\/strong>, Pablo Longoria a formul\u00e9 un v\u0153u clair et mesur\u00e9, fid\u00e8le \u00e0 la ligne qu\u2019il d\u00e9fend depuis son arriv\u00e9e \u00e0 la t\u00eate du club. \u00ab Pour l\u2019OM, mon v\u0153u est simple : continuer \u00e0 avancer. Il faut du travail, de la rigueur, et de la continuit\u00e9. Consolider le club et progresser chaque jour \u00bb, a-t-il d\u00e9clar\u00e9. Une vision ax\u00e9e sur le long terme, o\u00f9 la construction patiente et la progression quotidienne priment sur les effets d\u2019annonce.<\/p>\n<p data-start=\"1316\" data-end=\"1728\">Enfin, le pr\u00e9sident olympien a \u00e9largi son message \u00e0 la <strong data-start=\"1371\" data-end=\"1393\">ville de Marseille<\/strong>, \u00e0 laquelle il est d\u00e9sormais profond\u00e9ment attach\u00e9. \u00ab Pour Marseille, je souhaite une ville unie et fi\u00e8re. C\u2019est une ville intense, avec une \u00e9nergie unique. Quand on va tous dans le m\u00eame sens, cette \u00e9nergie devient extraordinaire \u00bb, a-t-il soulign\u00e9, mettant en avant la force collective et l\u2019identit\u00e9 singuli\u00e8re de la cit\u00e9 phoc\u00e9enne.<\/p>\n<p data-start=\"1730\" data-end=\"1968\" data-is-last-node=\"\" data-is-only-node=\"\">A lire aussi :\u00a0<a href=\"https:\/\/www.footballclubdemarseille.fr\/om-actualites\/om-marquer-au-bernabeu-cest-le-genre-de-moment-quon-noublie-jamais.html\" target=\"_blank\" rel=\"noopener\">OM : \u00ab Mon but au Bernabeu ? Un moment que je n\u2019oublierai jamais \u00bb<\/a><\/p>\n","protected":false},"excerpt":{"rendered":"\u00c0 l\u2019aube de la nouvelle ann\u00e9e, Pablo Longoria a livr\u00e9 un message empreint de sobri\u00e9t\u00e9 et de sens,&hellip;\n","protected":false},"author":2,"featured_media":634206,"comment_status":"","ping_status":"","sticky":false,"template":"","format":"standard","meta":{"footnotes":""},"categories":[2814],"tags":[1111,11,1777,674,1011,27,884,12,882,25],"class_list":{"0":"post-634205","1":"post","2":"type-post","3":"status-publish","4":"format-standard","5":"has-post-thumbnail","7":"category-marseille","8":"tag-actu","9":"tag-actualites","10":"tag-eu","11":"tag-europe","12":"tag-fr","13":"tag-france","14":"tag-marseille","15":"tag-news","16":"tag-provence-alpes-cote-dazur","17":"tag-republique-francaise"},"share_on_mastodon":{"url":"","error":""},"_links":{"self":[{"href":"https:\/\/www.europesays.com\/fr\/wp-json\/wp\/v2\/posts\/634205","targetHints":{"allow":["GET"]}}],"collection":[{"href":"https:\/\/www.europesays.com\/fr\/wp-json\/wp\/v2\/posts"}],"about":[{"href":"https:\/\/www.europesays.com\/fr\/wp-json\/wp\/v2\/types\/post"}],"author":[{"embeddable":true,"href":"https:\/\/www.europesays.com\/fr\/wp-json\/wp\/v2\/users\/2"}],"replies":[{"embeddable":true,"href":"https:\/\/www.europesays.com\/fr\/wp-json\/wp\/v2\/comments?post=634205"}],"version-history":[{"count":0,"href":"https:\/\/www.europesays.com\/fr\/wp-json\/wp\/v2\/posts\/634205\/revisions"}],"wp:featuredmedia":[{"embeddable":true,"href":"https:\/\/www.europesays.com\/fr\/wp-json\/wp\/v2\/media\/634206"}],"wp:attachment":[{"href":"https:\/\/www.europesays.com\/fr\/wp-json\/wp\/v2\/media?parent=634205"}],"wp:term":[{"taxonomy":"category","embeddable":true,"href":"https:\/\/www.europesays.com\/fr\/wp-json\/wp\/v2\/categories?post=634205"},{"taxonomy":"post_tag","embeddable":true,"href":"https:\/\/www.europesays.com\/fr\/wp-json\/wp\/v2\/tags?post=634205"}],"curies":[{"name":"wp","href":"https:\/\/api.w.org\/{rel}","templated":true}]}}