{"id":634209,"date":"2026-01-01T12:48:09","date_gmt":"2026-01-01T12:48:09","guid":{"rendered":"https:\/\/www.europesays.com\/fr\/634209\/"},"modified":"2026-01-01T12:48:09","modified_gmt":"2026-01-01T12:48:09","slug":"des-violences-urbaines-eclatent-dans-la-metropole","status":"publish","type":"post","link":"https:\/\/www.europesays.com\/fr\/634209\/","title":{"rendered":"des violences urbaines \u00e9clatent dans la m\u00e9tropole"},"content":{"rendered":"<p>                    Par<br \/>\n        <strong><br \/>\n            <a href=\"https:\/\/actu.fr\/auteur\/anthony-soudani\" title=\"Consulter tous les articles de Anthony Soudani\" target=\"_blank\" rel=\"noopener\">Anthony Soudani<\/a><br \/>\n                    <\/strong><\/p>\n<p>        Publi\u00e9 le<\/p>\n<p>            1 janv. 2026 \u00e0 12h26<br \/>\n        ; mis \u00e0 jour le 1 janv. 2026 \u00e0 12h45    <\/p>\n<p>La<strong> nuit de la Saint-Sylvestre<\/strong> a une nouvelle fois connu son lot de violences urbaines dans la m\u00e9tropole de <a href=\"https:\/\/actu.fr\/lyon\/\" target=\"_blank\" rel=\"noopener\">Lyon<\/a>. Le passage \u00e0 2026 a \u00e9t\u00e9 tr\u00e8s agit\u00e9 dans plusieurs communes.\u00a0<\/p>\n<p>Une quinzaine d\u2019interpellations<\/p>\n<p class=\" wall-content\">Une quinzaine d\u2019interpellations a \u00e9t\u00e9 effectu\u00e9e par les forces de l\u2019ordre pour des infractions vari\u00e9es dont certaines en lien avec <strong>des faits de violences urbaines<\/strong> : usage de mortiers d\u2019artifice, d\u00e9tention de stup\u00e9fiants, d\u00e9gradations, violences avec arme ou aggrav\u00e9es, refus d\u2019obtemp\u00e9rer, feux de poubelles ou de barricades, ainsi que des vols de t\u00e9l\u00e9phones.<\/p>\n<p class=\" wall-content\">Selon les informations d\u2019actu Lyon, il n\u2019y a pas eu d\u2019affrontement direct avec les policiers.\u00a0<\/p>\n<p>Au moins 80 voitures incendi\u00e9es<\/p>\n<p class=\" wall-content\">Au moins 80 v\u00e9hicules ont pris feu dans la m\u00e9tropole de Lyon. Plusieurs dizaines de poubelles ont aussi \u00e9t\u00e9 incendi\u00e9s.<\/p>\n<p class=\" wall-content\">La commune de <strong>Vaulx-en-Velin<\/strong> a particuli\u00e8rement \u00e9t\u00e9 touch\u00e9e, d\u2019apr\u00e8s nos confr\u00e8res du <a href=\"https:\/\/www.leprogres.fr\/faits-divers-justice\/2026\/01\/01\/nuit-de-la-saint-sylvestre-80-voitures-brulees-et-une-quinzaine-d-interpellations-dans-la-metropole-de-lyon?at_content=photo&amp;at_term=leprogreslyon&amp;at_campaign=Twitter&amp;at_medium=Social&amp;at_source=nonli\" target=\"_blank\" rel=\"noopener\">Progr\u00e8s<\/a>. Cependant, d\u2019autres villes de la M\u00e9tropole de Lyon ont aussi \u00e9t\u00e9 concern\u00e9es par ces violences urbaines : le 3e arrondissement de Lyon, Villeurbanne, Rillieux-la-Pape, Bron, Feyzin, D\u00e9cines-Charpieu, Chassieu, Caluire, Givors et Meyzieu.<\/p>\n<p>Moins de violences par rapport \u00e0 l\u2019ann\u00e9e derni\u00e8re<\/p>\n<p class=\" wall-content\">Pour l\u2019heure, la pr\u00e9fecture du Rh\u00f4ne n\u2019a pas communiqu\u00e9 de bilan officiel sur la soir\u00e9e. Mais selon nos informations, il s\u2019agit de la nuit \u00ab\u00a0la plus calme\u00a0\u00bb en terme d\u2019affrontement depuis ces dix derni\u00e8res ann\u00e9es, et ce, malgr\u00e9 les d\u00e9g\u00e2ts cit\u00e9s plus haut dans l\u2019article.<\/p>\n<p>Votre r\u00e9gion, votre actu !<\/p>\n<p>Recevez chaque jour les infos qui comptent pour vous.<\/p>\n<p>\t<a href=\"https:\/\/actu.fr\/newsletter\" class=\"ac-btn ac-btn--corner ac-btn--medium ac-btn--blue800\" target=\"_blank\" rel=\"noopener\">S&rsquo;incrire<\/a><\/p>\n<p class=\" wall-content\">Le nombre de voitures br\u00fbl\u00e9s est stable, voire en baisse par rapport \u00e0 l\u2019ann\u00e9e derni\u00e8re\u2026 Alors qu\u2019il \u00e9tait en augmentation les ann\u00e9es pr\u00e9c\u00e9dentes. En effet, dans la r\u00e9gion Auvergne-Rh\u00f4ne-Alpes, <strong>on passe de 188 \u00e0 154 voitures br\u00fbl\u00e9es la nuit du Nouvel An.<\/strong><\/p>\n<p class=\" wall-content\">A noter que pr\u00e8s de<strong> 800 policiers et gendarmes<\/strong> ont \u00e9t\u00e9 mobilis\u00e9s pour maintenir l\u2019ordre durant la nuit de la Saint-Sylvestre dans le Rh\u00f4ne.<\/p>\n<p class=\" wall-content\">Personnalisez votre actualit\u00e9 en ajoutant vos villes et m\u00e9dias en favori avec <a href=\"https:\/\/moncompte.actu.fr\" title=\"D\u00e9couvez Mon Actu\" rel=\"nofollow noopener\" data-trk=\"{&quot;cta&quot;:{&quot;action&quot;:&quot;https:\\\/\\\/moncompte.actu.fr&quot;,&quot;category&quot;:&quot;mon compte&quot;,&quot;from&quot;:&quot;article footer&quot;,&quot;name&quot;:&quot;Mon actu&quot;,&quot;type&quot;:&quot;cta&quot;}}\" target=\"_blank\">Mon Actu<\/a>.<\/p>\n","protected":false},"excerpt":{"rendered":"Par Anthony Soudani Publi\u00e9 le 1 janv. 2026 \u00e0 12h26 ; mis \u00e0 jour le 1 janv. 2026&hellip;\n","protected":false},"author":2,"featured_media":634210,"comment_status":"","ping_status":"","sticky":false,"template":"","format":"standard","meta":{"footnotes":""},"categories":[1889],"tags":[1111,11,2430,1777,674,118,1011,27,1310,2825,2428,12,1072,25],"class_list":{"0":"post-634209","1":"post","2":"type-post","3":"status-publish","4":"format-standard","5":"has-post-thumbnail","7":"category-lyon","8":"tag-actu","9":"tag-actualites","10":"tag-auvergne-rhone-alpes","11":"tag-eu","12":"tag-europe","13":"tag-faits-divers","14":"tag-fr","15":"tag-france","16":"tag-incendie","17":"tag-insecurite","18":"tag-lyon","19":"tag-news","20":"tag-police","21":"tag-republique-francaise"},"share_on_mastodon":{"url":"https:\/\/pubeurope.com\/@fr\/115819924863469612","error":""},"_links":{"self":[{"href":"https:\/\/www.europesays.com\/fr\/wp-json\/wp\/v2\/posts\/634209","targetHints":{"allow":["GET"]}}],"collection":[{"href":"https:\/\/www.europesays.com\/fr\/wp-json\/wp\/v2\/posts"}],"about":[{"href":"https:\/\/www.europesays.com\/fr\/wp-json\/wp\/v2\/types\/post"}],"author":[{"embeddable":true,"href":"https:\/\/www.europesays.com\/fr\/wp-json\/wp\/v2\/users\/2"}],"replies":[{"embeddable":true,"href":"https:\/\/www.europesays.com\/fr\/wp-json\/wp\/v2\/comments?post=634209"}],"version-history":[{"count":0,"href":"https:\/\/www.europesays.com\/fr\/wp-json\/wp\/v2\/posts\/634209\/revisions"}],"wp:featuredmedia":[{"embeddable":true,"href":"https:\/\/www.europesays.com\/fr\/wp-json\/wp\/v2\/media\/634210"}],"wp:attachment":[{"href":"https:\/\/www.europesays.com\/fr\/wp-json\/wp\/v2\/media?parent=634209"}],"wp:term":[{"taxonomy":"category","embeddable":true,"href":"https:\/\/www.europesays.com\/fr\/wp-json\/wp\/v2\/categories?post=634209"},{"taxonomy":"post_tag","embeddable":true,"href":"https:\/\/www.europesays.com\/fr\/wp-json\/wp\/v2\/tags?post=634209"}],"curies":[{"name":"wp","href":"https:\/\/api.w.org\/{rel}","templated":true}]}}