{"id":634211,"date":"2026-01-01T12:50:14","date_gmt":"2026-01-01T12:50:14","guid":{"rendered":"https:\/\/www.europesays.com\/fr\/634211\/"},"modified":"2026-01-01T12:50:14","modified_gmt":"2026-01-01T12:50:14","slug":"ce-qui-change-pour-les-lignes-de-metro-rer-trams-et-bus","status":"publish","type":"post","link":"https:\/\/www.europesays.com\/fr\/634211\/","title":{"rendered":"ce qui change pour les lignes de m\u00e9tro, RER, trams et bus"},"content":{"rendered":"<p>ParisSelectBook &#8211; Transports en \u00cele-de-France 2026: ce qui change pour m\u00e9tros, RER, trams et bus &#8211; Cr\u00e9dit photo \u00a9 Paris Select Book<\/p>\n<p>Comment s\u2019organiser pour 2026 sans perdre du temps dans les transports\u2009? Les nouveaut\u00e9s transports en <a href=\"https:\/\/www.parisselectbook.com\/2025\/12\/31\/bons-plans-famille-a-paris-et-en-ile-de-france-sorties-gratuites-ou-pas-cheres-en-janvier-2026\/\" target=\"_blank\" rel=\"noopener\">\u00cele-de-France<\/a> se pr\u00e9cisent, avec des \u00e9tapes cl\u00e9s, mais encore des incertitudes locales. Ainsi, ce guide fait le point, de mani\u00e8re claire, sur les changements attendus et leurs effets concrets.<\/p>\n<p>Ce qui change d\u00e8s 2026 : nouveaut\u00e9s transports en \u00cele-de-France<\/p>\n<p>2026 verra des <a href=\"https:\/\/www.parisselectbook.com\/2025\/12\/30\/gibert-romance-propose-la-premiere-grande-librairie-parisienne-dediee-aux-histoires-damour\/\" target=\"_blank\" rel=\"noopener\">ouvertures<\/a> cibl\u00e9es et des am\u00e9liorations de service. De plus, plusieurs chantiers atteignent un palier utile pour les usagers du quotidien. Les autorit\u00e9s r\u00e9gionales annoncent un calendrier progressif, afin de limiter les coupures et d\u2019assurer la mont\u00e9e en charge.<\/p>\n<p>La <strong>ligne 18<\/strong> du <strong>Grand Paris Express<\/strong> doit franchir une \u00e9tape entre <strong><a href=\"https:\/\/www.parisselectbook.com\/2025\/12\/31\/bagages-cabine-ces-compagnies-aeriennes-en-europe-facturent-le-trolley-en-2025-ce-qui-reste-gratuit\/\" target=\"_blank\" rel=\"noopener\">Orly<\/a><\/strong> et <strong>Massy-Palaiseau<\/strong>. Ainsi, des correspondances pratiques avec le <strong>RER B<\/strong> et le <strong>TGV<\/strong> sont vis\u00e9es, avec des temps de trajet stabilis\u00e9s. Ces nouveaut\u00e9s transports en \u00cele-de-France s\u2019inscrivent dans une logique de maillage plus fin du sud francilien.<\/p>\n<p>Ligne 18, RER B et a\u00e9roports : nouveaut\u00e9s transports en \u00cele-de-France<\/p>\n<p>Le <strong>RER B<\/strong> se pr\u00e9pare \u00e0 l\u2019arriv\u00e9e progressive des nouvelles rames <strong>MI20<\/strong>. Par cons\u00e9quent, le confort int\u00e9rieur, l\u2019accessibilit\u00e9 et la fiabilit\u00e9 doivent progresser d\u00e8s les premi\u00e8res circulations en <a href=\"https:\/\/www.parisselectbook.com\/2025\/12\/31\/nouvel-an-2026-paris-interdit-lachat-et-la-consommation-dalcool-le-31-decembre-dans-un-arrondissement\/\" target=\"_blank\" rel=\"noopener\">2026<\/a>. Les premi\u00e8res semaines resteront d\u2019observation, car l\u2019int\u00e9gration technique demande des ajustements fins.<\/p>\n<blockquote>\n<p>\u00ab Nous voulons des trajets plus fiables en 2026, sans mauvaises surprises. \u00bb<\/p>\n<\/blockquote>\n<p>C\u00f4t\u00e9 a\u00e9roports, les liaisons bus comme <strong>Roissybus<\/strong> pourraient adapter fr\u00e9quences et horaires. En revanche, l\u2019effet du prolongement du <strong>m\u00e9tro 14<\/strong> vers <strong>Orly<\/strong> entra\u00eene d\u00e9j\u00e0 une redistribution des flux. Aussi, les voyageurs gagneront \u00e0 comparer les itin\u00e9raires selon l\u2019heure et les bagages.<\/p>\n<p>Tarifs, Navigo et options de mobilit\u00e9 en 2026<\/p>\n<p>Le tarif du <strong>pass Navigo<\/strong> reste, \u00e0 ce stade, annonc\u00e9 \u00e0 <strong>90,80 euros<\/strong> par mois, sous r\u00e9serve des d\u00e9cisions budg\u00e9taires. Ainsi, la question du financement partag\u00e9 entre R\u00e9gion, \u00cele-de-France Mobilit\u00e9s et employeurs demeure centrale. Les nouveaut\u00e9s transports en \u00cele-de-France d\u00e9pendront aussi de ces arbitrages.<\/p>\n<ul>\n<li><strong>2026<\/strong> : jalon pour la ligne <strong>18<\/strong> entre Orly et Massy-Palaiseau<\/li>\n<li><strong>RER B<\/strong> : premi\u00e8res rames <strong>MI20<\/strong> en service commercial<\/li>\n<li><strong>Navigo<\/strong> : r\u00e9f\u00e9rence actuelle \u00e0 <strong>90,80 euros<\/strong> mensuels<\/li>\n<li>Bus a\u00e9roports : ajustements possibles des fr\u00e9quences<\/li>\n<li>Chantiers : interruptions ponctuelles et plans B d\u00e9di\u00e9s<\/li>\n<\/ul>\n<p>Des aides existent pour les jeunes, les demandeurs d\u2019emploi et certains publics. Ainsi, l\u2019employeur peut prendre en charge la moiti\u00e9 de l\u2019abonnement, ce qui all\u00e8ge la facture. En bref, simuler son profil tarifaire reste le meilleur r\u00e9flexe avant 2026.<\/p>\n<p>D\u00e9sormais, l\u2019application <strong>Navigo<\/strong> permet l\u2019achat et la validation sur smartphones compatibles. De plus, les validations en station gagnent en fluidit\u00e9 avec des portiques modernis\u00e9s. Ces avanc\u00e9es r\u00e9duisent l\u2019attente, tout en renfor\u00e7ant le contr\u00f4le et la lutte contre la fraude.<\/p>\n<p>Travaux, fermetures ponctuelles et plans B<\/p>\n<p>Des travaux de nuit et de week-end demeurent au programme en 2026. Ainsi, certaines lignes seront remplac\u00e9es par des bus de substitution, avec des temps allong\u00e9s. En cons\u00e9quence, v\u00e9rifier la veille son trajet \u00e9vite bien des contretemps.<\/p>\n<p>Le maillage bus sera ajust\u00e9 autour des grands p\u00f4les, pour absorber les d\u00e9tours. De plus, des am\u00e9nagements d\u00e9di\u00e9s aux terminus temporaires faciliteront les correspondances. En revanche, l\u2019affluence pourra grimper \u00e0 certaines heures, surtout lors des bascules d\u2019horaires.<\/p>\n<p>Cap 2030: pr\u00e9parer les prochaines nouveaut\u00e9s transports en \u00cele-de-France<\/p>\n<p>Plusieurs tron\u00e7ons du <strong>Grand Paris Express<\/strong> arriveront apr\u00e8s 2026, avec des ouvertures \u00e9chelonn\u00e9es. Ainsi, les lignes <strong>15<\/strong>, <strong>16<\/strong> et <strong>17<\/strong> poursuivront leurs mises en service par \u00e9tapes. L\u2019objectif reste clair\u2009: renforcer la rocade et d\u00e9lester les lignes radiales.<\/p>\n<p>L\u2019accessibilit\u00e9 progresse par vagues avec de nouveaux ascenseurs et des annonces audio. Par cons\u00e9quent, davantage de gares faciliteront les trajets pour les personnes \u00e0 mobilit\u00e9 r\u00e9duite. Aussi, des rep\u00e8res visuels am\u00e9lior\u00e9s simplifieront l\u2019orientation dans les grands n\u0153uds.<\/p>\n<p>Au quotidien, la priorit\u00e9 porte sur la fiabilit\u00e9, la lisibilit\u00e9 et les correspondances. De plus, le suivi des chantiers en temps r\u00e9el aidera \u00e0 limiter le stress des trajets. Les nouveaut\u00e9s transports en \u00cele-de-France doivent, in fine, r\u00e9duire l\u2019incertitude et rendre la ville plus proche.<\/p>\n","protected":false},"excerpt":{"rendered":"ParisSelectBook &#8211; Transports en \u00cele-de-France 2026: ce qui change pour m\u00e9tros, RER, trams et bus &#8211; Cr\u00e9dit photo&hellip;\n","protected":false},"author":2,"featured_media":634212,"comment_status":"","ping_status":"","sticky":false,"template":"","format":"standard","meta":{"footnotes":""},"categories":[1592],"tags":[1111,11,1777,674,1011,27,662,12,74249,626,25],"class_list":{"0":"post-634211","1":"post","2":"type-post","3":"status-publish","4":"format-standard","5":"has-post-thumbnail","7":"category-ile-de-france","8":"tag-actu","9":"tag-actualites","10":"tag-eu","11":"tag-europe","12":"tag-fr","13":"tag-france","14":"tag-ile-de-france","15":"tag-news","16":"tag-nouveautes-transports-en-ile-de-france","17":"tag-paris","18":"tag-republique-francaise"},"share_on_mastodon":{"url":"https:\/\/pubeurope.com\/@fr\/115819933007395687","error":""},"_links":{"self":[{"href":"https:\/\/www.europesays.com\/fr\/wp-json\/wp\/v2\/posts\/634211","targetHints":{"allow":["GET"]}}],"collection":[{"href":"https:\/\/www.europesays.com\/fr\/wp-json\/wp\/v2\/posts"}],"about":[{"href":"https:\/\/www.europesays.com\/fr\/wp-json\/wp\/v2\/types\/post"}],"author":[{"embeddable":true,"href":"https:\/\/www.europesays.com\/fr\/wp-json\/wp\/v2\/users\/2"}],"replies":[{"embeddable":true,"href":"https:\/\/www.europesays.com\/fr\/wp-json\/wp\/v2\/comments?post=634211"}],"version-history":[{"count":0,"href":"https:\/\/www.europesays.com\/fr\/wp-json\/wp\/v2\/posts\/634211\/revisions"}],"wp:featuredmedia":[{"embeddable":true,"href":"https:\/\/www.europesays.com\/fr\/wp-json\/wp\/v2\/media\/634212"}],"wp:attachment":[{"href":"https:\/\/www.europesays.com\/fr\/wp-json\/wp\/v2\/media?parent=634211"}],"wp:term":[{"taxonomy":"category","embeddable":true,"href":"https:\/\/www.europesays.com\/fr\/wp-json\/wp\/v2\/categories?post=634211"},{"taxonomy":"post_tag","embeddable":true,"href":"https:\/\/www.europesays.com\/fr\/wp-json\/wp\/v2\/tags?post=634211"}],"curies":[{"name":"wp","href":"https:\/\/api.w.org\/{rel}","templated":true}]}}