{"id":634213,"date":"2026-01-01T12:51:10","date_gmt":"2026-01-01T12:51:10","guid":{"rendered":"https:\/\/www.europesays.com\/fr\/634213\/"},"modified":"2026-01-01T12:51:10","modified_gmt":"2026-01-01T12:51:10","slug":"pour-le-dry-january-ce-bar-de-paris-ne-servira-plus-une-seule-goutte-dalcool","status":"publish","type":"post","link":"https:\/\/www.europesays.com\/fr\/634213\/","title":{"rendered":"pour le Dry January, ce bar de Paris ne servira plus une seule goutte d&rsquo;alcool"},"content":{"rendered":"<p>                    Par<br \/>\n        <strong><br \/>\n            <a href=\"https:\/\/actu.fr\/auteur\/m-pomme\" title=\"Consulter tous les articles de Marie Pomme\" target=\"_blank\" rel=\"noopener\">Marie Pomme<\/a><br \/>\n                    <\/strong><\/p>\n<p>        Publi\u00e9 le<\/p>\n<p>            1 janv. 2026 \u00e0 13h16        <\/p>\n<p>Vous manquez de motivation pour le <a href=\"https:\/\/actu.fr\/lifestyle\/dry-january-c-est-quoi-le-mois-sans-alcool-recommande-par-les-addictologues_60464293.html\" target=\"_blank\" rel=\"noopener\">Dry January<\/a>\u2009? Direction le Social Bar, dans le 12e arrondissement de<a href=\"https:\/\/actu.fr\/paris\/dernieres-actus\" target=\"_blank\" rel=\"noopener\"> Paris<\/a>. Tout le mois de janvier, l\u2019\u00e9tablissement, connu pour mettre l\u2019accent sur la convivialit\u00e9 entre les clients, raye (temporairement) ses alcools de la carte. Le but\u2009: prouver qu\u2019un bar 100\u2009% soft, \u00e7a peut rester festif et rentable. Et par la m\u00eame occasion, qu\u2019on peut s\u2019amuser\u2026\u200b sans passer par la case <a href=\"https:\/\/actu.fr\/societe\/pourquoi-l-alcool-nous-donne-si-mal-a-la-tete-le-lendemain-d-une-soiree-arrosee_62770883.html\" target=\"_blank\" rel=\"noopener\">gueule de bois<\/a> du lendemain. <br \/>\u00ab\u00a0Notre raison d\u2019\u00eatre n\u2019est pas de servir de l\u2019alcool mais de cr\u00e9er du lien\u00a0\u00bb, tient \u00e0 rappeler Renaud Seligmann, le cofondateur du bar. Si on arrive \u00e0 cr\u00e9er le cadre id\u00e9al, les gens n\u2019ont plus besoin de ce lubrifiant social\u00a0\u00bb.<\/p>\n<p class=\" wall-content\">C\u2019est avec cette conviction qu\u2019il a voulu proposer une vraie alternative \u00e0 tous ceux qui se sentent mis \u00e0 l\u2019\u00e9cart. \u00ab\u00a0Il n\u2019y a que des endroits avec alcool pourtant, il y a plein de gens pour qui l\u2019alcool, c\u2019est pas cool\u00a0\u00bb, constate-t-il. \u00ab\u00a0Que ce soit ceux qui n\u2019ont plus envie de boire mais aiment \u00e7a quand m\u00eame ou ceux qui subissent la pression sociale. Pour ces gens-l\u00e0, il n\u2019existe pas de lieu o\u00f9 ils se sentent bien, o\u00f9 ils peuvent danser, \u00eatre euphoriques sans \u00eatre alcoolis\u00e9s\u00a0\u00bb.\u00a0<\/p>\n<p>Nouveaux cocktails, nouvelles bi\u00e8res, nouveau menu<\/p>\n<p class=\" wall-content\">Pour autant, pas question de tourner au jus de tomate toute la soir\u00e9e. L\u2019\u00e9tablissement promet une \u00ab\u2009exp\u00e9rience totalement repens\u00e9e\u2009\u00bb avec, en premier lieu, des boissons sp\u00e9cialement \u00e9labor\u00e9es pour l\u2019occasion. Et pour les inconditionnels de la pinte, la mousse ne sera pas loin puisqu\u2019une offre exclusive de bi\u00e8res 0\u2009% sera propos\u00e9e. Il y aura m\u00eame un \u00ab\u00a0sobrelier\u00a0\u00bb pour \u00e9laborer une fermentation \u00e0 base de pois chiches\u2026 et une version maison du jeu hot ones. Enfin, le menu sera revisit\u00e9 au gr\u00e9 des soir\u00e9es \u00e0 th\u00e8me.<\/p>\n<p class=\" wall-content\">Au chapitre de la programmation musicale, des \u00e9v\u00e9nements sont pr\u00e9vus les 6, 9, 10 et 31\u00a0janvier et le bar promet \u00ab\u2009des concerts, DJ sets, ap\u00e9ros musicaux, rencontres, conf\u00e9rences, t\u00e9moignages et d\u00e9gustations\u2009\u00bb.<\/p>\n<p class=\" wall-content\"><a href=\"https:\/\/www.instagram.com\/reel\/DRPh0ZOCOgU\/embed\" title=\"Ouvrir le lien sur Instagram\" target=\"_blank\" rel=\"noopener\">Visualiser le contenu sur Instagram<\/a><\/p>\n<p class=\" wall-content\">Si l\u2019exp\u00e9rimentation fonctionne, la graine du 100\u2009% soft pourrait bien germer. En effet, le bar indique qu\u2019\u00e0 terme, l\u2019ambition serait de prolonger ce test en ouvrant un bar totalement sans alcool. Pour que la f\u00eate soit plus folle.<\/p>\n<p>Pratique<\/p>\n<p>Boissons de 4\u00a0euros \u00e0 10\u00a0euros. Horaires\u2009: de 17\u00a0heures \u00e0 1\u2009h\u200930 du mardi au vendredi et 18\u00a0heures \u00e0 1\u2009h\u200930 le samedi.<\/p>\n<p class=\" wall-content\">Personnalisez votre actualit\u00e9 en ajoutant vos villes et m\u00e9dias en favori avec <a href=\"https:\/\/moncompte.actu.fr\" title=\"D\u00e9couvez Mon Actu\" rel=\"nofollow noopener\" data-trk=\"{&quot;cta&quot;:{&quot;action&quot;:&quot;https:\\\/\\\/moncompte.actu.fr&quot;,&quot;category&quot;:&quot;mon compte&quot;,&quot;from&quot;:&quot;article footer&quot;,&quot;name&quot;:&quot;Mon actu&quot;,&quot;type&quot;:&quot;cta&quot;}}\" target=\"_blank\">Mon Actu<\/a>.<\/p>\n<p>                    <script async src=\"\/\/www.instagram.com\/embed.js\"><\/script><\/p>\n","protected":false},"excerpt":{"rendered":"Par Marie Pomme Publi\u00e9 le 1 janv. 2026 \u00e0 13h16 Vous manquez de motivation pour le Dry January\u2009?&hellip;\n","protected":false},"author":2,"featured_media":634214,"comment_status":"","ping_status":"","sticky":false,"template":"","format":"standard","meta":{"footnotes":""},"categories":[1888],"tags":[1111,1928,11,1927,5702,215,1777,674,1011,27,12,1926,626,1925,25,71,104],"class_list":{"0":"post-634213","1":"post","2":"type-post","3":"status-publish","4":"format-standard","5":"has-post-thumbnail","7":"category-paris","8":"tag-actu","9":"tag-actu-paris","10":"tag-actualites","11":"tag-actualites-paris","12":"tag-alcool","13":"tag-commerce","14":"tag-eu","15":"tag-europe","16":"tag-fr","17":"tag-france","18":"tag-news","19":"tag-news-paris","20":"tag-paris","21":"tag-paris-news","22":"tag-republique-francaise","23":"tag-sante","24":"tag-societe"},"share_on_mastodon":{"url":"https:\/\/pubeurope.com\/@fr\/115819936854651176","error":""},"_links":{"self":[{"href":"https:\/\/www.europesays.com\/fr\/wp-json\/wp\/v2\/posts\/634213","targetHints":{"allow":["GET"]}}],"collection":[{"href":"https:\/\/www.europesays.com\/fr\/wp-json\/wp\/v2\/posts"}],"about":[{"href":"https:\/\/www.europesays.com\/fr\/wp-json\/wp\/v2\/types\/post"}],"author":[{"embeddable":true,"href":"https:\/\/www.europesays.com\/fr\/wp-json\/wp\/v2\/users\/2"}],"replies":[{"embeddable":true,"href":"https:\/\/www.europesays.com\/fr\/wp-json\/wp\/v2\/comments?post=634213"}],"version-history":[{"count":0,"href":"https:\/\/www.europesays.com\/fr\/wp-json\/wp\/v2\/posts\/634213\/revisions"}],"wp:featuredmedia":[{"embeddable":true,"href":"https:\/\/www.europesays.com\/fr\/wp-json\/wp\/v2\/media\/634214"}],"wp:attachment":[{"href":"https:\/\/www.europesays.com\/fr\/wp-json\/wp\/v2\/media?parent=634213"}],"wp:term":[{"taxonomy":"category","embeddable":true,"href":"https:\/\/www.europesays.com\/fr\/wp-json\/wp\/v2\/categories?post=634213"},{"taxonomy":"post_tag","embeddable":true,"href":"https:\/\/www.europesays.com\/fr\/wp-json\/wp\/v2\/tags?post=634213"}],"curies":[{"name":"wp","href":"https:\/\/api.w.org\/{rel}","templated":true}]}}