{"id":634217,"date":"2026-01-01T12:53:10","date_gmt":"2026-01-01T12:53:10","guid":{"rendered":"https:\/\/www.europesays.com\/fr\/634217\/"},"modified":"2026-01-01T12:53:10","modified_gmt":"2026-01-01T12:53:10","slug":"ce-sublime-appartement-haussmannien-revisite-lart-de-vivre-a-la-francaise","status":"publish","type":"post","link":"https:\/\/www.europesays.com\/fr\/634217\/","title":{"rendered":"Ce sublime appartement haussmannien revisite l\u2019art de vivre \u00e0 la fran\u00e7aise"},"content":{"rendered":"<p>S\u2019il vit \u00e0 Londres depuis de nombreuses ann\u00e9es, Mohhamed, d\u2019origine \u00e9gyptienne, a une passion pour la capitale fran\u00e7aise. Il r\u00eave d\u2019y poss\u00e9der un pied-\u00e0-terre. Mais il est exigeant : ce sera un appartement haussmannien sinon rien, et il le souhaite au c\u0153ur du Paris historique. Quoi de mieux que ce <strong>160 m\u00b2 en bord de Seine<\/strong>, entre la tour Eiffel et le mus\u00e9e d\u2019Orsay ? Pour s\u2019assurer que la r\u00e9novation soit conforme \u00e0 ses attentes, il fait appel \u00e0 l\u2019<strong>architecte russe Olga Ashby<\/strong>, de l\u2019agence londonienne du m\u00eame nom, avec laquelle il a d\u00e9j\u00e0 collabor\u00e9. Tous deux \u00e9trangers, ils d\u00e9cident d\u2019une d\u00e9coration typiquement parisienne. \u00ab Nous y avons int\u00e9gr\u00e9 des motifs et objets qui \u00e9voquent le bl\u00e9 (car une matin\u00e9e parisienne id\u00e9ale commence par un croissant frais) et le soleil (en hommage au Roi- Soleil). \u00bb La plupart des meubles ont \u00e9t\u00e9 r\u00e9alis\u00e9s sur mesure et s\u2019associent \u00e0 des objets de collection : \u00ab C\u2019est la quintessence m\u00eame du style haussmannien ! \u00bb\u00a0<\/p>\n<p>Entre h\u00e9ritage haussmannien et cabinet de curiosit\u00e9s contemporain<\/p>\n<p>Comme il n\u2019y avait qu\u2019une chambre avec salle d\u2019eau attenante, Olga scinde le long couloir d\u2019entr\u00e9e en trois parties pour cr\u00e9er une <a href=\"https:\/\/www.marieclaire.fr\/maison\/tendance-salle-de-bains-2026,1505131.asp\" title=\"Voici toutes les tendances salle de bains \u00e0 suivre en 2026\" class=\"internal\" target=\"_blank\" rel=\"noopener\">salle de bains<\/a> principale et un bureau. Au lieu de murs, elle s\u00e9pare les espaces par des cloisons, pour faire circuler la lumi\u00e8re tout en conservant suffisamment d\u2019intimit\u00e9. \u00ab C\u2019est une astuce que j\u2019ai apprise pendant mes \u00e9tudes \u00e0 Florence, et qui permet notamment de conserver les caract\u00e9ristiques historiques comme les corniches, moulures, boiseries, etc. \u00bb Mohhamed est combl\u00e9 : \u00ab J\u2019ai l\u2019impression de me trouver dans un <strong>cabinet de curiosit\u00e9s<\/strong> o\u00f9 chaque coin est peupl\u00e9 d\u2019objets fascinants et inattendus. C\u2019est si parisien ! \u00bb\u00a0<\/p>\n<p>Lire aussi<\/p>\n<p>\t\t\t<a class=\"ContextualLinks-link\" href=\"https:\/\/www.marieclaire.fr\/maison\/visite-d-un-appartement-haussmannien-tout-en-courbes-et-couleurs,1488308.asp\" target=\"_blank\" rel=\"noopener\">\u00c0 Paris, jeu de courbes et de couleurs dans un appartement haussmannien<\/a>\t<\/p>\n","protected":false},"excerpt":{"rendered":"S\u2019il vit \u00e0 Londres depuis de nombreuses ann\u00e9es, Mohhamed, d\u2019origine \u00e9gyptienne, a une passion pour la capitale fran\u00e7aise.&hellip;\n","protected":false},"author":2,"featured_media":634218,"comment_status":"","ping_status":"","sticky":false,"template":"","format":"standard","meta":{"footnotes":""},"categories":[1888],"tags":[11,1777,674,1011,27,12,626,25],"class_list":{"0":"post-634217","1":"post","2":"type-post","3":"status-publish","4":"format-standard","5":"has-post-thumbnail","7":"category-paris","8":"tag-actualites","9":"tag-eu","10":"tag-europe","11":"tag-fr","12":"tag-france","13":"tag-news","14":"tag-paris","15":"tag-republique-francaise"},"share_on_mastodon":{"url":"https:\/\/pubeurope.com\/@fr\/115819944822329532","error":""},"_links":{"self":[{"href":"https:\/\/www.europesays.com\/fr\/wp-json\/wp\/v2\/posts\/634217","targetHints":{"allow":["GET"]}}],"collection":[{"href":"https:\/\/www.europesays.com\/fr\/wp-json\/wp\/v2\/posts"}],"about":[{"href":"https:\/\/www.europesays.com\/fr\/wp-json\/wp\/v2\/types\/post"}],"author":[{"embeddable":true,"href":"https:\/\/www.europesays.com\/fr\/wp-json\/wp\/v2\/users\/2"}],"replies":[{"embeddable":true,"href":"https:\/\/www.europesays.com\/fr\/wp-json\/wp\/v2\/comments?post=634217"}],"version-history":[{"count":0,"href":"https:\/\/www.europesays.com\/fr\/wp-json\/wp\/v2\/posts\/634217\/revisions"}],"wp:featuredmedia":[{"embeddable":true,"href":"https:\/\/www.europesays.com\/fr\/wp-json\/wp\/v2\/media\/634218"}],"wp:attachment":[{"href":"https:\/\/www.europesays.com\/fr\/wp-json\/wp\/v2\/media?parent=634217"}],"wp:term":[{"taxonomy":"category","embeddable":true,"href":"https:\/\/www.europesays.com\/fr\/wp-json\/wp\/v2\/categories?post=634217"},{"taxonomy":"post_tag","embeddable":true,"href":"https:\/\/www.europesays.com\/fr\/wp-json\/wp\/v2\/tags?post=634217"}],"curies":[{"name":"wp","href":"https:\/\/api.w.org\/{rel}","templated":true}]}}