{"id":634219,"date":"2026-01-01T12:54:36","date_gmt":"2026-01-01T12:54:36","guid":{"rendered":"https:\/\/www.europesays.com\/fr\/634219\/"},"modified":"2026-01-01T12:54:36","modified_gmt":"2026-01-01T12:54:36","slug":"de-sydney-a-new-york-en-passant-par-paris-les-plus-belles-images-du-passage-a-2026","status":"publish","type":"post","link":"https:\/\/www.europesays.com\/fr\/634219\/","title":{"rendered":"De Sydney \u00e0 New York en passant par Paris\u00a0: les plus belles images du passage \u00e0 2026"},"content":{"rendered":"<p class=\"paragraph text_align_left lp-f-body-02\">C\u2019est officiel, le globe entier est pass\u00e9 <a href=\"https:\/\/www.leparisien.fr\/economie\/smic-retraites-controle-technique-conge-de-naissance-tout-ce-qui-change-en-2026-29-12-2025-5BNJRU4E75GJDIQY34JYQFDK3I.php\" target=\"_blank\" rel=\"noreferrer noopener\">en 2026<\/a>. Comme d\u2019habitude, certains pays, comme la Nouvelle-Z\u00e9lande et l\u2019Australie, sont pass\u00e9s les premiers \u00e0 la nouvelle ann\u00e9e. Les capitales de ces deux pays pr\u00e9sentent respectivement un d\u00e9calage horaire de douze et dix heures avec la France m\u00e9tropolitaine.<\/p>\n<p class=\"\">\u00c0 Sydney, le feu d\u2019artifice a entour\u00e9 l\u2019Op\u00e9ra et du c\u00e9l\u00e8bre Harbour bridge, comme \u00e0 l\u2019accoutum\u00e9e. Mais avant cela, les c\u00e9l\u00e9brations du Nouvel An ont pris une tournure solennelle : les f\u00eatards ont observ\u00e9 une minute de silence en m\u00e9moire <a href=\"https:\/\/www.leparisien.fr\/international\/les-assaillants-de-lattentat-de-bondi-beach-a-sydney-auraient-agi-seuls-estime-la-police-30-12-2025-FRFF64MEHVBEHFI2CHUMJ3UTFQ.php\" target=\"_self\" rel=\"noopener\">des victimes de l\u2019attentat de la plage de Bondi<\/a>, avant que les neuf tonnes de feux d\u2019artifice n\u2019illuminent le grand port australien \u00e0 minuit pile.<\/p>\n<p><img decoding=\"async\" class=\"image \" loading=\"lazy\" src=\"https:\/\/www.europesays.com\/fr\/wp-content\/uploads\/2026\/01\/WSQBR7HDIJH5LNB2FASXWIBUUU.jpg\" alt=\"Reuters\/Hollie Adams\" align=\"\" data-rubrique-principale=\"\" data-article-type=\"\" fetchpriority=\"auto\"\/>Reuters\/Hollie Adams <\/p>\n<p class=\"\">C\u2019\u00e9tait ensuite au tour de la Chine de passer \u00e0 la nouvelle ann\u00e9e, comme \u00e0 Chongqing, dans le sud-ouest du pays.<\/p>\n<p><img decoding=\"async\" class=\"image \" loading=\"lazy\" src=\"https:\/\/www.europesays.com\/fr\/wp-content\/uploads\/2026\/01\/IOSOPISOA5BBNBHFNKHVAQL3EY.jpg\" alt=\"Xinhua\/Zhao Xiaoshuai\" align=\"\" data-rubrique-principale=\"\" data-article-type=\"\" fetchpriority=\"auto\"\/>Xinhua\/Zhao Xiaoshuai <\/p>\n<p class=\"\">Au Japon, une projection mapping \u00e9tait affich\u00e9e sur la surface du b\u00e2timent du gouvernement m\u00e9tropolitain de Tokyo, pour c\u00e9l\u00e9brer le Nouvel An.<\/p>\n<p><img decoding=\"async\" class=\"image \" loading=\"lazy\" src=\"https:\/\/www.europesays.com\/fr\/wp-content\/uploads\/2026\/01\/DMGPOJV2QVEAJDIRCDNMFHDNBM.jpg\" alt=\"Reuters\/Issei Kato\" align=\"\" data-rubrique-principale=\"\" data-article-type=\"\" fetchpriority=\"auto\"\/>Reuters\/Issei Kato<\/p>\n<p class=\"\">\u00c0 Kuala Lumpur, en Malaisie, des feux d\u2019artifice ont \u00e9t\u00e9 tir\u00e9s.<\/p>\n<p><img decoding=\"async\" class=\"image \" loading=\"lazy\" src=\"https:\/\/www.europesays.com\/fr\/wp-content\/uploads\/2026\/01\/6BT56UCTM5GBFHS3LR4IA5EHJ4.jpg\" alt=\"Xinhua\/Cheng Yiheng\" align=\"\" data-rubrique-principale=\"\" data-article-type=\"\" fetchpriority=\"auto\"\/>Xinhua\/Cheng Yiheng <\/p>\n<p class=\"\">\u00c0 Duba\u00ef, aux \u00c9mirats arabes unis, des milliers de personnes, r\u00e9sidents et touristes, se sont rassembl\u00e9s au pied de la Burj Khalifa, la plus haute tour du monde, pour observer les feux d\u2019artifice et les projections spectaculaires sur le c\u00e9l\u00e8bre gratte-ciel.<\/p>\n<p><img decoding=\"async\" class=\"image \" loading=\"lazy\" src=\"https:\/\/www.europesays.com\/fr\/wp-content\/uploads\/2026\/01\/AW6H5I56XBDENNFTCOHTFIU7NY.jpg\" alt=\"AFP\/Fadel SENNA\" align=\"\" data-rubrique-principale=\"\" data-article-type=\"\" fetchpriority=\"auto\"\/>AFP\/Fadel SENNA <\/p>\n<p class=\"\">En Afrique, les feux d\u2019artifice ont \u00e9galement illumin\u00e9 le ciel comme \u00e0 Nairobi, capital du Kenya.<\/p>\n<p><img decoding=\"async\" class=\"image \" loading=\"lazy\" src=\"https:\/\/www.europesays.com\/fr\/wp-content\/uploads\/2026\/01\/735U3LZQAFFYVAV57AX6YZCNGE.jpg\" alt=\"Xinhua\/Han Xu\" align=\"\" data-rubrique-principale=\"\" data-article-type=\"\" fetchpriority=\"auto\"\/>Xinhua\/Han Xu <\/p>\n<p class=\"\">Du c\u00f4t\u00e9 de l\u2019Am\u00e9rique, la f\u00eate du passage \u00e0 la nouvelle ann\u00e9e a tenu toutes ses promesses \u00e0 Rio de Janeiro avec le traditionnel feu d\u2019artifice du Nouvel An. Certaines personnes ont d\u00e9cid\u00e9 de profiter d\u2019un bain de minuit sur la plage de Copacabana.<\/p>\n<p><img decoding=\"async\" class=\"image \" loading=\"lazy\" src=\"https:\/\/www.europesays.com\/fr\/wp-content\/uploads\/2026\/01\/Q5TKV54BA5HSJJJKQXPPISIOS4.jpg\" alt=\"Reuters\/Tita Barros\" align=\"\" data-rubrique-principale=\"\" data-article-type=\"\" fetchpriority=\"auto\"\/>Reuters\/Tita Barros <img decoding=\"async\" class=\"image \" loading=\"lazy\" src=\"https:\/\/www.europesays.com\/fr\/wp-content\/uploads\/2026\/01\/IUFBYXQVZ5ANNLELBTJYVXVS5U.jpg\" alt=\"AFP\/Tercio Teixeira\" align=\"\" data-rubrique-principale=\"\" data-article-type=\"\" fetchpriority=\"auto\"\/>AFP\/Tercio Teixeira <\/p>\n<p class=\"\">\u00c0 New York, des milliers de personnes ont assist\u00e9 au mythique l\u00e2cher de la boule sur Times Square. Au m\u00eame moment, <a href=\"https:\/\/www.leparisien.fr\/international\/zohran-mamdani-devient-maire-de-new-york-ou-de-gros-defis-attendent-lelu-de-gauche-01-01-2026-7PRFYEVAONDPBENLTYHGWES3RU.php\" target=\"_blank\" rel=\"noreferrer noopener\">le d\u00e9mocrate Zohran Mamdani devenait officiellement maire de la ville<\/a>, apr\u00e8s son \u00e9lection en novembre sur un programme de gauche et une opposition frontale \u00e0 Donald Trump.<\/p>\n<p><img decoding=\"async\" class=\"image \" loading=\"lazy\" src=\"https:\/\/www.europesays.com\/fr\/wp-content\/uploads\/2026\/01\/DTG4SDBMRREUXPWVHEG35ZOX7E.jpg\" alt=\"AFP\/John Lamparski\" align=\"\" data-rubrique-principale=\"\" data-article-type=\"\" fetchpriority=\"auto\"\/>AFP\/John Lamparski <img decoding=\"async\" class=\"image \" loading=\"lazy\" src=\"https:\/\/www.europesays.com\/fr\/wp-content\/uploads\/2026\/01\/NQTOZ33UX5AHJBKNMUEBUN4Y4Y.jpg\" alt=\"AFP\/John Lamparski\" align=\"\" data-rubrique-principale=\"\" data-article-type=\"\" fetchpriority=\"auto\"\/>AFP\/John Lamparski <img decoding=\"async\" class=\"image \" loading=\"lazy\" src=\"https:\/\/www.europesays.com\/fr\/wp-content\/uploads\/2026\/01\/RQ7O32XHYZD5JL6IMWXYCAMVTA.jpg\" alt=\"CNP\/Kyle Mazza\" align=\"\" data-rubrique-principale=\"\" data-article-type=\"\" fetchpriority=\"auto\"\/>CNP\/Kyle Mazza <\/p>\n<p class=\"\">\u00c0 Paris, des f\u00eatards ont marqu\u00e9 le passage \u00e0 2026 en ouvrant <a href=\"https:\/\/www.leparisien.fr\/paris-75\/nouvel-an-sur-les-champs-elysees-cest-magique-detre-ici-01-01-2026-XIMZ3FOIXRG4HHIVB244WFBZQA.php\" target=\"_blank\" rel=\"noopener\">des bouteilles de champagne pr\u00e8s de la tour Eiffel<\/a>.<\/p>\n<p><img decoding=\"async\" class=\"image \" loading=\"lazy\" src=\"https:\/\/www.europesays.com\/fr\/wp-content\/uploads\/2026\/01\/ISXR3R7NCBCQZAKPVRKDKN4BIE.jpg\" alt=\"LP\/Arnaud Journois\" align=\"\" data-rubrique-principale=\"\" data-article-type=\"\" fetchpriority=\"auto\"\/>LP\/Arnaud Journois <img decoding=\"async\" class=\"image \" loading=\"lazy\" src=\"https:\/\/www.europesays.com\/fr\/wp-content\/uploads\/2026\/01\/DBER7MOJFNDW5LRWLH5AX6T564.jpg\" alt=\"LP\/Arnaud Journois\" align=\"\" data-rubrique-principale=\"\" data-article-type=\"\" fetchpriority=\"auto\"\/>LP\/Arnaud Journois <img decoding=\"async\" class=\"image \" loading=\"lazy\" src=\"https:\/\/www.europesays.com\/fr\/wp-content\/uploads\/2026\/01\/UNJWBKCUS5GJBG7WEWGQO5OYMM.jpg\" alt=\"LP\/Arnaud Journois\" align=\"\" data-rubrique-principale=\"\" data-article-type=\"\" fetchpriority=\"auto\"\/>LP\/Arnaud Journois <\/p>\n<p class=\"\">Enfin \u00e0 Londres, le spectacle a \u00e9galement tenu toutes ses promesses.<\/p>\n<p><img decoding=\"async\" class=\"image \" loading=\"lazy\" src=\"https:\/\/www.europesays.com\/fr\/wp-content\/uploads\/2026\/01\/WAMXE7I63JESTFEN2SVYFHC3XY.jpg\" alt=\"Xinhua\/Li Ying\" align=\"\" data-rubrique-principale=\"\" data-article-type=\"\" fetchpriority=\"auto\"\/>Xinhua\/Li Ying <img decoding=\"async\" class=\"image \" loading=\"lazy\" src=\"https:\/\/www.europesays.com\/fr\/wp-content\/uploads\/2026\/01\/BDIFFPV4L5DBPHOSOWTO2VC634.jpg\" alt=\"Reuters\/Maja Smiejkowska\" align=\"\" data-rubrique-principale=\"\" data-article-type=\"\" fetchpriority=\"auto\"\/>Reuters\/Maja Smiejkowska <img decoding=\"async\" class=\"image \" loading=\"lazy\" src=\"https:\/\/www.europesays.com\/fr\/wp-content\/uploads\/2026\/01\/YEGHNREX2RGDBJMZNN5K3REUMI.jpg\" alt=\"Reuters\/Toby Melville\" align=\"\" data-rubrique-principale=\"\" data-article-type=\"\" fetchpriority=\"auto\"\/>Reuters\/Toby Melville <\/p>\n","protected":false},"excerpt":{"rendered":"C\u2019est officiel, le globe entier est pass\u00e9 en 2026. Comme d\u2019habitude, certains pays, comme la Nouvelle-Z\u00e9lande et l\u2019Australie,&hellip;\n","protected":false},"author":2,"featured_media":634220,"comment_status":"","ping_status":"","sticky":false,"template":"","format":"standard","meta":{"footnotes":""},"categories":[1888],"tags":[11,1777,674,1011,27,14,12,626,25],"class_list":{"0":"post-634219","1":"post","2":"type-post","3":"status-publish","4":"format-standard","5":"has-post-thumbnail","7":"category-paris","8":"tag-actualites","9":"tag-eu","10":"tag-europe","11":"tag-fr","12":"tag-france","13":"tag-international","14":"tag-news","15":"tag-paris","16":"tag-republique-francaise"},"share_on_mastodon":{"url":"https:\/\/pubeurope.com\/@fr\/115819949345398487","error":""},"_links":{"self":[{"href":"https:\/\/www.europesays.com\/fr\/wp-json\/wp\/v2\/posts\/634219","targetHints":{"allow":["GET"]}}],"collection":[{"href":"https:\/\/www.europesays.com\/fr\/wp-json\/wp\/v2\/posts"}],"about":[{"href":"https:\/\/www.europesays.com\/fr\/wp-json\/wp\/v2\/types\/post"}],"author":[{"embeddable":true,"href":"https:\/\/www.europesays.com\/fr\/wp-json\/wp\/v2\/users\/2"}],"replies":[{"embeddable":true,"href":"https:\/\/www.europesays.com\/fr\/wp-json\/wp\/v2\/comments?post=634219"}],"version-history":[{"count":0,"href":"https:\/\/www.europesays.com\/fr\/wp-json\/wp\/v2\/posts\/634219\/revisions"}],"wp:featuredmedia":[{"embeddable":true,"href":"https:\/\/www.europesays.com\/fr\/wp-json\/wp\/v2\/media\/634220"}],"wp:attachment":[{"href":"https:\/\/www.europesays.com\/fr\/wp-json\/wp\/v2\/media?parent=634219"}],"wp:term":[{"taxonomy":"category","embeddable":true,"href":"https:\/\/www.europesays.com\/fr\/wp-json\/wp\/v2\/categories?post=634219"},{"taxonomy":"post_tag","embeddable":true,"href":"https:\/\/www.europesays.com\/fr\/wp-json\/wp\/v2\/tags?post=634219"}],"curies":[{"name":"wp","href":"https:\/\/api.w.org\/{rel}","templated":true}]}}