{"id":634241,"date":"2026-01-01T13:05:11","date_gmt":"2026-01-01T13:05:11","guid":{"rendered":"https:\/\/www.europesays.com\/fr\/634241\/"},"modified":"2026-01-01T13:05:11","modified_gmt":"2026-01-01T13:05:11","slug":"les-voeux-de-pascal-grizot","status":"publish","type":"post","link":"https:\/\/www.europesays.com\/fr\/634241\/","title":{"rendered":"Les v\u0153ux de Pascal Grizot"},"content":{"rendered":"<p>Ch\u00e8res golfeuses, chers golfeurs,<\/p>\n<p>Quand une nouvelle ann\u00e9e commence, il y a ce moment presque suspendu o\u00f9 l\u2019on ressent \u00e0 la fois le poids de l\u2019ann\u00e9e \u00e9coul\u00e9e et la promesse de celle qui s\u2019ouvre.<\/p>\n<p>On se rappelle alors ce qui compte vraiment. Les personnes qui nous entourent. Les passions qui nous animent. Les lieux o\u00f9 l\u2019on se sent serein et pleinement soi-m\u00eame. Pour chacun d\u2019entre nous, le golf est l\u2019un de ces lieux. Un terrain de jeu, mais aussi un espace de rencontres, de transmission et d\u2019\u00e9motions partag\u00e9es.<\/p>\n<p>Le golf porte en lui quelque chose de rare. Sur un parcours, nous avan\u00e7ons dans une m\u00eame direction, sans artifice. Nous partageons les m\u00eames doutes, les m\u00eames \u00e9lans, les m\u00eames fragilit\u00e9s, les m\u00eames instants de gr\u00e2ce. Nous apprenons \u00e0 respirer, \u00e0 \u00e9couter, \u00e0 respecter.<\/p>\n<p>C\u2019est tout cela qui nous rassemble. En 2025, vous avez \u00e9t\u00e9 plus nombreux que jamais \u00e0 choisir la licence. Ce record historique est un signal fort : il dit la vitalit\u00e9 de notre sport et la confiance que vous accordez \u00e0 la F\u00e9d\u00e9ration.<\/p>\n<p>Sans vous, sans la force de ce collectif uni par une m\u00eame passion, notre voix ne porterait pas autant. Jouer avec la licence n\u2019est pas un acte anodin. Votre fid\u00e9lit\u00e9 nous permet de faire d\u00e9couvrir le golf, de le rendre plus accessible et d\u2019accompagner les clubs dans les grandes mutations de notre \u00e9poque, en particulier la transition \u00e9cologique.<\/p>\n<p>\u00catre licenci\u00e9, c\u2019est faire en sorte que le golf avance, progresse, soit entendu et respect\u00e9. C\u2019est aussi soutenir la formation des championnes et champions de demain et le rayonnement de notre discipline.<\/p>\n<p>En 2026, continuons \u00e0 faire bloc ensemble. Votre fid\u00e9lit\u00e9 est le socle de tout ce que nous construisons. Et je veux vous le dire : nous serons \u00e0 vos c\u00f4t\u00e9s.<br \/>Pour ouvrir le golf \u00e0 tous.<br \/>Pour soutenir les clubs.<br \/>Pour accompagner celles et ceux qui donnent une \u00e2me au golf fran\u00e7ais.<\/p>\n<p>Pour que le golf reste ce refuge essentiel quand la vie bouscule et que l\u2019on a besoin de retrouver un peu d\u2019\u00e9quilibre.<\/p>\n<p>Un parcours, parfois, apaise plus qu\u2019il ne d\u00e9fie.<\/p>\n<p>C\u2019est pour tout cela que nous l\u2019aimons.<\/p>\n<p>Je vous souhaite une merveilleuse ann\u00e9e 2026.<\/p>\n<p>Pascal Grizot<\/p>\n","protected":false},"excerpt":{"rendered":"Ch\u00e8res golfeuses, chers golfeurs, Quand une nouvelle ann\u00e9e commence, il y a ce moment presque suspendu o\u00f9 l\u2019on&hellip;\n","protected":false},"author":2,"featured_media":634242,"comment_status":"","ping_status":"","sticky":false,"template":"","format":"standard","meta":{"footnotes":""},"categories":[1418],"tags":[1011,27,1472,60],"class_list":{"0":"post-634241","1":"post","2":"type-post","3":"status-publish","4":"format-standard","5":"has-post-thumbnail","7":"category-golf","8":"tag-fr","9":"tag-france","10":"tag-golf","11":"tag-sports"},"share_on_mastodon":{"url":"https:\/\/pubeurope.com\/@fr\/115819991726665427","error":""},"_links":{"self":[{"href":"https:\/\/www.europesays.com\/fr\/wp-json\/wp\/v2\/posts\/634241","targetHints":{"allow":["GET"]}}],"collection":[{"href":"https:\/\/www.europesays.com\/fr\/wp-json\/wp\/v2\/posts"}],"about":[{"href":"https:\/\/www.europesays.com\/fr\/wp-json\/wp\/v2\/types\/post"}],"author":[{"embeddable":true,"href":"https:\/\/www.europesays.com\/fr\/wp-json\/wp\/v2\/users\/2"}],"replies":[{"embeddable":true,"href":"https:\/\/www.europesays.com\/fr\/wp-json\/wp\/v2\/comments?post=634241"}],"version-history":[{"count":0,"href":"https:\/\/www.europesays.com\/fr\/wp-json\/wp\/v2\/posts\/634241\/revisions"}],"wp:featuredmedia":[{"embeddable":true,"href":"https:\/\/www.europesays.com\/fr\/wp-json\/wp\/v2\/media\/634242"}],"wp:attachment":[{"href":"https:\/\/www.europesays.com\/fr\/wp-json\/wp\/v2\/media?parent=634241"}],"wp:term":[{"taxonomy":"category","embeddable":true,"href":"https:\/\/www.europesays.com\/fr\/wp-json\/wp\/v2\/categories?post=634241"},{"taxonomy":"post_tag","embeddable":true,"href":"https:\/\/www.europesays.com\/fr\/wp-json\/wp\/v2\/tags?post=634241"}],"curies":[{"name":"wp","href":"https:\/\/api.w.org\/{rel}","templated":true}]}}