{"id":634245,"date":"2026-01-01T13:08:10","date_gmt":"2026-01-01T13:08:10","guid":{"rendered":"https:\/\/www.europesays.com\/fr\/634245\/"},"modified":"2026-01-01T13:08:10","modified_gmt":"2026-01-01T13:08:10","slug":"malgre-les-critiques-sabalenka-veut-sa-revanche-face-a-kyrgios-apres-sa-defaite-a-la-bataille-des-sexes","status":"publish","type":"post","link":"https:\/\/www.europesays.com\/fr\/634245\/","title":{"rendered":"Malgr\u00e9 les critiques, Sabalenka veut sa revanche face \u00e0 Kyrgios apr\u00e8s sa d\u00e9faite \u00e0 la \u00abBataille des sexes\u00bb"},"content":{"rendered":"<p>\n    Aryna Sabalenka a d\u00e9clar\u00e9 ce jeudi vouloir prendre sa revanche apr\u00e8s sa d\u00e9faite dimanche lors de la \u00abBataille des sexes\u00bb face \u00e0 Kyrgios.<\/p>\n<p class=\"fig-paragraph\">Le rendez-vous est lanc\u00e9. La B\u00e9larusse Aryna Sabalenka, N.1 mondiale de tennis\u00a0<a href=\"http:\/\/www.lefigaro.fr\/sports\/tennis\/tennis-kyrgios-gagne-la-bataille-des-sexes-contre-sabalenka-devant-17-000-spectateurs-a-dubai-20251228\" target=\"_blank\" data-fig-type=\"NewsFlash\" rel=\"noopener\" data-gtm-custom-categorie=\"navigation\" data-gtm-custom-action=\"crossclick\" data-gtm-custom-label=\"Contextuel\" data-gtm-event=\"customEventSPE\" data-fig-domain=\"LEFIGARO\">battue fin d\u00e9cembre par Nick Kyrgios<\/a>\u00a0lors de la \u00abBataille des sexes\u00bb, a d\u00e9clar\u00e9 jeudi qu&rsquo;elle souhaitait une revanche contre l&rsquo;Australien.<\/p>\n<p class=\"fig-paragraph\">Kyrgios, ancien finaliste de Wimbledon (2022) retomb\u00e9 au-del\u00e0 de la 650e place mondiale, s&rsquo;\u00e9tait impos\u00e9 6-3, 6-3 lors de ce match d&rsquo;exhibition \u00e0 Duba\u00ef, le 28 d\u00e9cembre. Pour \u00e9quilibrer les d\u00e9bats, le c\u00f4t\u00e9 du court de Sabalenka avait \u00e9t\u00e9 r\u00e9duit de 9 % et les deux adversaires ne disposaient que d&rsquo;un seul service \u00abJe pense que je le referais sans h\u00e9siter. J&rsquo;ai besoin de prendre ma revanche. Je n&rsquo;aime pas laisser les choses en suspens\u00bb, a affirm\u00e9 jeudi Sabalenka avant le d\u00e9but du tournoi de Brisbane, en pr\u00e9paration \u00e0 l&rsquo;Open d&rsquo;Australie (18 janvier-1er f\u00e9vrier).<\/p>\n<p>                                            <a class=\"fig-a11y-skip\" href=\"#fig-a11y-skip-main-inarticle\" data-module=\"a11y-skip\" data-context=\"was @visible\"><br \/>\n    Passer la publicit\u00e9<br \/>\n<\/a>            <\/p>\n<p>                                            \u00abJe ne m\u2019\u00e9tais pas rendu compte que je devrais m\u2019adapter\u00bb<\/p>\n<p class=\"fig-paragraph\">\u00abJe pense que pour le prochain match, nous proposerons un format diff\u00e9rent\u00bb, a-t-elle d\u00e9clar\u00e9. \u00abAvant la rencontre, je ne m&rsquo;\u00e9tais pas rendu compte que je devrais m&rsquo;adapter et cela a \u00e9t\u00e9 un peu difficile pour moi. Je pense que je garderais le court complet, mais je prendrais deux services. Cela \u00e9quilibrerait beaucoup plus notre niveau\u00bb, a estim\u00e9 la joueuse de 27 ans, laur\u00e9ate de quatre tournois du Grand Chelem.<\/p>\n<p class=\"fig-body-link\">\n            \u00c0 lire aussi<br \/>\n        <a class=\"fig-body-link__link fig-premium-mark\" href=\"http:\/\/www.lefigaro.fr\/sports\/tennis\/le-coup-entre-les-jambes-un-geste-defensif-audacieux-devenu-une-arme-de-contre-attaque-20251231\" target=\"_blank\" data-fig-type=\"Article\" rel=\"noopener\" data-gtm-custom-categorie=\"navigation\" data-gtm-custom-action=\"crossclick\" data-gtm-custom-label=\"Contextuel\" data-gtm-event=\"customEventSPE\" data-fig-domain=\"LEFIGARO\"><\/p>\n<p>        Le coup entre les jambes\u00a0: un geste d\u00e9fensif audacieux devenu une arme de contre-attaque<br \/>\n    <\/a>\n<\/p>\n<p class=\"fig-paragraph\">Cette \u00abBataille des sexes\u00bb 2025 renvoyait \u00e0 celle qui avait oppos\u00e9 en 1973 l&rsquo;ancien champion am\u00e9ricain Bobby Riggs, \u00e2g\u00e9 alors de 55 ans, aux deux meilleures joueuses de l&rsquo;\u00e9poque, Margaret Court Smith puis Billie Jean King. Il s&rsquo;agissait pour les femmes d&rsquo;affirmer leur valeur alors que leur circuit professionnel \u00e9tait en train de s&rsquo;organiser et la victoire de King sur Riggs, qui avait d&rsquo;abord domin\u00e9 Court Smith, avait eu un certain retentissement.<\/p>\n<p class=\"fig-paragraph\"><a href=\"http:\/\/www.lefigaro.fr\/sports\/tennis\/absurde-une-farce-du-tennis-en-papier-mache-la-presse-dezingue-le-match-entre-kyrgios-et-sabalenka-20251229\" target=\"_blank\" data-fig-type=\"NewsFlash\" rel=\"noopener\" data-gtm-custom-categorie=\"navigation\" data-gtm-custom-action=\"crossclick\" data-gtm-custom-label=\"Contextuel\" data-gtm-event=\"customEventSPE\" data-fig-domain=\"LEFIGARO\">Le remake de Duba\u00ef a lui suscit\u00e9 des r\u00e9actions mitig\u00e9es<\/a>, tant en raison de la qualit\u00e9 du match que de son utilit\u00e9, \u00e0 l&rsquo;image de Billie Jean King. \u00abNotre match avait pour enjeu le changement social (&#8230;) ce n&rsquo;est pas le cas\u00bb de l&rsquo;affrontement entre Kyrgios et Sabalenka, avait insist\u00e9 l&rsquo;Am\u00e9ricaine, alors que le circuit f\u00e9minin est d\u00e9sormais bien \u00e9tabli et que les dotations financi\u00e8res vers\u00e9es aux femmes ont tr\u00e8s nettement augment\u00e9 depuis les ann\u00e9es 1970.<\/p>\n","protected":false},"excerpt":{"rendered":"Aryna Sabalenka a d\u00e9clar\u00e9 ce jeudi vouloir prendre sa revanche apr\u00e8s sa d\u00e9faite dimanche lors de la \u00abBataille&hellip;\n","protected":false},"author":2,"featured_media":634246,"comment_status":"","ping_status":"","sticky":false,"template":"","format":"standard","meta":{"footnotes":""},"categories":[1415],"tags":[7615,1011,27,63206,60,1467],"class_list":{"0":"post-634245","1":"post","2":"type-post","3":"status-publish","4":"format-standard","5":"has-post-thumbnail","7":"category-tennis","8":"tag-aryna-sabalenka","9":"tag-fr","10":"tag-france","11":"tag-nick-kyrgios","12":"tag-sports","13":"tag-tennis"},"share_on_mastodon":{"url":"https:\/\/pubeurope.com\/@fr\/115820003543876664","error":""},"_links":{"self":[{"href":"https:\/\/www.europesays.com\/fr\/wp-json\/wp\/v2\/posts\/634245","targetHints":{"allow":["GET"]}}],"collection":[{"href":"https:\/\/www.europesays.com\/fr\/wp-json\/wp\/v2\/posts"}],"about":[{"href":"https:\/\/www.europesays.com\/fr\/wp-json\/wp\/v2\/types\/post"}],"author":[{"embeddable":true,"href":"https:\/\/www.europesays.com\/fr\/wp-json\/wp\/v2\/users\/2"}],"replies":[{"embeddable":true,"href":"https:\/\/www.europesays.com\/fr\/wp-json\/wp\/v2\/comments?post=634245"}],"version-history":[{"count":0,"href":"https:\/\/www.europesays.com\/fr\/wp-json\/wp\/v2\/posts\/634245\/revisions"}],"wp:featuredmedia":[{"embeddable":true,"href":"https:\/\/www.europesays.com\/fr\/wp-json\/wp\/v2\/media\/634246"}],"wp:attachment":[{"href":"https:\/\/www.europesays.com\/fr\/wp-json\/wp\/v2\/media?parent=634245"}],"wp:term":[{"taxonomy":"category","embeddable":true,"href":"https:\/\/www.europesays.com\/fr\/wp-json\/wp\/v2\/categories?post=634245"},{"taxonomy":"post_tag","embeddable":true,"href":"https:\/\/www.europesays.com\/fr\/wp-json\/wp\/v2\/tags?post=634245"}],"curies":[{"name":"wp","href":"https:\/\/api.w.org\/{rel}","templated":true}]}}