{"id":634247,"date":"2026-01-01T13:12:16","date_gmt":"2026-01-01T13:12:16","guid":{"rendered":"https:\/\/www.europesays.com\/fr\/634247\/"},"modified":"2026-01-01T13:12:16","modified_gmt":"2026-01-01T13:12:16","slug":"xds-astana-leffectif-2026-actualite","status":"publish","type":"post","link":"https:\/\/www.europesays.com\/fr\/634247\/","title":{"rendered":"XDS Astana : L&rsquo;effectif 2026 &#8211; Actualit\u00e9"},"content":{"rendered":"<p style=\"text-align: justify;\">XDS Astana comptera en 2026 un effectif de 30 coureurs. Apr\u00e8s une saison 2025 particuli\u00e8rement solide qui lui a permis de se maintenir au niveau WorldTour, la formation kazakhe a mis\u00e9 sur la stabilit\u00e9 pour ce nouvel exercice. \u00c0 noter parmi les arriv\u00e9es au sein du groupe, celle de l&rsquo;Espagnol <strong><a href=\"https:\/\/www.directvelo.com\/coureur\/13566\/cristian-rodriguez-martin\" target=\"_blank\" rel=\"noopener\">Cristian Rodriguez<\/a><\/strong>, en provenance d&rsquo;Ark\u00e9a-B&amp;B H\u00f4tels. Dans le sens des d\u00e9parts, le N\u00e9erlandais\u00a0<strong><a href=\"https:\/\/www.directvelo.com\/coureur\/11323\/cees-bol\" target=\"_blank\" rel=\"noopener\">Cees Bol<\/a><\/strong> a lui fait le choix de rejoindre le train d&rsquo;Olav Kooij chez Decathlon CMA CGM. Le Ni\u00e7ois\u00a0<strong><a href=\"https:\/\/www.directvelo.com\/coureur\/14842\/clement-champoussin\" target=\"_blank\" rel=\"noopener\">Cl\u00e9ment Champoussin<\/a><\/strong> va quant \u00e0 lui disputer sa deuxi\u00e8me saison dans l&rsquo;\u00e9quipe.\u00a0<strong><br \/><\/strong><\/p>\n<p style=\"text-align: justify;\">L\u2019effectif 2026 de XDS Astana Team :<br \/>Davide Ballerini, 31 ans<br \/>Alberto Bettiol, 32 ans<br \/>Cl\u00e9ment Champoussin, 27 ans<br \/>Nicola Conci, 28 ans<br \/>Yevgeniy Fedorov, 25 ans<br \/>Lorenzo Fortunato, 29 ans<br \/>Aaron Gate, 35 ans<br \/>Lev Gonov, 25 ans (XDS Astana DT)\u00a0<br \/>Sergio Higuita, 28 ans<br \/>Florian Samuel Kajamini, 22 ans<br \/>Max Kanter, 28 ans<br \/>Anton Kuzmin, 29 ans<br \/>Arjen Livyns, 31 ans (Lotto)\u00a0<br \/>Harold Martin Lopez Granizo, 24 ans<br \/>Matteo Malucelli, 32 ans<br \/>Henok Mulueberhan, 26 ans<br \/>Cristi\u00e1n Rodriguez, 30 ans (Ark\u00e9a-B&amp;B H\u00f4tels)<br \/>Alessandro Romele, 22 ans<br \/>Christian Scaroni, 28 ans<br \/>Marco Schrettl, 22 ans (Tirol KTM Cycling Team)<br \/>Guillermo Thomas Silva, 23 ans (Caja Rural-Seguros RGA)\u00a0<br \/>Haoyu Su, 25 ans<br \/>Gleb Syritsa, 25 ans (XDS Astana DT)\u00a0<br \/>Harold Alfonso Tejada, 28 ans<br \/>Mike Teunissen, 33 ans<br \/>Davide Toneatti, 24 ans<br \/>Diego Ulissi, 36 ans<br \/>Darren van Bekkum, 23 ans<br \/>Simone Velasco, 30 ans\u00a0<br \/>Nicolas Vinokourov, 23 ans<\/p>\n<p>Les d\u00e9parts :\u00a0 Cees Bol (Decathlon CMA CGM), Anthon Charmig (Uno-X Mobility), Michele Gazzoli (Toscana Factory), Fausto Masnada (MBH Bank Colpack Ballan), Wouter Poels (Unibet Rose Rockets) et Ide Schelling (arr\u00eat).\u00a0<\/p>\n<p>\u00a0<\/p>\n","protected":false},"excerpt":{"rendered":"XDS Astana comptera en 2026 un effectif de 30 coureurs. Apr\u00e8s une saison 2025 particuli\u00e8rement solide qui lui&hellip;\n","protected":false},"author":2,"featured_media":634248,"comment_status":"","ping_status":"","sticky":false,"template":"","format":"standard","meta":{"footnotes":""},"categories":[1411],"tags":[834,828,836,829,837,827,83,826,824,823,1154,207,814,817,815,816,822,821,832,211,839,1011,27,820,818,819,835,831,830,833,838,60,212,208,825],"class_list":{"0":"post-634247","1":"post","2":"type-post","3":"status-publish","4":"format-standard","5":"has-post-thumbnail","7":"category-cyclisme","8":"tag-attaque","9":"tag-belgique","10":"tag-braquet","11":"tag-bretagne","12":"tag-chute","13":"tag-competition","14":"tag-coupe-de-france","15":"tag-coureur","16":"tag-course-cyclisme","17":"tag-course-cycliste","18":"tag-cycling","19":"tag-cyclisme","20":"tag-direct","21":"tag-direct-velo","22":"tag-directvelo","23":"tag-directvelo-com","24":"tag-epreuve","25":"tag-epreuve-cycliste","26":"tag-federation-francaise-de-cyclisme","27":"tag-ffc","28":"tag-flandres","29":"tag-fr","30":"tag-france","31":"tag-live","32":"tag-live-course","33":"tag-live-epreuve","34":"tag-peloton","35":"tag-radio-peloton","36":"tag-radio-tour","37":"tag-ravitaillement","38":"tag-relance","39":"tag-sports","40":"tag-uci","41":"tag-velo","42":"tag-velos"},"share_on_mastodon":{"url":"https:\/\/pubeurope.com\/@fr\/115820019343235175","error":""},"_links":{"self":[{"href":"https:\/\/www.europesays.com\/fr\/wp-json\/wp\/v2\/posts\/634247","targetHints":{"allow":["GET"]}}],"collection":[{"href":"https:\/\/www.europesays.com\/fr\/wp-json\/wp\/v2\/posts"}],"about":[{"href":"https:\/\/www.europesays.com\/fr\/wp-json\/wp\/v2\/types\/post"}],"author":[{"embeddable":true,"href":"https:\/\/www.europesays.com\/fr\/wp-json\/wp\/v2\/users\/2"}],"replies":[{"embeddable":true,"href":"https:\/\/www.europesays.com\/fr\/wp-json\/wp\/v2\/comments?post=634247"}],"version-history":[{"count":0,"href":"https:\/\/www.europesays.com\/fr\/wp-json\/wp\/v2\/posts\/634247\/revisions"}],"wp:featuredmedia":[{"embeddable":true,"href":"https:\/\/www.europesays.com\/fr\/wp-json\/wp\/v2\/media\/634248"}],"wp:attachment":[{"href":"https:\/\/www.europesays.com\/fr\/wp-json\/wp\/v2\/media?parent=634247"}],"wp:term":[{"taxonomy":"category","embeddable":true,"href":"https:\/\/www.europesays.com\/fr\/wp-json\/wp\/v2\/categories?post=634247"},{"taxonomy":"post_tag","embeddable":true,"href":"https:\/\/www.europesays.com\/fr\/wp-json\/wp\/v2\/tags?post=634247"}],"curies":[{"name":"wp","href":"https:\/\/api.w.org\/{rel}","templated":true}]}}