{"id":634251,"date":"2026-01-01T13:14:11","date_gmt":"2026-01-01T13:14:11","guid":{"rendered":"https:\/\/www.europesays.com\/fr\/634251\/"},"modified":"2026-01-01T13:14:11","modified_gmt":"2026-01-01T13:14:11","slug":"jacques-et-gabriella-adressent-leurs-voeux-pour-lannee-2026-aux-cotes-de-leurs-parents","status":"publish","type":"post","link":"https:\/\/www.europesays.com\/fr\/634251\/","title":{"rendered":"Jacques et Gabriella adressent leurs v\u0153ux pour l\u2019ann\u00e9e 2026 aux c\u00f4t\u00e9s de leurs parents"},"content":{"rendered":"<p><strong>\u00ab\u00a0Alors que le monde s\u2019appr\u00eate \u00e0 refermer la page de l\u2019ann\u00e9e 2025 et \u00e0 ouvrir celle de 2026, je voudrais adresser \u00e0 chacun d\u2019entre vous, tous mes v\u0153ux de sant\u00e9, de succ\u00e8s et de bonheur\u00a0\u00bb,<\/strong> a d\u00e9clar\u00e9 le prince\u00a0<a target=\"_blank\" href=\"https:\/\/www.pointdevue.fr\/grand-angle\/biographies\/albert-de-monaco\" rel=\"noopener\"> Albert de Monaco<\/a> ce mercredi 31 d\u00e9cembre dans un message vid\u00e9o post\u00e9 sur les r\u00e9seaux sociaux du palais princier. Comme le veut la tradition, le souverain a prononc\u00e9 son discours du Nouvel An dans la soir\u00e9e aux alentours de 19h. D\u2019abord seul devant le majestueux sapin de No\u00ebl de la r\u00e9sidence royale, il a ensuite \u00e9t\u00e9 rejoint par son \u00e9pouse, la\u00a0<a target=\"_blank\" href=\"https:\/\/www.pointdevue.fr\/grand-angle\/biographies\/charlene-de-monaco\" rel=\"noopener\"> princesse Charl\u00e8ne<\/a>, ainsi que leurs enfants, <a target=\"_blank\" href=\"https:\/\/www.pointdevue.fr\/grand-angle\/biographies\/jacques-de-monaco\" rel=\"noopener\">Jacques<\/a> et Gabriella. Le monarque a choisi, depuis le Rocher, de dresser le bilan de l\u2019ann\u00e9e 2025 en \u00e9num\u00e9rant les nombreux succ\u00e8s de la principaut\u00e9 :<strong> \u00ab\u00a0Nous avons connu des r\u00e9ussites dont nous pouvons \u00eatre fiers. <\/strong>Elles ont \u00e9t\u00e9 politiques et diplomatiques avec la visite de chefs d\u2019\u00c9tat \u00e9trangers ou l\u2019organisation, en juin dernier, du Blue Economy and Finance Forum qui fut une \u00e9tape d\u00e9cisive dans la mise en \u0153uvre d\u2019un nouveau mod\u00e8le de d\u00e9veloppement respectueux des mers.\u00a0\u00bb Tr\u00e8s <a target=\"_blank\" href=\"https:\/\/www.pointdevue.fr\/royal\/monaco\/albert-de-monaco-aupres-demmanuel-macron-pour-defendre-les-oceans\" rel=\"noopener\">engag\u00e9 pour la pr\u00e9servation des oc\u00e9ans<\/a>, Albert II a \u00e9galement \u00e9voqu\u00e9 une r\u00e9ussite \u00e9conomique avec des finances toujours saines, \u00ab\u00a0des entreprises florissantes et une attractivit\u00e9 qui ne se d\u00e9ment pas\u00a0\u00bb. Le fils de <a target=\"_blank\" href=\"https:\/\/www.pointdevue.fr\/grand-angle\/biographies\/grace-kelly\" rel=\"noopener\">Grace Kelly<\/a> a \u00e9galement tenu \u00e0 mettre \u00e0 l\u2019honneur les athl\u00e8tes mon\u00e9gasques qui ont marqu\u00e9 l\u2019ann\u00e9e gr\u00e2ce \u00e0 leurs performances en tennis, en voile, en \u00e9quitation ou encore en Formule 1.<\/p>\n<p><img decoding=\"async\" src=\"https:\/\/www.europesays.com\/fr\/wp-content\/uploads\/2026\/01\/La_famille_princi\u00e8re_de_Monaco_Nouvel_an_2025LUNiBu6pll.jpg\" alt=\"Nouvel an famille princi\u00e8re Monaco\"\/><strong>Le prince Albert prononce son discours de Nouvel an aux c\u00f4t\u00e9s de la princesse Charl\u00e8ne et de leurs jumeaux, Jacques et Gabriella.<\/strong> \u00a9 @palaisprinciermonacoUne famille soud\u00e9e pour c\u00e9l\u00e9brer l\u2019unit\u00e9\u00a0<\/p>\n<p>Au c\u0153ur de son discours, Albert de Monaco rend hommage aux <strong>\u00ab\u00a0r\u00e9ussites humaines\u00a0\u00bb de la communaut\u00e9 mon\u00e9gasque<\/strong>.<strong> Il cite sa force, son unit\u00e9 et sa capacit\u00e9 \u00e0 \u00ab\u00a0relever de grands d\u00e9fis\u00a0\u00bb<\/strong>. Il ajoute : \u00ab\u00a0Nous nous sommes retrouv\u00e9s autour de grands moments de communion, comme pour les 20 ans de mon r\u00e8gne, en juillet dernier.\u00a0\u00bb Une communion qu\u2019il met un point d\u2019honneur \u00e0 conserver en 2026 et qui a ensuite \u00e9t\u00e9 illustr\u00e9e par l\u2019image de la famille princi\u00e8re r\u00e9unie devant la cam\u00e9ra.<strong> La princesse Charl\u00e8ne est apparue \u00e0 ses c\u00f4t\u00e9s le sourire aux l\u00e8vres dans une longue robe blanche,<\/strong> tandis que Jacques et <a target=\"_blank\" href=\"https:\/\/www.pointdevue.fr\/grand-angle\/biographies\/gabriella-de-monaco\" rel=\"noopener\">Gabriella<\/a> se sont plac\u00e9s devant leurs parents.\u00a0<\/p>\n<p>\u00a0<\/p>\n<p>Jacques et Gabriella illuminent le r\u00e9veillon<\/p>\n<p><strong>Les jumeaux<\/strong> qui ont r\u00e9cemment <a target=\"_blank\" href=\"https:\/\/www.pointdevue.fr\/royal\/monaco\/jacques-et-gabriella-de-monaco-jouent-les-peres-noel-un-peu-avant-lheure\" rel=\"noopener\">jou\u00e9 les P\u00e8res-No\u00ebl<\/a> en distribuant des cadeaux aux enfants lors de l\u2019arbre de No\u00ebl de Monaco, ont une nouvelle fois <strong>brill\u00e9 par leur \u00e9l\u00e9gance et leur jovialit\u00e9.<\/strong> <strong>Ensemble, ils ont cri\u00e9 \u00e0 l\u2019unisson : \u00ab\u00a0Bonne ann\u00e9e \u00e0 tous ! Happy New Year! Bon Anu Noevu !\u00a0\u00bb.<\/strong> Quelques secondes auparavant, le prince Albert a adress\u00e9 un beau message d\u2019amour et de r\u00e9silience au sujet de sa femme et de ses enfants, mais aussi des Mon\u00e9gasques : \u00ab\u00a0<strong>Unis lorsque les choses vont bien, nous savons l\u2019\u00eatre aussi dans les p\u00e9riodes plus douloureuses. C\u2019est tous ensemble que nous ferons de l\u2019ann\u00e9e 2026 une grande et belle ann\u00e9e pour Monaco et pour chacun de nous.\u00a0\u00bb<\/strong>\u00a0Un r\u00e9veillon \u00e0 l&rsquo;image de l&rsquo;ann\u00e9e 2025 o\u00f9 les jumeaux du couple princier ont \u00e9t\u00e9 mis \u00e0 l\u2019honneur avec de nombreuses sorties publiques. En juin dernier, le prince h\u00e9ritier Jacques avait salu\u00e9 la foule en imitant son p\u00e8re \u00e0 l\u2019occasion <a target=\"_blank\" href=\"https:\/\/www.pointdevue.fr\/royal\/monaco\/jacques-et-gabriella-de-monaco-celebrent-le-debut-de-lete-par-la-fete-de-la-saint-jean\" rel=\"noopener\">du feu de la Saint-Jean<\/a>, tandis que quelques semaines plus tard, la princesse Gabriella s\u2019\u00e9tait exprim\u00e9e pour la premi\u00e8re fois en public lors d\u2019<a target=\"_blank\" href=\"https:\/\/www.pointdevue.fr\/royal\/monaco\/gabriella-de-monaco-une-comtesse-de-carlades-en-ses-terres\" rel=\"noopener\">une visite en Aveyron<\/a>.\u00a0<\/p>\n<p>\u00c0 lire aussi : \u00a0<a target=\"_blank\" href=\"https:\/\/www.pointdevue.fr\/royal\/monaco\/famille-princiere-de-monaco-les-6-moments-marquants-de-lannee-2025\" rel=\"noopener\">Famille princi\u00e8re de Monaco : les 6 moments marquants de l&rsquo;ann\u00e9e 2025<\/a><br \/>\u00a0<\/p>\n","protected":false},"excerpt":{"rendered":"\u00ab\u00a0Alors que le monde s\u2019appr\u00eate \u00e0 refermer la page de l\u2019ann\u00e9e 2025 et \u00e0 ouvrir celle de 2026,&hellip;\n","protected":false},"author":2,"featured_media":634252,"comment_status":"","ping_status":"","sticky":false,"template":"","format":"standard","meta":{"footnotes":""},"categories":[1359],"tags":[58,59,1011,27,973],"class_list":{"0":"post-634251","1":"post","2":"type-post","3":"status-publish","4":"format-standard","5":"has-post-thumbnail","7":"category-people","8":"tag-divertissement","9":"tag-entertainment","10":"tag-fr","11":"tag-france","12":"tag-people"},"share_on_mastodon":{"url":"https:\/\/pubeurope.com\/@fr\/115820027201671698","error":""},"_links":{"self":[{"href":"https:\/\/www.europesays.com\/fr\/wp-json\/wp\/v2\/posts\/634251","targetHints":{"allow":["GET"]}}],"collection":[{"href":"https:\/\/www.europesays.com\/fr\/wp-json\/wp\/v2\/posts"}],"about":[{"href":"https:\/\/www.europesays.com\/fr\/wp-json\/wp\/v2\/types\/post"}],"author":[{"embeddable":true,"href":"https:\/\/www.europesays.com\/fr\/wp-json\/wp\/v2\/users\/2"}],"replies":[{"embeddable":true,"href":"https:\/\/www.europesays.com\/fr\/wp-json\/wp\/v2\/comments?post=634251"}],"version-history":[{"count":0,"href":"https:\/\/www.europesays.com\/fr\/wp-json\/wp\/v2\/posts\/634251\/revisions"}],"wp:featuredmedia":[{"embeddable":true,"href":"https:\/\/www.europesays.com\/fr\/wp-json\/wp\/v2\/media\/634252"}],"wp:attachment":[{"href":"https:\/\/www.europesays.com\/fr\/wp-json\/wp\/v2\/media?parent=634251"}],"wp:term":[{"taxonomy":"category","embeddable":true,"href":"https:\/\/www.europesays.com\/fr\/wp-json\/wp\/v2\/categories?post=634251"},{"taxonomy":"post_tag","embeddable":true,"href":"https:\/\/www.europesays.com\/fr\/wp-json\/wp\/v2\/tags?post=634251"}],"curies":[{"name":"wp","href":"https:\/\/api.w.org\/{rel}","templated":true}]}}