{"id":634255,"date":"2026-01-01T13:17:09","date_gmt":"2026-01-01T13:17:09","guid":{"rendered":"https:\/\/www.europesays.com\/fr\/634255\/"},"modified":"2026-01-01T13:17:09","modified_gmt":"2026-01-01T13:17:09","slug":"demain-nous-appartient-decouvrez-en-avant-premiere-le-tout-nouveau-generique-de-la-serie-de-tf1","status":"publish","type":"post","link":"https:\/\/www.europesays.com\/fr\/634255\/","title":{"rendered":"\u00ab\u00a0Demain nous appartient\u00a0\u00bb : D\u00e9couvrez en avant-premi\u00e8re le tout nouveau g\u00e9n\u00e9rique de la s\u00e9rie de TF1"},"content":{"rendered":"<p>La suite apr\u00e8s la publicit\u00e9<\/p>\n<p>Le 1er septembre 2025, <a href=\"https:\/\/www.ozap.com\/actu\/tf1-bouleverse-la-programmation-dici-tout-commence-et-demain-nous-appartient-cette-semaine-voici-pourquoi\/653007\" target=\"_blank\" rel=\"noopener\">\u00ab\u00a0Demain nous appartient\u00a0\u00bb<\/a> changeait de g\u00e9n\u00e9rique pour le lancement de la saison 9. Cependant, beaucoup avaient regrett\u00e9 qu&rsquo;il ne soit pas tr\u00e8s diff\u00e9rent du pr\u00e9c\u00e9dent qui datait de janvier 2024. L&rsquo;appel des fans ayant \u00e9t\u00e9 entendu, TF1 a d\u00e9cid\u00e9 d&rsquo;en diffuser un tout nouveau pour d\u00e9buter 2026 en beaut\u00e9. Il accompagnera les aventures des h\u00e9ros s\u00e9tois \u00e0 partir de l&rsquo;\u00e9pisode 2.111, programm\u00e9 le lundi 5 janvier, \u00e0 19h10. <strong>Purem\u00e9dias <\/strong>vous propose d&rsquo;ores et d\u00e9j\u00e0 de le d\u00e9couvrir en avant-premi\u00e8re. Comme de tradition, <a href=\"https:\/\/www.ozap.com\/personnalite\/ingrid-chauvin_e1038\" target=\"_blank\" rel=\"noopener\">Ingrid Chauvin<\/a>, qui incarne l&#8217;embl\u00e9matique Chlo\u00e9 Delcourt, ouvre la s\u00e9quence dans un arri\u00e8re-plan modifi\u00e9 mais toujours avec la musique de <a href=\"https:\/\/www.ozap.com\/personnalite\/vianney_e544605\" target=\"_blank\" rel=\"noopener\">Vianney<\/a>, \u00ab\u00a0Nos lendemains\u00a0\u00bb, compos\u00e9e sp\u00e9cialement pour le soap en 2021.<\/p>\n<p>Des visages reviennent, d&rsquo;autres disparaissent<\/p>\n<p>Exit la Mer M\u00e9diterran\u00e9e et ses bateaux, on voit d\u00e9sormais la com\u00e9dienne, v\u00eatue d&rsquo;un costume gris ample, marcher sur un tapis rouge install\u00e9 devant le c\u00e9l\u00e8bre phare Saint-Louis. Son mari dans la s\u00e9rie, Alex, jou\u00e9 par Alexandre Brasseur, cl\u00f4ture une nouvelle fois le g\u00e9n\u00e9rique. Mais l&rsquo;acteur se trouve en haut du phare et n&rsquo;est plus sur son bateau. Puis, trois personnages oubli\u00e9s du dernier g\u00e9n\u00e9rique font leur apparition : les s\u0153urs Noor et Soraya Beddiar, interpr\u00e9t\u00e9es par Sahelle de Figueiredo et Kenza Sa\u00efb-Couton, posent sur le port aux c\u00f4t\u00e9s de Samuel Chardeau (Axel Kiener) et Victoire Lazzari. Cette derni\u00e8re, \u00e0 qui Sol\u00e8ne H\u00e9bert pr\u00eate ses traits, \u00e9tait d\u00e9j\u00e0 pr\u00e9sente en septembre \u00e9tant donn\u00e9 son r\u00f4le essentiel dans les intrigues.<\/p>\n<p>D\u00e9filent ensuite Georges Caron (Mayel Elhajaoui) (Georges Caron) et Karim Saeed<strong> <\/strong>(Samy Gharbi), attabl\u00e9s en terrasse, Audrey Roussel (Charlotte Gaccio) et Damien Julliard (Adrien Rob), tout sourires. Le tableau suivant r\u00e9unit Erica Vidal (Shirley Bousquet), Bart (Hector Langevin), qui \u00e9tait absent du dernier g\u00e9n\u00e9rique, Roxane Thiemen (Rapha\u00eble Volkoff) et Sara Raynaud (Camille Genau). Leur succ\u00e8dent le procureur S\u00e9bastien Perraud (Xavier Deluc), le commandant Martin Constant<strong> <\/strong>(Franck Monsigny) et Rapha\u00eblle Perraud (Jennifer Lauret). William Daunier (Kamel Belghazi), Aurore Jacob (Julie Debazac), les \u00e9poux Sylvain (Arnaud Henriet) et Christelle Moreno (Ariane S\u00e9guillon) compl\u00e8tent le casting. La vid\u00e9o se termine sur un coucher de soleil sur le Mont-Saint-Clair, diff\u00e9rent de la nuit qui tombait sur S\u00e8te la derni\u00e8re fois.<\/p>\n<p>Violette, Soizic, Bastien et Marceau absents du g\u00e9n\u00e9rique 2026<\/p>\n<p>C&rsquo;est la douzi\u00e8me fois que la s\u00e9rie diffus\u00e9e depuis 2017 sur la Une modifie son identit\u00e9 visuelle. \u00c0 noter que Aaron Leclercq (Stany Coppet), Marianne Delcourt (Luce Mouchel), Soizic Vernet (Charlie Nune), Marceau Quattrone (David Mousset), Ellie Turpin (Carla Roturier), Bastien Kovac (Nicolas Jacquens), Violette Julliard (Salom\u00e9 B\u00e9nitha) et Fred Lecomte (Roby Schinasi) ne font plus partie de ce g\u00e9n\u00e9rique version 2026. Le signe qu&rsquo;ils seront moins pr\u00e9sents dans les futures intrigues de \u00ab\u00a0Demain nous appartient\u00a0\u00bb ?<\/p>\n","protected":false},"excerpt":{"rendered":"La suite apr\u00e8s la publicit\u00e9 Le 1er septembre 2025, \u00ab\u00a0Demain nous appartient\u00a0\u00bb changeait de g\u00e9n\u00e9rique pour le lancement&hellip;\n","protected":false},"author":2,"featured_media":634256,"comment_status":"","ping_status":"","sticky":false,"template":"","format":"standard","meta":{"footnotes":""},"categories":[1356],"tags":[58,59,1011,27,252,1364],"class_list":{"0":"post-634255","1":"post","2":"type-post","3":"status-publish","4":"format-standard","5":"has-post-thumbnail","7":"category-television","8":"tag-divertissement","9":"tag-entertainment","10":"tag-fr","11":"tag-france","12":"tag-television","13":"tag-tv"},"share_on_mastodon":{"url":"https:\/\/pubeurope.com\/@fr\/115820039410642468","error":""},"_links":{"self":[{"href":"https:\/\/www.europesays.com\/fr\/wp-json\/wp\/v2\/posts\/634255","targetHints":{"allow":["GET"]}}],"collection":[{"href":"https:\/\/www.europesays.com\/fr\/wp-json\/wp\/v2\/posts"}],"about":[{"href":"https:\/\/www.europesays.com\/fr\/wp-json\/wp\/v2\/types\/post"}],"author":[{"embeddable":true,"href":"https:\/\/www.europesays.com\/fr\/wp-json\/wp\/v2\/users\/2"}],"replies":[{"embeddable":true,"href":"https:\/\/www.europesays.com\/fr\/wp-json\/wp\/v2\/comments?post=634255"}],"version-history":[{"count":0,"href":"https:\/\/www.europesays.com\/fr\/wp-json\/wp\/v2\/posts\/634255\/revisions"}],"wp:featuredmedia":[{"embeddable":true,"href":"https:\/\/www.europesays.com\/fr\/wp-json\/wp\/v2\/media\/634256"}],"wp:attachment":[{"href":"https:\/\/www.europesays.com\/fr\/wp-json\/wp\/v2\/media?parent=634255"}],"wp:term":[{"taxonomy":"category","embeddable":true,"href":"https:\/\/www.europesays.com\/fr\/wp-json\/wp\/v2\/categories?post=634255"},{"taxonomy":"post_tag","embeddable":true,"href":"https:\/\/www.europesays.com\/fr\/wp-json\/wp\/v2\/tags?post=634255"}],"curies":[{"name":"wp","href":"https:\/\/api.w.org\/{rel}","templated":true}]}}