{"id":634257,"date":"2026-01-01T13:18:22","date_gmt":"2026-01-01T13:18:22","guid":{"rendered":"https:\/\/www.europesays.com\/fr\/634257\/"},"modified":"2026-01-01T13:18:22","modified_gmt":"2026-01-01T13:18:22","slug":"trois-groupes-de-metal-bientot-en-concert-au-juxtabar","status":"publish","type":"post","link":"https:\/\/www.europesays.com\/fr\/634257\/","title":{"rendered":"trois groupes de metal bient\u00f4t en concert au Juxtabar"},"content":{"rendered":"<p>                    Par<br \/>\n        <strong><br \/>\n            <a href=\"https:\/\/actu.fr\/auteur\/n-lepigeon\" title=\"Consulter tous les articles de Nicolas Lepigeon\" target=\"_blank\" rel=\"noopener\">Nicolas Lepigeon<\/a><br \/>\n                    <\/strong><\/p>\n<p>        Publi\u00e9 le<\/p>\n<p>            1 janv. 2026 \u00e0 9h48        <\/p>\n<p>L\u2019ann\u00e9e 2026 commence comme l\u2019ann\u00e9e 2025 s\u2019est termin\u00e9e au <a href=\"https:\/\/www.facebook.com\/juxtabar\" target=\"_blank\" rel=\"noopener\">Juxtabar<\/a> : avec du gros son ! Les fans de <b>metal <\/b>ont d\u00e9sormais leurs habitudes dans le <b>bar-brasserie cherbourgeois<\/b> situ\u00e9 au pied du boulevard de l\u2019Atlantique.<\/p>\n<p class=\" wall-content\"><b>Samedi 10 janvier 2026<\/b>, \u00e0 partir de 19 h 30, ils pourront appr\u00e9cier les divers styles de musiques extr\u00eames \u00e9manant de la sc\u00e8ne qui sera occup\u00e9e par <a href=\"https:\/\/www.facebook.com\/profile.php?id=61558730891796\" target=\"_blank\" rel=\"noopener\">Don\u2019t Disturb The Trolls<\/a>, Therendes et Proud Furia Asylum.<\/p>\n<p>    <a href=\"https:\/\/www.facebook.com\/plugins\/post.php?href=https%3A%2F%2Fwww.facebook.com%2Fpermalink.php%3Fstory_fbid%3Dpfbid0Ceq1VmZ4f6F6Lo7DxEnsskub18LBjCwmqko1Tfc4S5xxg9XcbuAxmGCthhB4gxvkl%26id%3D61558730891796&amp;show_text=true&amp;width=350\" title=\"Ouvrie le lien\" target=\"_blank\" rel=\"noopener\">Cliquez ici pour visualiser le contenu<\/a><\/p>\n<p>Diff\u00e9rentes saveurs de metal<\/p>\n<p class=\" wall-content\">Les premiers nomm\u00e9s sont les locaux de l\u2019\u00e9tape, originaires de <a href=\"https:\/\/actu.fr\/normandie\/cherbourg-en-cotentin_50129\" target=\"_blank\" rel=\"noopener\">Cherbourg<\/a> et <a href=\"https:\/\/actu.fr\/normandie\/saint-lo_50502\" target=\"_blank\" rel=\"noopener\">Saint-L\u00f4<\/a>. Fond\u00e9 fin 2023 par C\u00e9dric Ducastel (guitare, chant), Christophe Gisle (basse) et Philippe Loiseau (batterie), le groupe a donn\u00e9 son premier concert au Kraken le 9 novembre 2024.<\/p>\n<p class=\" wall-content\">\u00ab\u00a0Notre musique allie l\u2019agressivit\u00e9 du <b>death metal, <\/b>puisant son inspiration dans des groupes tels que Behemoth, Amon Amarth, Death, Nile et Benighted, avec l\u2019atmosph\u00e8re sombre du <b>black metal<\/b>, influenc\u00e9 par des formations comme Emperor, Enslaved, Mg\u0142a, P\u00e9nitence Onirique et Regarde Les Hommes Tomber pour ne citer qu\u2019eux\u00a0\u00bb, confiaient-ils \u00e0 l\u2019\u00e9poque, avant de sortir un EP 6-titres en avril 2025.<\/p>\n<blockquote class=\"ac-article-quote wall-content\">\n<p>Les paroles refl\u00e8tent la r\u00e9sistance de la Terre M\u00e8re face \u00e0 une humanit\u00e9 toujours plus destructrice, d\u00e9non\u00e7ant l\u2019hypocrisie et la violence inh\u00e9rentes au genre humain. L\u2019imagerie du troll incarne les cinq \u00e9l\u00e9ments de la Nature, symboles de sa puissance et de sa col\u00e8re, pr\u00eats \u00e0 r\u00e9tablir l\u2019\u00e9quilibre menac\u00e9.<\/p>\n<p>Don\u2019t Disturb The Trolls<\/p><\/blockquote>\n<p>Vid\u00e9os : en ce moment sur Actu<\/p>\n<p class=\" wall-content\">Cette soir\u00e9e se d\u00e9roulera en compagnie de \u00ab deux <b>groupes de<\/b> <b>furieux du\u00a0Havre<\/b> alors venez nombreux pour les accueillir comme il se doit \u00bb.<\/p>\n<p class=\" wall-content\">D\u2019une part <a href=\"https:\/\/www.facebook.com\/profile.php?id=61571891050501\" target=\"_blank\" rel=\"noopener\">Therendes<\/a>, nom de la b\u00eate issue d\u2019une vieille l\u00e9gende normande, est compos\u00e9 de Ren au chant, Arthur et Olivier \u00e0 la guitare, et Bert Hramn \u00e0 la basse, pour un son heavy et des textes sombres et percutants.<\/p>\n<p>Votre r\u00e9gion, votre actu !<\/p>\n<p>Recevez chaque jour les infos qui comptent pour vous.<\/p>\n<p>\t<a href=\"https:\/\/actu.fr\/newsletter\" class=\"ac-btn ac-btn--corner ac-btn--medium ac-btn--blue800\" target=\"_blank\" rel=\"noopener\">S&rsquo;incrire<\/a><\/p>\n<p class=\" wall-content\">D\u2019autre part <a href=\"https:\/\/www.facebook.com\/profile.php?id=100091414809306\" target=\"_blank\" rel=\"noopener\">Proud Furia Asylum<\/a>, un quatuor metal qui ne manque pas d\u2019humour puisqu\u2019il r\u00e9unit Korn Flakes \u00e0 la guitare, Fred Zeppelin \u00e0 la batterie, Did Purple \u00e0 la basse et Henry Death \u00e0 la guitare et au chant.<\/p>\n<p>Samedi 10 janvier 2026 \u00e0 partir de 19 h 30, au Juxtabar, 1, boulevard de l\u2019Atlantique \u00e0 Cherbourg. Entr\u00e9e \u00e0 prix libre, restauration sur place.<\/p>\n<p class=\" wall-content\">Personnalisez votre actualit\u00e9 en ajoutant vos villes et m\u00e9dias en favori avec <a href=\"https:\/\/moncompte.actu.fr\" title=\"D\u00e9couvez Mon Actu\" rel=\"nofollow noopener\" data-trk=\"{&quot;cta&quot;:{&quot;action&quot;:&quot;https:\\\/\\\/moncompte.actu.fr&quot;,&quot;category&quot;:&quot;mon compte&quot;,&quot;from&quot;:&quot;article footer&quot;,&quot;name&quot;:&quot;Mon actu&quot;,&quot;type&quot;:&quot;cta&quot;}}\" target=\"_blank\">Mon Actu<\/a>.<\/p>\n","protected":false},"excerpt":{"rendered":"Par Nicolas Lepigeon Publi\u00e9 le 1 janv. 2026 \u00e0 9h48 L\u2019ann\u00e9e 2026 commence comme l\u2019ann\u00e9e 2025 s\u2019est termin\u00e9e&hellip;\n","protected":false},"author":2,"featured_media":634258,"comment_status":"","ping_status":"","sticky":false,"template":"","format":"standard","meta":{"footnotes":""},"categories":[1355],"tags":[1697,3168,58,59,1011,27,1652,1361,873],"class_list":{"0":"post-634257","1":"post","2":"type-post","3":"status-publish","4":"format-standard","5":"has-post-thumbnail","7":"category-musique","8":"tag-concert","9":"tag-cotentin","10":"tag-divertissement","11":"tag-entertainment","12":"tag-fr","13":"tag-france","14":"tag-loisirs-culture","15":"tag-music","16":"tag-musique"},"share_on_mastodon":{"url":"https:\/\/pubeurope.com\/@fr\/115820043385947594","error":""},"_links":{"self":[{"href":"https:\/\/www.europesays.com\/fr\/wp-json\/wp\/v2\/posts\/634257","targetHints":{"allow":["GET"]}}],"collection":[{"href":"https:\/\/www.europesays.com\/fr\/wp-json\/wp\/v2\/posts"}],"about":[{"href":"https:\/\/www.europesays.com\/fr\/wp-json\/wp\/v2\/types\/post"}],"author":[{"embeddable":true,"href":"https:\/\/www.europesays.com\/fr\/wp-json\/wp\/v2\/users\/2"}],"replies":[{"embeddable":true,"href":"https:\/\/www.europesays.com\/fr\/wp-json\/wp\/v2\/comments?post=634257"}],"version-history":[{"count":0,"href":"https:\/\/www.europesays.com\/fr\/wp-json\/wp\/v2\/posts\/634257\/revisions"}],"wp:featuredmedia":[{"embeddable":true,"href":"https:\/\/www.europesays.com\/fr\/wp-json\/wp\/v2\/media\/634258"}],"wp:attachment":[{"href":"https:\/\/www.europesays.com\/fr\/wp-json\/wp\/v2\/media?parent=634257"}],"wp:term":[{"taxonomy":"category","embeddable":true,"href":"https:\/\/www.europesays.com\/fr\/wp-json\/wp\/v2\/categories?post=634257"},{"taxonomy":"post_tag","embeddable":true,"href":"https:\/\/www.europesays.com\/fr\/wp-json\/wp\/v2\/tags?post=634257"}],"curies":[{"name":"wp","href":"https:\/\/api.w.org\/{rel}","templated":true}]}}