{"id":634261,"date":"2026-01-01T13:20:13","date_gmt":"2026-01-01T13:20:13","guid":{"rendered":"https:\/\/www.europesays.com\/fr\/634261\/"},"modified":"2026-01-01T13:20:13","modified_gmt":"2026-01-01T13:20:13","slug":"il-rivalise-avec-2-tranches-de-camembert","status":"publish","type":"post","link":"https:\/\/www.europesays.com\/fr\/634261\/","title":{"rendered":"il rivalise avec 2 tranches de camembert"},"content":{"rendered":"<p>Faux amis au rayon frais : ces<br \/>\nyaourts qui p\u00e8sent lourd dans l\u2019assiette<\/p>\n<p data-start=\"466\" data-end=\"847\">Ils sont blancs, lisses,<br \/>\npr\u00e9sent\u00e9s comme \u00ab\u00a0naturels\u00a0\u00bb, \u00ab\u00a0riches en prot\u00e9ines\u00a0\u00bb, \u00ab\u00a0sains pour les<br \/>\nos\u00a0\u00bb\u2026 et pourtant. Tous les <a href=\"https:\/\/www.modesettravaux.fr\/trucs-et-astuces\/fallait-le-savoir\/60-millions-de-consommateurs-revele-les-4-pires-yaourts-vendus-en-supermarche-118015.html\" target=\"_blank\" rel=\"noopener\"><br \/>\nyaourts<\/a> ne se valent pas. Dans une enqu\u00eate publi\u00e9 en janvier<br \/>\n2025, l\u2019association <a href=\"https:\/\/www.quechoisir.org\/\" target=\"_blank\" rel=\"noopener\">UFC-Que<br \/>\nChoisir<\/a> a pass\u00e9 au crible 30 r\u00e9f\u00e9rences de produits laitiers<br \/>\nvendus en grande surface : <strong>du skyr au petit-suisse, en<br \/>\npassant par le fromage blanc ou les yaourts de brebis.<\/strong><\/p>\n<p data-start=\"849\" data-end=\"1213\">R\u00e9sultat : la teneur en<br \/>\ncalcium, prot\u00e9ines, graisses et calories varie du simple au triple<br \/>\nselon les marques et les types de yaourts. L\u2019\u00e9tude fait voler en<br \/>\n\u00e9clat certaines id\u00e9es re\u00e7ues, notamment sur les produits pris\u00e9s<br \/>\npour leur profil \u201csant\u00e9\u201d. \u00c0 commencer par les petits-suisses, qui<br \/>\nse hissent tout en haut du podium des plus caloriques\u2026 aux c\u00f4t\u00e9s du<br \/>\ncamembert.<\/p>\n<p>Le petit-suisse, champion\u2026 de<br \/>\nla graisse<\/p>\n<p data-start=\"1265\" data-end=\"1530\">\u00c0 premi\u00e8re vue, c\u2019est une<br \/>\nportion minuscule, bien sage dans son emballage color\u00e9. En r\u00e9alit\u00e9,<br \/>\nle petit-suisse cache un profil nutritionnel \u00e9tonnamment riche.<br \/>\nUFC-Que Choisir parle d\u2019un vrai \u201cgrand \u00e9cart\u201d parmi <a href=\"https:\/\/www.modesettravaux.fr\/beaute-bien-etre\/sante-beaute-bien-etre\/ventre-plat-finir-le-diner-avec-ce-yaourt-evite-le-stockage-de-graisse-abdominale-selon-ce-medecin-156639.html\" target=\"_blank\" rel=\"noopener\"><br \/>\nles produits laitiers frais<\/a>, avec un focus sans appel :<\/p>\n<p data-start=\"1532\" data-end=\"1774\">\u00ab\u00a0Au coude \u00e0 coude avec les<br \/>\nyaourts \u00e0 la grec avec 10% de mati\u00e8res grasses. Une portion de ces<br \/>\nproduits apporte <strong>autant de gras que 2 tranches de<br \/>\ncamemberts et contient jusqu\u2019\u00e0 trois fois les calories d\u2019un yaourt<br \/>\nde vache partiellement \u00e9cr\u00e9m<\/strong><strong>\u00e9<\/strong>\u00ab\u00a0.<\/p>\n<p data-start=\"1776\" data-end=\"2065\">Concr\u00e8tement, cela repr\u00e9sente<br \/>\nen moyenne <strong data-start=\"1817\" data-end=\"1866\">140 calories<br \/>\npour 100 grammes de petit-suisse<\/strong>, contre environ 50 pour<br \/>\nun yaourt de vache classique. Et contrairement \u00e0 ce que l\u2019on<br \/>\npourrait croire, ce n\u2019est pas un bon apport en calcium : ces<br \/>\nyaourts figurent parmi les plus pauvres en min\u00e9raux.<\/p>\n<p data-start=\"2067\" data-end=\"2261\">Cerise sur le pot ? Ces<br \/>\nproduits sont vendus dans <strong data-start=\"2117\" data-end=\"2156\">des contenants plastiques unitaires<\/strong>, g\u00e9n\u00e9rant une<br \/>\nquantit\u00e9 consid\u00e9rable de d\u00e9chets. Un vrai contre-sens \u00e0 l\u2019heure de<br \/>\nla sobri\u00e9t\u00e9 \u00e9cologique.<\/p>\n<p><img loading=\"lazy\" decoding=\"async\" aria-describedby=\"caption-attachment-138131\" itemprop=\"thumbnailUrl\" class=\"wp-image-138131 img-responsive\" src=\"https:\/\/www.europesays.com\/fr\/wp-content\/uploads\/2025\/10\/shutterstock_2403034725-1-1024x684.jpg\" alt=\"\" width=\"698\" height=\"466\"\/> \u00a9<br \/>\nShutterstock<\/p>\n<p id=\"caption-attachment-138131\" class=\"wp-caption-text\">\n<strong data-start=\"3\" data-end=\"58\" data-is-only-node=\"\">140<br \/>\ncalories et 10 % de mati\u00e8res grasses pour 100 g<\/strong> : ce<br \/>\npetit-suisse tr\u00e8s courant affiche la m\u00eame teneur en graisses que<br \/>\ndeux tranches de camembert, selon l\u2019UFC-Que Choisir.<\/p>\n<p>Comment bien choisir son<br \/>\nyaourt : les bons r\u00e9flexes<\/p>\n<p data-start=\"2324\" data-end=\"2459\">Le yaourt peut rester <a href=\"https:\/\/www.modesettravaux.fr\/beaute-bien-etre\/sante-beaute-bien-etre\/il-est-dans-tous-les-frigos-mais-ce-yaourt-fait-bondir-la-glycemie-selon-une-nutritionniste-138125.html\" target=\"_blank\" rel=\"noopener\"><br \/>\nun alli\u00e9 sant\u00e9<\/a>, \u00e0 condition de ne pas le choisir \u00e0 l\u2019aveugle.<br \/>\nVoici les r\u00e9flexes simples pour \u00e9viter les pi\u00e8ges :<\/p>\n<ul data-start=\"2461\" data-end=\"3326\">\n<li data-start=\"2461\" data-end=\"2657\">\n<p data-start=\"2463\" data-end=\"2657\"><strong data-start=\"2463\" data-end=\"2505\">V\u00e9rifiez la teneur en mati\u00e8res grasses<\/strong> :<br \/>\nm\u00e9fiez-vous des yaourts \u00ab\u00a0nature\u00a0\u00bb qui peuvent contenir jusqu\u2019\u00e0 10 %<br \/>\nde lipides. Pr\u00e9f\u00e9rez les versions 0 %, skyrs all\u00e9g\u00e9s ou yaourts de<br \/>\nbrebis \u00e9cr\u00e9m\u00e9s.<\/p>\n<\/li>\n<li data-start=\"2658\" data-end=\"2832\">\n<p data-start=\"2660\" data-end=\"2832\"><strong data-start=\"2660\" data-end=\"2702\">Fiez-vous au calcium, pas au marketing<\/strong> :<br \/>\nle yaourt de brebis est l\u2019un des plus int\u00e9ressants. Il peut couvrir<br \/>\n\u00ab\u00a020 \u00e0 30 % des besoins quotidiens en calcium\u00a0\u00bb, selon<br \/>\nl\u2019UFC.<\/p>\n<\/li>\n<li data-start=\"2833\" data-end=\"2995\">\n<p data-start=\"2835\" data-end=\"2995\"><strong data-start=\"2835\" data-end=\"2872\">Ne surconsommez pas les prot\u00e9ines<\/strong> :<br \/>\n\u00ab\u00a0Si vous b\u00e9n\u00e9ficiez d\u2019un r\u00e9gime alimentaire \u00e9quilibr\u00e9, vous<br \/>\nn\u2019avez pas besoin d\u2019augmenter votre apport par <a href=\"https:\/\/www.modesettravaux.fr\/beaute-bien-etre\/sante-beaute-bien-etre\/vous-mangez-des-yaourts-ce-produit-oublie-du-frigo-est-3-fois-plus-riche-en-probiotiques-133745.html\" target=\"_blank\" rel=\"noopener\"><br \/>\nvos yaourts<\/a>\u00ab\u00a0.<\/p>\n<\/li>\n<li data-start=\"2996\" data-end=\"3131\">\n<p data-start=\"2998\" data-end=\"3131\"><strong data-start=\"2998\" data-end=\"3035\">Soyez attentif au conditionnement<\/strong> :<br \/>\nfavorisez les pots familiaux plut\u00f4t que les formats miniatures tr\u00e8s<br \/>\ng\u00e9n\u00e9rateurs de plastique.<\/p>\n<\/li>\n<li data-start=\"3132\" data-end=\"3326\">\n<p data-start=\"3134\" data-end=\"3326\"><strong data-start=\"3134\" data-end=\"3159\">Pensez \u00e0 la diversit\u00e9<\/strong> : certains l\u00e9gumes<br \/>\nverts (chou fris\u00e9, \u00e9pinards), l\u00e9gumineuses (pois chiches,<br \/>\nlentilles) et fruits secs (figues, raisins) apportent eux aussi du<br \/>\ncalcium naturellement.<\/p>\n<\/li>\n<\/ul>\n<p>Ce<br \/>\nque r\u00e9v\u00e8le vraiment notre amour du yaourt<\/p>\n<p data-start=\"3382\" data-end=\"3621\">Pourquoi continue-t-on \u00e0<br \/>\npenser que le yaourt, quel qu\u2019il soit, est <a href=\"https:\/\/www.modesettravaux.fr\/beaute-bien-etre\/sante-beaute-bien-etre\/ce-yaourt-juge-sain-pourrait-contenir-des-additifs-lies-au-cancer-selon-60-millions-de-consommateurs-et-vous-lavez-surement-dans-votre-frigo-132122.html\" target=\"_blank\" rel=\"noopener\"><br \/>\nle totem d\u2019une alimentation saine<\/a> ? Parce qu\u2019il coche toutes<br \/>\nles cases du fantasme di\u00e9t\u00e9tique : rassasiant, prot\u00e9in\u00e9, peu sucr\u00e9,<br \/>\n\u201cfait maison\u201d dans l\u2019imaginaire collectif.<\/p>\n<p data-start=\"3623\" data-end=\"3926\">Mais cette vision a ses<br \/>\nlimites, surtout quand le produit en question contient<br \/>\n<strong data-start=\"3702\" data-end=\"3746\">autant de mati\u00e8res<br \/>\ngrasses qu\u2019un fromage<\/strong>. La palme revient donc \u00e0 ces petits<br \/>\nformats, dop\u00e9s au gras et pauvres en calcium, vendus comme<br \/>\n\u201cnaturels\u201d ou \u201cpour les enfants\u201d, mais loin d\u2019\u00eatre anodins dans un<br \/>\nr\u00e9gime quotidien.<\/p>\n<p data-start=\"3928\" data-end=\"4162\">En r\u00e9alit\u00e9, ce sont les<br \/>\nproduits les plus simples, parfois <a href=\"https:\/\/www.modesettravaux.fr\/beaute-bien-etre\/sante-beaute-bien-etre\/attention-a-ce-yaourt-soi-disant-sain-il-contient-deux-fois-plus-de-calories-quun-coca-cola-alerte-lufc-que-choisir-126539.html\" target=\"_blank\" rel=\"noopener\"><br \/>\nles moins market\u00e9s<\/a>, qui remplissent le mieux les promesses<br \/>\nnutritionnelles. Un retour \u00e0 la base, en somme : choisir,<br \/>\ncomprendre, et lire les \u00e9tiquettes plut\u00f4t que les slogans.<\/p>\n<p><img loading=\"lazy\" decoding=\"async\" class=\"wp-image-118019 img-responsive\" src=\"https:\/\/www.europesays.com\/fr\/wp-content\/uploads\/2025\/11\/design-sans-titre-5-5-1024x576.jpg\" alt=\"\" width=\"699\" height=\"393\"\/> \u00a9<br \/>\nShutterstock<\/p>\n","protected":false},"excerpt":{"rendered":"Faux amis au rayon frais : ces yaourts qui p\u00e8sent lourd dans l\u2019assiette Ils sont blancs, lisses, pr\u00e9sent\u00e9s&hellip;\n","protected":false},"author":2,"featured_media":508665,"comment_status":"","ping_status":"","sticky":false,"template":"","format":"standard","meta":{"footnotes":""},"categories":[10],"tags":[5742,69201,3396,10489,74251,17488,1805,154,932,1011,3844,27,39198,72,3707,74250,71,41499,96,17330],"class_list":{"0":"post-634261","1":"post","2":"type-post","3":"status-publish","4":"format-standard","5":"has-post-thumbnail","7":"category-sante","8":"tag-5742","9":"tag-adore","10":"tag-avec","11":"tag-bombe","12":"tag-camembert","13":"tag-ce","14":"tag-de","15":"tag-des","16":"tag-est","17":"tag-fr","18":"tag-francais","19":"tag-france","20":"tag-gras","21":"tag-health","22":"tag-il","23":"tag-rivalise","24":"tag-sante","25":"tag-tranches","26":"tag-une","27":"tag-yaourt"},"share_on_mastodon":{"url":"https:\/\/pubeurope.com\/@fr\/115820051339769770","error":""},"_links":{"self":[{"href":"https:\/\/www.europesays.com\/fr\/wp-json\/wp\/v2\/posts\/634261","targetHints":{"allow":["GET"]}}],"collection":[{"href":"https:\/\/www.europesays.com\/fr\/wp-json\/wp\/v2\/posts"}],"about":[{"href":"https:\/\/www.europesays.com\/fr\/wp-json\/wp\/v2\/types\/post"}],"author":[{"embeddable":true,"href":"https:\/\/www.europesays.com\/fr\/wp-json\/wp\/v2\/users\/2"}],"replies":[{"embeddable":true,"href":"https:\/\/www.europesays.com\/fr\/wp-json\/wp\/v2\/comments?post=634261"}],"version-history":[{"count":0,"href":"https:\/\/www.europesays.com\/fr\/wp-json\/wp\/v2\/posts\/634261\/revisions"}],"wp:featuredmedia":[{"embeddable":true,"href":"https:\/\/www.europesays.com\/fr\/wp-json\/wp\/v2\/media\/508665"}],"wp:attachment":[{"href":"https:\/\/www.europesays.com\/fr\/wp-json\/wp\/v2\/media?parent=634261"}],"wp:term":[{"taxonomy":"category","embeddable":true,"href":"https:\/\/www.europesays.com\/fr\/wp-json\/wp\/v2\/categories?post=634261"},{"taxonomy":"post_tag","embeddable":true,"href":"https:\/\/www.europesays.com\/fr\/wp-json\/wp\/v2\/tags?post=634261"}],"curies":[{"name":"wp","href":"https:\/\/api.w.org\/{rel}","templated":true}]}}