{"id":634266,"date":"2026-01-01T13:23:10","date_gmt":"2026-01-01T13:23:10","guid":{"rendered":"https:\/\/www.europesays.com\/fr\/634266\/"},"modified":"2026-01-01T13:23:10","modified_gmt":"2026-01-01T13:23:10","slug":"elles-ont-mauvaise-reputation-mais-elles-possedent-une-capacite-etonnante-a-produire-de-la-chaleur","status":"publish","type":"post","link":"https:\/\/www.europesays.com\/fr\/634266\/","title":{"rendered":"Elles ont mauvaise r\u00e9putation, mais elles poss\u00e8dent une capacit\u00e9 \u00e9tonnante \u00e0 produire de la chaleur"},"content":{"rendered":"<p>On les accuse souvent de tous les maux : pollutions, nuisances sonores, fum\u00e9es au loin. Les usines, surtout en plein hiver, semblent cristalliser les reproches. Mais derri\u00e8re leur mauvaise r\u00e9putation, ces g\u00e9antes industrielles cachent un atout surprenant, trop longtemps ignor\u00e9. Et si, en ce d\u00e9but d\u2019ann\u00e9e 2026 o\u00f9 beaucoup scrutent leur compteur de chauffage avec inqui\u00e9tude, ces infrastructures devenaient l\u2019une des cl\u00e9s pour all\u00e9ger nos factures et chauffer nos logements en respectant mieux la plan\u00e8te ? Le secret est dans la <strong>chaleur qu\u2019elles rejettent<\/strong> et dans des d\u00e9cisions r\u00e9glementaires toutes r\u00e9centes qui pourraient bien tout changer. Levons le voile sur une source d\u2019\u00e9nergie aussi invisible qu\u2019incroyablement prometteuse pour nos foyers fran\u00e7ais.<\/p>\n<p>Les usines, coupables id\u00e9ales ou alli\u00e9es insoup\u00e7onn\u00e9es de la transition \u00e9nerg\u00e9tique ?<\/p>\n<p>Qui ne s\u2019est jamais plaint des volutes blanches sortant d\u2019une chemin\u00e9e d\u2019usine, surtout par temps de brouillard ? Pourtant, ce que certains voient comme de la simple pollution, c\u2019est avant tout de la <strong>chaleur qui s\u2019\u00e9vapore<\/strong> et qui pourrait servir autrement. Pendant des d\u00e9cennies, cette \u00e9nergie s\u2019est dissoute dans l\u2019air, perdue pour tout le monde, alors m\u00eame que les besoins de chauffage flambaient dans les foyers voisins. L\u2019hiver bat son plein, et cette abondance invisible continue d\u2019\u00eatre n\u00e9glig\u00e9e.<\/p>\n<p>Il est temps de changer de perspective. On parle de \u00ab\u00a0chaleur fatale\u00a0\u00bb pour d\u00e9signer ces rejets thermiques issus de l\u2019industrie. Mais dans ce mot, il y a surtout l\u2019id\u00e9e d\u2019un g\u00e2chis. En r\u00e9alit\u00e9, ces flux repr\u00e9sentent une richesse : de quoi alimenter des radiateurs, produire de l\u2019eau chaude, tout en diminuant notre utilisation de gaz ou d\u2019\u00e9lectricit\u00e9. <strong>L\u2019usine souvent per\u00e7ue comme un \u00ab\u00a0probl\u00e8me\u00a0\u00bb pourrait devenir un partenaire incontournable de la transition \u00e9cologique<\/strong>.<\/p>\n<p>Valoriser l\u2019invisible : comprendre la r\u00e9cup\u00e9ration de chaleur industrielle<\/p>\n<p>Derri\u00e8re ce potentiel parfois insoup\u00e7onn\u00e9 se cache une technologie \u00e9prouv\u00e9e : la r\u00e9cup\u00e9ration de chaleur. Pour faire simple, il s\u2019agit de <strong>capter les calories<\/strong> qui s\u2019\u00e9chappent des proc\u00e9d\u00e9s industriels (turbines, fours, circuits de refroidissement) gr\u00e2ce \u00e0 des \u00e9changeurs thermiques, puis de les rediriger vers des usages utiles. Ce n\u2019est pas de la science-fiction : dans de nombreuses industries, des kilom\u00e8tres de tuyaux et de capteurs sont d\u00e9j\u00e0 capables de collecter ces pr\u00e9cieuses calories.<\/p>\n<p>Ce n\u2019est que le d\u00e9but du voyage. Une fois la chaleur r\u00e9colt\u00e9e, il faut l\u2019acheminer \u2013 souvent via des r\u00e9seaux de chaleur urbains \u2013 jusqu\u2019aux immeubles r\u00e9sidentiels, aux \u00e9coles, aux b\u00e2timents publics. Les calories industrielles parcourent alors la ville telles de discr\u00e8tes ouvri\u00e8res, traversant l\u2019hiver pour r\u00e9chauffer les int\u00e9rieurs sans que personne ne s\u2019en doute. <strong>Cette boucle, entre industrie et r\u00e9sidentiel, symbolise une forme d\u2019\u00e9conomie circulaire o\u00f9 rien n\u2019est perdu<\/strong>.<\/p>\n<p>De nouvelles fiches CEE, un d\u00e9clic r\u00e9glementaire qui acc\u00e9l\u00e8re la transition<\/p>\n<p>Jusqu\u2019ici, la r\u00e9cup\u00e9ration de chaleur industrielle restait r\u00e9serv\u00e9e \u00e0 quelques pionniers. Mais tout pourrait changer en 2025, gr\u00e2ce \u00e0 la publication de <strong>nouvelles fiches CEE<\/strong> (Certificats d\u2019\u00c9conomies d\u2019\u00c9nergie). Ces documents officiels d\u00e9taillent d\u00e9sormais pr\u00e9cis\u00e9ment la valorisation de la chaleur fatale, avec des crit\u00e8res homog\u00e8nes, des bar\u00e8mes d\u2019aides revus et un cadre enfin stabilis\u00e9. Pour les industriels, c\u2019est le feu vert qui manquait, avec la promesse de soutiens plus lisibles pour investir.<\/p>\n<p>Qui sont les premiers concern\u00e9s ? Les usines, bien s\u00fbr, mais aussi les collectivit\u00e9s locales, en qu\u00eate de solutions pour <strong>baisser les factures d\u2019\u00e9nergie<\/strong>, et les gestionnaires de r\u00e9seaux urbains d\u00e9j\u00e0 sur le pont pour moderniser leur infrastructure. Cette nouvelle donne r\u00e9glementaire ouvre grand la porte \u00e0 de nouveaux partenariats, sur tout le territoire, en ville comme \u00e0 la campagne.<\/p>\n<p>Moins de CO2, plus d\u2019\u00e9conomies : les b\u00e9n\u00e9fices collectifs et individuels<\/p>\n<p>Le principal int\u00e9r\u00eat, c\u2019est \u00e9videmment \u00e9cologique. R\u00e9cup\u00e9rer la chaleur perdue, c\u2019est <strong>r\u00e9duire la consommation d\u2019\u00e9nergies fossiles<\/strong>, et donc les \u00e9missions de CO2 li\u00e9es au chauffage. \u00c0 l\u2019\u00e9chelle d\u2019une ville moyenne, plusieurs milliers de tonnes de CO2 \u00e9vit\u00e9es chaque ann\u00e9e : un pas concret pour les budgets municipaux, et pour la plan\u00e8te.<\/p>\n<p>Mais ce n\u2019est pas tout. Pour les habitants, la r\u00e9cup\u00e9ration de chaleur industrielle, c\u2019est <strong>une facture de chauffage potentiellement all\u00e9g\u00e9e<\/strong>, car l\u2019\u00e9nergie utilis\u00e9e est moins ch\u00e8re et plus stable que celle des hydrocarbures traditionnels. Selon les premiers retours, certains quartiers ayant acc\u00e8s \u00e0 un r\u00e9seau de chaleur r\u00e9cup\u00e9rant l\u2019\u00e9nergie d\u2019une usine voisine ont vu leurs charges diminuer de 10 \u00e0 20%.<\/p>\n<p>Les projets pionniers : quand la r\u00e9cup\u00e9ration de chaleur devient r\u00e9alit\u00e9 locale<\/p>\n<p>De plus en plus de villes s\u2019engagent dans cette voie. \u00c0 Dunkerque, par exemple, la chaleur issue des hauts-fourneaux alimente d\u00e9j\u00e0 18 000 logements. \u00c0 Paris, de grandes installations valorisent les \u00e9nergies fatales des usines d\u2019incin\u00e9ration. M\u00eame des petites communes se lancent, \u00e9paul\u00e9es par leurs intercommunalit\u00e9s, convaincues par la <strong>robustesse du syst\u00e8me<\/strong>.<\/p>\n<p>Des retours sur le terrain confirment l\u2019utilit\u00e9 tr\u00e8s concr\u00e8te de ces projets : des industriels d\u00e9couvrent la fiert\u00e9 de voir leur \u00e9nergie autrefois perdue chauffer leurs voisins, tandis que des familles b\u00e9n\u00e9ficient de logements mieux chauff\u00e9s l\u2019hiver sans hausse de charges.<\/p>\n<p>Lever les obstacles : d\u00e9fis et leviers pour une g\u00e9n\u00e9ralisation<\/p>\n<p>Toutefois, rien n\u2019est jamais simple. Les obstacles techniques \u2013 longueur des r\u00e9seaux, adaptations \u00e0 la demande locale \u2013 et financiers \u2013 co\u00fbt initial des installations \u2013 <strong>freinent encore certaines collectivit\u00e9s<\/strong>. La r\u00e9glementation reste complexe, et les synergies entre industriels et collectivit\u00e9s n\u00e9cessitent du dialogue, voire une vraie m\u00e9diation.<\/p>\n<p>Mais les solutions \u00e9mergent. <strong>Les nouvelles aides financi\u00e8res issues des fiches CEE<\/strong>, le d\u00e9veloppement de technologies plus performantes et les initiatives locales montrent la voie. L\u00e0 o\u00f9 les citoyens, les \u00e9lus et les industriels se parlent, les projets avancent vite. La mobilisation des habitants, qui d\u00e9couvrent aussi qu\u2019ils peuvent peser sur les choix \u00e9nerg\u00e9tiques locaux, s\u2019av\u00e8re souvent d\u00e9terminante.<\/p>\n<p>De la mauvaise r\u00e9putation \u00e0 l\u2019\u00e9conomie circulaire : l\u2019avenir du chauffage r\u00e9sidentiel gr\u00e2ce \u00e0 l\u2019industrie<\/p>\n<p>Qui aurait cru qu\u2019une usine, longtemps per\u00e7ue comme un bouc \u00e9missaire, puisse jouer un r\u00f4le si positif ? L\u2019enjeu, \u00e0 l\u2019heure o\u00f9 l\u2019\u00e9nergie devient un sujet central de soci\u00e9t\u00e9, n\u2019est pas seulement de recycler de la chaleur : c\u2019est d\u2019entrer enfin dans une <strong>logique d\u2019\u00e9conomie circulaire \u00e9nerg\u00e9tique<\/strong>, o\u00f9 chaque calorie compte. Moins de gaspillages, plus de synergies locales : tout un programme !<\/p>\n<p>Prochaine \u00e9tape ? Acc\u00e9l\u00e9rer la duplication de ces mod\u00e8les, avec l\u2019appui des nouvelles r\u00e9glementations et des financements d\u00e9bloqu\u00e9s par les fiches CEE 2025. Les particuliers et les \u00e9lus locaux, s\u2019ils veulent en savoir plus ou participer \u00e0 un projet, ont tout int\u00e9r\u00eat \u00e0 contacter leur mairie ou les gestionnaires de r\u00e9seaux urbains : l\u2019information est publique, les initiatives se multiplient, et il existe des accompagnements neutres pour s\u2019engager sereinement.<\/p>\n<p>Ce d\u00e9but d\u2019ann\u00e9e s\u2019annonce donc sous le signe de la <strong>transformation \u00e9nerg\u00e9tique<\/strong> : alors, pr\u00eats \u00e0 regarder les usines d\u2019un autre \u0153il en 2026 ?<\/p>\n","protected":false},"excerpt":{"rendered":"On les accuse souvent de tous les maux : pollutions, nuisances sonores, fum\u00e9es au loin. Les usines, surtout&hellip;\n","protected":false},"author":2,"featured_media":634267,"comment_status":"","ping_status":"","sticky":false,"template":"","format":"standard","meta":{"footnotes":""},"categories":[7],"tags":[1011,27,43,40,41,39,42,44],"class_list":{"0":"post-634266","1":"post","2":"type-post","3":"status-publish","4":"format-standard","5":"has-post-thumbnail","7":"category-sciences-et-technologies","8":"tag-fr","9":"tag-france","10":"tag-science","11":"tag-science-and-technology","12":"tag-sciences","13":"tag-sciences-et-technologies","14":"tag-technologies","15":"tag-technology"},"share_on_mastodon":{"url":"https:\/\/pubeurope.com\/@fr\/115820062901985175","error":""},"_links":{"self":[{"href":"https:\/\/www.europesays.com\/fr\/wp-json\/wp\/v2\/posts\/634266","targetHints":{"allow":["GET"]}}],"collection":[{"href":"https:\/\/www.europesays.com\/fr\/wp-json\/wp\/v2\/posts"}],"about":[{"href":"https:\/\/www.europesays.com\/fr\/wp-json\/wp\/v2\/types\/post"}],"author":[{"embeddable":true,"href":"https:\/\/www.europesays.com\/fr\/wp-json\/wp\/v2\/users\/2"}],"replies":[{"embeddable":true,"href":"https:\/\/www.europesays.com\/fr\/wp-json\/wp\/v2\/comments?post=634266"}],"version-history":[{"count":0,"href":"https:\/\/www.europesays.com\/fr\/wp-json\/wp\/v2\/posts\/634266\/revisions"}],"wp:featuredmedia":[{"embeddable":true,"href":"https:\/\/www.europesays.com\/fr\/wp-json\/wp\/v2\/media\/634267"}],"wp:attachment":[{"href":"https:\/\/www.europesays.com\/fr\/wp-json\/wp\/v2\/media?parent=634266"}],"wp:term":[{"taxonomy":"category","embeddable":true,"href":"https:\/\/www.europesays.com\/fr\/wp-json\/wp\/v2\/categories?post=634266"},{"taxonomy":"post_tag","embeddable":true,"href":"https:\/\/www.europesays.com\/fr\/wp-json\/wp\/v2\/tags?post=634266"}],"curies":[{"name":"wp","href":"https:\/\/api.w.org\/{rel}","templated":true}]}}