{"id":634270,"date":"2026-01-01T13:25:10","date_gmt":"2026-01-01T13:25:10","guid":{"rendered":"https:\/\/www.europesays.com\/fr\/634270\/"},"modified":"2026-01-01T13:25:10","modified_gmt":"2026-01-01T13:25:10","slug":"allemagne-nouvel-an-2026-deux-jeunes-de-18-ans-tues-par-lexplosion-dun-engin-pyrotechnique-artisanal","status":"publish","type":"post","link":"https:\/\/www.europesays.com\/fr\/634270\/","title":{"rendered":"Allemagne. Nouvel An 2026\u00a0:\u00a0deux jeunes de 18 ans tu\u00e9s par l\u2019explosion d\u2019un engin pyrotechnique artisanal"},"content":{"rendered":"<p>Une troisi\u00e8me personne a perdu la vie dans la nuit du 31 d\u00e9cembre au 1er janvier, cette fois \u00e0 Bonndorf, une localit\u00e9 du sud de la For\u00eat-Noire.<\/p>\n<p>Un homme de 60 ans est mort dans l\u2019incendie d\u2019un immeuble collectif. La police a ouvert une enqu\u00eate afin de d\u00e9terminer la cause du sinistre.<\/p>\n<p>\u00c0 ce stade, rien ne permet d\u2019affirmer avec certitude que l\u2019incendie est li\u00e9 \u00e0 l\u2019usage de p\u00e9tards.<\/p>\n","protected":false},"excerpt":{"rendered":"Une troisi\u00e8me personne a perdu la vie dans la nuit du 31 d\u00e9cembre au 1er janvier, cette fois&hellip;\n","protected":false},"author":2,"featured_media":634271,"comment_status":"","ping_status":"","sticky":false,"template":"","format":"standard","meta":{"footnotes":""},"categories":[5],"tags":[11,672,274,107,1011,27,329,14,12,1806,28],"class_list":{"0":"post-634270","1":"post","2":"type-post","3":"status-publish","4":"format-standard","5":"has-post-thumbnail","7":"category-international","8":"tag-actualites","9":"tag-allemagne","10":"tag-faits-divers-justice","11":"tag-fil-info","12":"tag-fr","13":"tag-france","14":"tag-france-monde","15":"tag-international","16":"tag-news","17":"tag-rheinblick","18":"tag-world"},"share_on_mastodon":{"url":"https:\/\/pubeurope.com\/@fr\/115820070389135468","error":""},"_links":{"self":[{"href":"https:\/\/www.europesays.com\/fr\/wp-json\/wp\/v2\/posts\/634270","targetHints":{"allow":["GET"]}}],"collection":[{"href":"https:\/\/www.europesays.com\/fr\/wp-json\/wp\/v2\/posts"}],"about":[{"href":"https:\/\/www.europesays.com\/fr\/wp-json\/wp\/v2\/types\/post"}],"author":[{"embeddable":true,"href":"https:\/\/www.europesays.com\/fr\/wp-json\/wp\/v2\/users\/2"}],"replies":[{"embeddable":true,"href":"https:\/\/www.europesays.com\/fr\/wp-json\/wp\/v2\/comments?post=634270"}],"version-history":[{"count":0,"href":"https:\/\/www.europesays.com\/fr\/wp-json\/wp\/v2\/posts\/634270\/revisions"}],"wp:featuredmedia":[{"embeddable":true,"href":"https:\/\/www.europesays.com\/fr\/wp-json\/wp\/v2\/media\/634271"}],"wp:attachment":[{"href":"https:\/\/www.europesays.com\/fr\/wp-json\/wp\/v2\/media?parent=634270"}],"wp:term":[{"taxonomy":"category","embeddable":true,"href":"https:\/\/www.europesays.com\/fr\/wp-json\/wp\/v2\/categories?post=634270"},{"taxonomy":"post_tag","embeddable":true,"href":"https:\/\/www.europesays.com\/fr\/wp-json\/wp\/v2\/tags?post=634270"}],"curies":[{"name":"wp","href":"https:\/\/api.w.org\/{rel}","templated":true}]}}