{"id":634276,"date":"2026-01-01T13:28:12","date_gmt":"2026-01-01T13:28:12","guid":{"rendered":"https:\/\/www.europesays.com\/fr\/634276\/"},"modified":"2026-01-01T13:28:12","modified_gmt":"2026-01-01T13:28:12","slug":"des-travaux-dans-le-centre-ville","status":"publish","type":"post","link":"https:\/\/www.europesays.com\/fr\/634276\/","title":{"rendered":"des travaux dans le centre-ville"},"content":{"rendered":"<p>Le d\u00e9but de l\u2019ann\u00e9e 2026 va rimer avec travaux \u00e0 Firminy. Le chantier de la place du Breuil reprendra d\u00e8s le 7\u00a0janvier avec la poursuite de l\u2019am\u00e9nagement de la contre-all\u00e9e ouest, entre la rue Jean-Jaur\u00e8s et la rue de la Paix. Ce sera la derni\u00e8re \u00e9tape de ce c\u00f4t\u00e9 de la place avec des commer\u00e7ants qui pourront pousser un \u00ab\u00a0ouf\u00a0\u00bb de soulagement au mois de mars.<\/p>\n<p>Pour autant, les Appelous n\u2019en ont pas fini avec <a href=\"https:\/\/www.leprogres.fr\/politique\/2024\/12\/14\/place-du-breuil-ce-que-prevoit-le-projet-definitif\" target=\"_blank\" rel=\"noopener\">ce projet<\/a>. La contre-all\u00e9e est va, elle aussi, conna\u00eetre plusieurs chantiers\u00a0: le premier devrait commencer au printemps 2026, selon nos informations, mais par le renouvellement du r\u00e9seau du chauffage urbain, comme l\u2019\u00e9t\u00e9 dernier de l\u2019autre c\u00f4t\u00e9.<\/p>\n<p>  Premiers coups de pelle pour le chantier de la m\u00e9diath\u00e8que<\/p>\n<p>Non loin du secteur du Breuil, la rue de la Paix devrait retrouver une activit\u00e9, m\u00eame si elle ne sera pas commerciale dans un premier temps. D\u00e8s le mois de mars, les engins et ouvriers devraient se mettre \u00e0 l\u2019\u0153uvre pour la premi\u00e8re phase de travaux de la future m\u00e9diath\u00e8que. Le chantier devrait durer deux ans et il permettra d\u2019\u00e9riger un nouveau b\u00e2timent, situ\u00e9 dans l\u2019arri\u00e8re-cour derri\u00e8re la mairie.<\/p>\n<p><a href=\"https:\/\/www.leprogres.fr\/politique\/2025\/11\/16\/la-fenetre-s-ouvre-pour-la-future-mediatheque-ce-que-l-on-sait-du-projet\" target=\"_blank\" rel=\"noopener\">Dans cette future structure<\/a> se trouveront \u00e9galement les archives municipales et, si le budget le permet, de nouvelles salles pour l\u2019h\u00f4tel de ville et notamment une salle de conseil municipal. Deux immeubles situ\u00e9s aux 8 et 10 rue de la Paix seront d\u00e9molis pour permettre la cr\u00e9ation de la nouvelle fa\u00e7ade\u00a0: la partie basse sera constitu\u00e9e de grandes baies vitr\u00e9es et, au-dessus, la fa\u00e7ade prendra l\u2019apparence d\u2019un livre ouvert.<\/p>\n<p>Un projet \u00e0 12,7\u00a0millions d\u2019euros qui n\u2019est pas sans diviser les \u00e9lus. L\u00e0 o\u00f9 l\u2019opposition voit un projet pharaonique qui n\u2019est pas en phase avec les besoins de la ville, l\u2019\u00e9quipe municipale voit, elle, l\u2019occasion de requalifier le centre-ville, redonner de l\u2019attractivit\u00e9 \u00e0 une ville avec \u00ab\u00a0de beaux projets structurants\u00a0\u00bb.<\/p>\n<p>Du c\u00f4t\u00e9 de Firminy Vert, <a href=\"https:\/\/www.leprogres.fr\/politique\/2024\/09\/17\/40-millions-de-travaux-pour-renover-plus-de-70-logements-a-firminy-vert\" target=\"_blank\" rel=\"noopener\">le grand projet de r\u00e9habilitation<\/a> a d\u00e9but\u00e9 et va concerner, dans un premier temps, 334 logements. Au programme des travaux qui vont \u00eatre men\u00e9s cette ann\u00e9e, une r\u00e9novation thermique et \u00e9nerg\u00e9tique et une r\u00e9habilitation des halls et ascenseurs.<\/p>\n","protected":false},"excerpt":{"rendered":"Le d\u00e9but de l\u2019ann\u00e9e 2026 va rimer avec travaux \u00e0 Firminy. Le chantier de la place du Breuil&hellip;\n","protected":false},"author":2,"featured_media":634277,"comment_status":"","ping_status":"","sticky":false,"template":"","format":"standard","meta":{"footnotes":""},"categories":[9653],"tags":[1111,11,2430,4749,7539,1777,674,10282,10283,1011,27,12,316,25,4001,104],"class_list":{"0":"post-634276","1":"post","2":"type-post","3":"status-publish","4":"format-standard","5":"has-post-thumbnail","7":"category-saint-etienne","8":"tag-actu","9":"tag-actualites","10":"tag-auvergne-rhone-alpes","11":"tag-btp-et-chantiers","12":"tag-edition-loire-sud","13":"tag-eu","14":"tag-europe","15":"tag-firminy","16":"tag-firminy-ville","17":"tag-fr","18":"tag-france","19":"tag-news","20":"tag-politique","21":"tag-republique-francaise","22":"tag-saint-etienne","23":"tag-societe"},"share_on_mastodon":{"url":"https:\/\/pubeurope.com\/@fr\/115820082243396934","error":""},"_links":{"self":[{"href":"https:\/\/www.europesays.com\/fr\/wp-json\/wp\/v2\/posts\/634276","targetHints":{"allow":["GET"]}}],"collection":[{"href":"https:\/\/www.europesays.com\/fr\/wp-json\/wp\/v2\/posts"}],"about":[{"href":"https:\/\/www.europesays.com\/fr\/wp-json\/wp\/v2\/types\/post"}],"author":[{"embeddable":true,"href":"https:\/\/www.europesays.com\/fr\/wp-json\/wp\/v2\/users\/2"}],"replies":[{"embeddable":true,"href":"https:\/\/www.europesays.com\/fr\/wp-json\/wp\/v2\/comments?post=634276"}],"version-history":[{"count":0,"href":"https:\/\/www.europesays.com\/fr\/wp-json\/wp\/v2\/posts\/634276\/revisions"}],"wp:featuredmedia":[{"embeddable":true,"href":"https:\/\/www.europesays.com\/fr\/wp-json\/wp\/v2\/media\/634277"}],"wp:attachment":[{"href":"https:\/\/www.europesays.com\/fr\/wp-json\/wp\/v2\/media?parent=634276"}],"wp:term":[{"taxonomy":"category","embeddable":true,"href":"https:\/\/www.europesays.com\/fr\/wp-json\/wp\/v2\/categories?post=634276"},{"taxonomy":"post_tag","embeddable":true,"href":"https:\/\/www.europesays.com\/fr\/wp-json\/wp\/v2\/tags?post=634276"}],"curies":[{"name":"wp","href":"https:\/\/api.w.org\/{rel}","templated":true}]}}