{"id":634280,"date":"2026-01-01T13:38:22","date_gmt":"2026-01-01T13:38:22","guid":{"rendered":"https:\/\/www.europesays.com\/fr\/634280\/"},"modified":"2026-01-01T13:38:22","modified_gmt":"2026-01-01T13:38:22","slug":"bouscule-toulon-finit-fort-et-fait-plier-la-lanterne-rouge-perpignan","status":"publish","type":"post","link":"https:\/\/www.europesays.com\/fr\/634280\/","title":{"rendered":"bouscul\u00e9, Toulon finit fort et fait plier la lanterne rouge Perpignan"},"content":{"rendered":"<p>\n    Longtemps en difficult\u00e9 contre les Catalans, les Varois ont acc\u00e9l\u00e9r\u00e9 en fin de match pour s\u2019imposer avec le bonus \u00e0 Mayol (31-16).<\/p>\n<p class=\"fig-paragraph\">Que ce fut long \u00e0 se dessiner\u00a0! Gr\u00e2ce \u00e0 un joli finish, le\u00a0<a href=\"http:\/\/www.lefigaro.fr\/sports\/rugby\/top-14\/top-14-apres-la-debacle-a-bordeaux-toulon-recoit-l-usap-avec-le-couteau-entre-les-dents-previent-charles-ollivon-20251227\" data-fig-type=\"NewsFlash\" data-gtm-custom-categorie=\"navigation\" data-gtm-custom-action=\"crossclick\" data-gtm-custom-label=\"Contextuel\" data-gtm-event=\"customEventSPE\" data-fig-domain=\"LEFIGARO\" target=\"_blank\" rel=\"noopener\">Rugby Club Toulonnais<\/a>\u00a0s\u2019est impos\u00e9, ce dimanche, face \u00e0 Perpignan (31-16), \u00e0 l\u2019occasion du Boxing Day de\u00a0<a href=\"https:\/\/www.lefigaro.fr\/sports\/rugby\/top-14\/calendrier-resultats?journee=13\" target=\"_blank\" rel=\"sponsored noopener\" data-gtm-custom-categorie=\"navigation\" data-gtm-custom-action=\"crossclick\" data-gtm-custom-label=\"Contextuel\" data-gtm-event=\"customEventSPE\">la 13e journ\u00e9e du Top 14<\/a>. Les Catalans avaient vir\u00e9 en t\u00eate \u00e0 la pause gr\u00e2ce notamment \u00e0 un essai de Granell (19e), malgr\u00e9 un premier essai toulonnais inscrit par\u00a0<a href=\"http:\/\/www.lefigaro.fr\/sports\/rugby\/top-14\/top-14-criez-le-depuis-les-montagnes-je-suis-toulonnais-l-anglais-lewis-ludlam-clame-son-amour-pour-le-rct-20251102\" data-fig-type=\"NewsFlash\" data-gtm-custom-categorie=\"navigation\" data-gtm-custom-action=\"crossclick\" data-gtm-custom-label=\"Contextuel\" data-gtm-event=\"customEventSPE\" data-fig-domain=\"LEFIGARO\" target=\"_blank\" rel=\"noopener\">Ludlam<\/a>\u00a0(15e). Les Varois ont fait la diff\u00e9rence au retour des vestiaires, en marquant par Alainu\u2019uese (45e) et\u00a0<a href=\"http:\/\/www.lefigaro.fr\/sports\/rugby\/top-14\/top-14-villiere-de-retour-comme-remplacant-pour-toulon-perpignan-albornoz-sur-le-banc-20251227\" data-fig-type=\"NewsFlash\" data-gtm-custom-categorie=\"navigation\" data-gtm-custom-action=\"crossclick\" data-gtm-custom-label=\"Contextuel\" data-gtm-event=\"customEventSPE\" data-fig-domain=\"LEFIGARO\" target=\"_blank\" rel=\"noopener\">Villi\u00e8re<\/a>\u00a0(49e), qui disputait son premier match de la saison apr\u00e8s plusieurs p\u00e9pins physiques (main puis adducteurs). En fin de match, Alainu\u2019uese (74e) et Dr\u00e9an (76e) ont permis aux Varois de d\u00e9crocher le bonus offensif.<\/p>\n<p class=\"fig-paragraph\">Avec ce succ\u00e8s bonifi\u00e9, le RCT se ressaisit apr\u00e8s\u00a0<a href=\"http:\/\/www.lefigaro.fr\/sports\/rugby\/top-14\/ubb-toulon-jalibert-signe-un-coup-de-maitre-bielle-biarrey-au-sommet-le-rct-coule-encore-hors-de-mayol-les-tops-et-flops-du-match-de-top-14-20251221\" data-fig-type=\"NewsFlash\" data-gtm-custom-categorie=\"navigation\" data-gtm-custom-action=\"crossclick\" data-gtm-custom-label=\"Contextuel\" data-gtm-event=\"customEventSPE\" data-fig-domain=\"LEFIGARO\" target=\"_blank\" rel=\"noopener\">la gifle re\u00e7ue contre Bordeaux-B\u00e8gles (46-7)<\/a>\u00a0et r\u00e9cup\u00e8re sa troisi\u00e8me place au classement (39 points). L\u2019Usap, qui avait sign\u00e9 la semaine derni\u00e8re\u00a0<a href=\"http:\/\/www.lefigaro.fr\/sports\/rugby\/top-14\/top-14-pau-s-amuse-a-montauban-et-reste-sur-son-trone-premiere-pour-l-usap-face-a-clermont-20251220\" data-fig-type=\"NewsFlash\" data-gtm-custom-categorie=\"navigation\" data-gtm-custom-action=\"crossclick\" data-gtm-custom-label=\"Contextuel\" data-gtm-event=\"customEventSPE\" data-fig-domain=\"LEFIGARO\" target=\"_blank\" rel=\"noopener\">son premier succ\u00e8s de la saison face \u00e0 Clermont<\/a>, a montr\u00e9 de belles choses et un visage conqu\u00e9rant \u00e0 Mayol. Les joueurs de\u00a0<a href=\"http:\/\/www.lefigaro.fr\/sports\/rugby\/top-14\/top-14-si-j-avais-senti-l-equipe-resignee-je-serais-reste-dans-mon-canape-labit-lance-la-mission-maintien-de-perpignan-20251112\" data-fig-type=\"NewsFlash\" data-gtm-custom-categorie=\"navigation\" data-gtm-custom-action=\"crossclick\" data-gtm-custom-label=\"Contextuel\" data-gtm-event=\"customEventSPE\" data-fig-domain=\"LEFIGARO\" target=\"_blank\" rel=\"noopener\">Laurent Labit<\/a>\u00a0ont longtemps cru d\u00e9crocher le point de bonus offensif avant de s\u2019effondrer, ils restent \u00e0 la derni\u00e8re place du Top 14, \u00e0 deux points de Montauban.<\/p>\n<p>                                            <a class=\"fig-a11y-skip\" href=\"#fig-a11y-skip-main-inarticle\" data-module=\"a11y-skip\" data-context=\"was @visible\"><br \/>\n    Passer la publicit\u00e9<br \/>\n<\/a>            <\/p>\n<p class=\"fig-paragraph\">Les Toulonnais avaient regagn\u00e9 les vestiaires \u00e0 la pause men\u00e9s (7-10) et sous la bronca du stade Mayol, pas ravi du tout des nombreux en-avants commis et de l\u2019incapacit\u00e9 \u00e0 briser le verrou catalan. Mais les hommes de la Rade \u00e9taient trop forts et ont repris les commandes d\u00e8s le d\u00e9but du second acte avec un essai de Brian Alainu\u2019uese.<\/p>\n<p class=\"fig-paragraph\">Aux prises \u00e0 une cascade de bless\u00e9s de longue dur\u00e9e (Jaminet, Gros, S. Rebbadj, Halagahu&#8230;) les Toulonnais ont aussi pu enregistrer le retour de l\u2019ailier Gabin Villi\u00e8re apr\u00e8s plusieurs mois d\u2019absences, qui a c\u00e9l\u00e9br\u00e9 son retour par un essai sur sa premi\u00e8re action (21-10, 49e). Deux autres essais en fin de match, le dernier apr\u00e8s une perc\u00e9e puis une diagonale millim\u00e9tr\u00e9e du nouvel ouvreur de Toulon Tom\u00e1s Albornoz, ont aussi offert le bonus offensif (31-16).<\/p>\n","protected":false},"excerpt":{"rendered":"Longtemps en difficult\u00e9 contre les Catalans, les Varois ont acc\u00e9l\u00e9r\u00e9 en fin de match pour s\u2019imposer avec le&hellip;\n","protected":false},"author":2,"featured_media":634281,"comment_status":"","ping_status":"","sticky":false,"template":"","format":"standard","meta":{"footnotes":""},"categories":[9619],"tags":[1111,11,1777,674,1011,27,12,882,3461,25,10405,2310,20265],"class_list":{"0":"post-634280","1":"post","2":"type-post","3":"status-publish","4":"format-standard","5":"has-post-thumbnail","7":"category-toulon","8":"tag-actu","9":"tag-actualites","10":"tag-eu","11":"tag-europe","12":"tag-fr","13":"tag-france","14":"tag-news","15":"tag-provence-alpes-cote-dazur","16":"tag-rct","17":"tag-republique-francaise","18":"tag-rugby-club-toulonnais","19":"tag-toulon","20":"tag-usa-perpignan"},"share_on_mastodon":{"url":"https:\/\/pubeurope.com\/@fr\/115820121474895435","error":""},"_links":{"self":[{"href":"https:\/\/www.europesays.com\/fr\/wp-json\/wp\/v2\/posts\/634280","targetHints":{"allow":["GET"]}}],"collection":[{"href":"https:\/\/www.europesays.com\/fr\/wp-json\/wp\/v2\/posts"}],"about":[{"href":"https:\/\/www.europesays.com\/fr\/wp-json\/wp\/v2\/types\/post"}],"author":[{"embeddable":true,"href":"https:\/\/www.europesays.com\/fr\/wp-json\/wp\/v2\/users\/2"}],"replies":[{"embeddable":true,"href":"https:\/\/www.europesays.com\/fr\/wp-json\/wp\/v2\/comments?post=634280"}],"version-history":[{"count":0,"href":"https:\/\/www.europesays.com\/fr\/wp-json\/wp\/v2\/posts\/634280\/revisions"}],"wp:featuredmedia":[{"embeddable":true,"href":"https:\/\/www.europesays.com\/fr\/wp-json\/wp\/v2\/media\/634281"}],"wp:attachment":[{"href":"https:\/\/www.europesays.com\/fr\/wp-json\/wp\/v2\/media?parent=634280"}],"wp:term":[{"taxonomy":"category","embeddable":true,"href":"https:\/\/www.europesays.com\/fr\/wp-json\/wp\/v2\/categories?post=634280"},{"taxonomy":"post_tag","embeddable":true,"href":"https:\/\/www.europesays.com\/fr\/wp-json\/wp\/v2\/tags?post=634280"}],"curies":[{"name":"wp","href":"https:\/\/api.w.org\/{rel}","templated":true}]}}