{"id":634284,"date":"2026-01-01T13:42:23","date_gmt":"2026-01-01T13:42:23","guid":{"rendered":"https:\/\/www.europesays.com\/fr\/634284\/"},"modified":"2026-01-01T13:42:23","modified_gmt":"2026-01-01T13:42:23","slug":"le-site-alstom-du-petit-quevilly-pres-de-rouen-produit-toujours-plus-de-transformateurs-pour-les-trains","status":"publish","type":"post","link":"https:\/\/www.europesays.com\/fr\/634284\/","title":{"rendered":"Le site Alstom du Petit-Quevilly, pr\u00e8s de Rouen, produit toujours plus de transformateurs pour les trains"},"content":{"rendered":"<p>Lundi 22 d\u00e9cembre, l&rsquo;usine Alstom du Petit-Quevilly, pr\u00e8s de Rouen, a ouvert les portes de son site, o\u00f9 travaillent 200 salari\u00e9s. L&rsquo;usine fabrique un composant cl\u00e9 permettant de faire avancer les trains TGV ou r\u00e9gionaux, en France et dans le monde entier\u00a0: le transformateur de traction. <\/p>\n<p>Des transformateurs de traction, l&rsquo;usine Alstom du Petit-Quevilly en produit toujours plus chaque ann\u00e9e. \u00ab\u00a0L&rsquo;an dernier, on a fabriqu\u00e9 tr\u00e8s exactement 246\u00a0transformateurs\u00a0\u00bb, explique Fabrice Rebouys, le directeur du site.<strong>\u00ab\u00a0On devrait en fabriquer un peu plus cette ann\u00e9e et d\u00e9passer les 300 l&rsquo;ann\u00e9e prochaine.\u00a0\u00bb<\/strong><\/p>\n<p>Le transformateur,\u00a0<a class=\"IciLink ici-link IciArticleLink g-ici-body-regular-1 underline brand svelte-1chfe2s\" href=\"https:\/\/www.francebleu.fr\/infos\/economie-social\/a-petit-quevilly-l-usine-alstom-a-petit-quevilly-est-centenaire-et-tournee-vers-l-avenir-1633624473\" target=\"_blank\" rel=\"noopener\">c&rsquo;est l&rsquo;une des pi\u00e8ces ma\u00eetresses dans la construction des trains<\/a>\u00a0: il permet, comme son nom l&rsquo;indique, \u00ab\u00a0de transformer l&rsquo;\u00e9nergie des cat\u00e9naires (les c\u00e2bles \u00e9lectriques au-dessus des trains), charg\u00e9s \u00e0 25.000 V, en 1.000 V alternatifs\u00a0\u00bb, indique-t-il. <strong>C&rsquo;est cette \u00e9nergie qui permet d&rsquo;alimenter notamment les bougies moteur qui font avancer le train, ou m\u00eame de faire fonctionner la climatisation<\/strong> \u00e0 bord.<\/p>\n<p>Le seul site Alstom au monde \u00e0 les fabriquer<\/p>\n<p>Ces composants qui p\u00e8sent entre trois et treize tonnes, l&rsquo;usine du Petit-Quevilly est le seul site Alstom au monde \u00e0 les concevoir, pr\u00e9cise le directeur\u00a0:\u00a0\u00ab\u00a0Ce qui signifie que deux transformateurs sur trois de par le monde auront \u00e9t\u00e9 fabriqu\u00e9s \u00e0 l&rsquo;interne.\u00a0\u00bb<\/p>\n<p>Laurie Morin travaille sur le site depuis deux ans. Elle s&rsquo;applique \u00e0 la fabrication d&rsquo;une grande bobine de cuivre.\u00a0\u00ab\u00a0C&rsquo;est le c\u0153ur du transformateur, estime-t-elle. C&rsquo;est le c\u0153ur du train, en fait, parce que \u00e7a g\u00e9n\u00e8re la puissance du train, tout simplement.\u00a0\u00bb<\/p>\n<p> <img decoding=\"async\" src=\"https:\/\/www.europesays.com\/fr\/wp-content\/uploads\/2026\/01\/1767274942_937_1280.jpeg\" alt=\"illustration agrandir l'image\" style=\"--_image-preview:url('data:image\/jpeg;base64,\/9j\/2wBDACgcHiMeGSgjISMtKygwPGRBPDc3PHtYXUlkkYCZlo+AjIqgtObDoKrarYqMyP\/L2u71\/\/\/\/m8H\/\/\/\/6\/+b9\/\/j\/2wBDASstLTw1PHZBQXb4pYyl+Pj4+Pj4+Pj4+Pj4+Pj4+Pj4+Pj4+Pj4+Pj4+Pj4+Pj4+Pj4+Pj4+Pj4+Pj4+Pj4+Pj\/wAARCAAfACoDASIAAhEBAxEB\/8QAFwABAQEBAAAAAAAAAAAAAAAAAwIBAP\/EABcQAQEBAQAAAAAAAAAAAAAAAAABAhH\/xAAWAQEBAQAAAAAAAAAAAAAAAAAAAQL\/xAAUEQEAAAAAAAAAAAAAAAAAAAAA\/9oADAMBAAIRAxEAPwBKPRdQWmVRa6VlZKBZVdHKroG0LRtC0AaxWkIqpVdRK3qo\/9k=');\" loading=\"lazy\" fetchpriority=\"low\" class=\"svelte-1cksh76 rounded\" onload=\"this.__e=event\" onerror=\"this.__e=event\"\/> La bobine de cuivre est comme le \u00ab\u00a0c\u0153ur\u00a0\u00bb du transformateur. Il y en a entre deux et quatre par train. \u00a9 Radio France &#8211; Sarah-Yasmine Ziani  <\/p>\n<p>Une fois toutes les \u00e9tapes de l&rsquo;assemblage termin\u00e9es, les transformateurs arrivent dans une plateforme d&rsquo;essais pendant 15 jours \u00e0 trois semaines, indique Fabrice Rebouys\u00a0:\u00a0\u00ab\u00a0Typiquement, on fait des rapports de transformation, mais aussi un essai de choc de foudre, pour \u00eatre s\u00fbrs qu&rsquo;ils r\u00e9sistent m\u00eame \u00e0 \u00e7a.\u00a0\u00bb\u00a0 Et qu&rsquo;ils r\u00e9sistent au temps aussi, <strong>les transformateurs Alstom ayant une dur\u00e9e de vie de 30 \u00e0 40 ans.<\/strong><\/p>\n<p> <img decoding=\"async\" src=\"https:\/\/www.europesays.com\/fr\/wp-content\/uploads\/2026\/01\/1767274943_233_1280.jpeg\" alt=\"illustration agrandir l'image\" style=\"--_image-preview:url('data:image\/jpeg;base64,\/9j\/2wBDACgcHiMeGSgjISMtKygwPGRBPDc3PHtYXUlkkYCZlo+AjIqgtObDoKrarYqMyP\/L2u71\/\/\/\/m8H\/\/\/\/6\/+b9\/\/j\/2wBDASstLTw1PHZBQXb4pYyl+Pj4+Pj4+Pj4+Pj4+Pj4+Pj4+Pj4+Pj4+Pj4+Pj4+Pj4+Pj4+Pj4+Pj4+Pj4+Pj4+Pj\/wAARCAAfACoDASIAAhEBAxEB\/8QAGAABAQEBAQAAAAAAAAAAAAAAAgMBAAT\/xAAYEAEBAQEBAAAAAAAAAAAAAAAAAgESEf\/EABYBAQEBAAAAAAAAAAAAAAAAAAEAAv\/EABQRAQAAAAAAAAAAAAAAAAAAAAD\/2gAMAwEAAhEDEQA\/APT6zaHdCqBLaHoNoekFcpvSOUXQStJVq1I2Gkq0fXULQUzSCVPAH\/\/Z');\" loading=\"lazy\" fetchpriority=\"low\" class=\"svelte-1cksh76 rounded\" onload=\"this.__e=event\" onerror=\"this.__e=event\"\/> Fabrice Rebouys, le directeur du site du Petit-Quevilly, pr\u00e9sente la plateforme d&rsquo;essai. \u00a9 Radio France &#8211; Sarah-Yasmine Ziani  <\/p>\n","protected":false},"excerpt":{"rendered":"Lundi 22 d\u00e9cembre, l&rsquo;usine Alstom du Petit-Quevilly, pr\u00e8s de Rouen, a ouvert les portes de son site, o\u00f9&hellip;\n","protected":false},"author":2,"featured_media":634285,"comment_status":"","ping_status":"","sticky":false,"template":"","format":"standard","meta":{"footnotes":""},"categories":[9587],"tags":[1111,11,1777,674,1011,27,12,5161,25,9590],"class_list":{"0":"post-634284","1":"post","2":"type-post","3":"status-publish","4":"format-standard","5":"has-post-thumbnail","7":"category-rouen","8":"tag-actu","9":"tag-actualites","10":"tag-eu","11":"tag-europe","12":"tag-fr","13":"tag-france","14":"tag-news","15":"tag-normandie","16":"tag-republique-francaise","17":"tag-rouen"},"share_on_mastodon":{"url":"https:\/\/pubeurope.com\/@fr\/115820137574782633","error":""},"_links":{"self":[{"href":"https:\/\/www.europesays.com\/fr\/wp-json\/wp\/v2\/posts\/634284","targetHints":{"allow":["GET"]}}],"collection":[{"href":"https:\/\/www.europesays.com\/fr\/wp-json\/wp\/v2\/posts"}],"about":[{"href":"https:\/\/www.europesays.com\/fr\/wp-json\/wp\/v2\/types\/post"}],"author":[{"embeddable":true,"href":"https:\/\/www.europesays.com\/fr\/wp-json\/wp\/v2\/users\/2"}],"replies":[{"embeddable":true,"href":"https:\/\/www.europesays.com\/fr\/wp-json\/wp\/v2\/comments?post=634284"}],"version-history":[{"count":0,"href":"https:\/\/www.europesays.com\/fr\/wp-json\/wp\/v2\/posts\/634284\/revisions"}],"wp:featuredmedia":[{"embeddable":true,"href":"https:\/\/www.europesays.com\/fr\/wp-json\/wp\/v2\/media\/634285"}],"wp:attachment":[{"href":"https:\/\/www.europesays.com\/fr\/wp-json\/wp\/v2\/media?parent=634284"}],"wp:term":[{"taxonomy":"category","embeddable":true,"href":"https:\/\/www.europesays.com\/fr\/wp-json\/wp\/v2\/categories?post=634284"},{"taxonomy":"post_tag","embeddable":true,"href":"https:\/\/www.europesays.com\/fr\/wp-json\/wp\/v2\/tags?post=634284"}],"curies":[{"name":"wp","href":"https:\/\/api.w.org\/{rel}","templated":true}]}}