{"id":634288,"date":"2026-01-01T13:46:08","date_gmt":"2026-01-01T13:46:08","guid":{"rendered":"https:\/\/www.europesays.com\/fr\/634288\/"},"modified":"2026-01-01T13:46:08","modified_gmt":"2026-01-01T13:46:08","slug":"spectacle-le-cercle-des-poetes-disparus","status":"publish","type":"post","link":"https:\/\/www.europesays.com\/fr\/634288\/","title":{"rendered":"Spectacle Le Cercle des Po\u00e8tes Disparus"},"content":{"rendered":"<p class=\"intro\">Le Cercle des Po\u00e8tes Disparus &#8211; Tourn\u00e9e, un spectacle \u00e0 voir \u00e0 Grenoble (Le Grand Angle Voiron), le 26 f\u00e9vrier 2026. Toutes les informations pratiques (tarifs, billetterie, plan de salle) pour ce spectacle sont \u00e0 retrouver sur cette page. R\u00e9servez d\u00e8s maintenant vos places pour assister \u00e0 ce <a href=\"https:\/\/www.jds.fr\/grenoble\/agenda\/sorties-culturelles-spectacles-expositions-cinema-470_B\" target=\"_blank\" rel=\"noopener\">spectacle \u00e0 Grenoble<\/a>\u00a0!<\/p>\n<p><img decoding=\"async\" loading=\"lazy\" src=\"https:\/\/www.europesays.com\/fr\/wp-content\/uploads\/2026\/01\/cercle-des-po-tes-disparus-tourn-e-tickets_482215_3844607_222x222.jpg\" alt=\"Le Cercle des Po\u00e8tes Disparus - Tourn\u00e9e\" class=\"border\"\/><\/p>\n<p>Le spectacle Le Cercle des Po\u00e8tes Disparus \u00e0 Grenoble (Voiron) en 2026<\/p>\n<p class=\"mise_en_avant\">Le spectacle Le Cercle des Po\u00e8tes Disparus \u00e0 voir \u00e0 Grenoble (Voiron) jeudi 26 F\u00e9vrier 2026 \u00e0 20h. Ce spectacle aura lieu dans une salle bien connue dans la r\u00e9gion\u00a0: <a href=\"https:\/\/www.jds.fr\/grenoble\/voiron\/salle-de-concert-spectacle\/le-grand-angle-16755_L\" class=\"tde-underline\" target=\"_blank\" rel=\"noopener\">Le Grand Angle &#8211; Voiron<\/a>, un lieu qui accueille r\u00e9guli\u00e8rement des spectacles comme Le Cercle des Po\u00e8tes Disparus &#8211; Tourn\u00e9e.<\/p>\n<p>Retrouvez les autres dates pr\u00e9vues, dans toute la France, pour le <a href=\"https:\/\/www.jds.fr\/artistes\/le-cercle-des-poetes-disparus-5297_N\" target=\"_blank\" rel=\"noopener\">spectacle Le Cercle des Po\u00e8tes Disparus en 2026<\/a> sur notre page d\u00e9di\u00e9e.<\/p>\n<p>Billetterie pour le spectacle Le Cercle des Po\u00e8tes Disparus \u00e0 Voiron<\/p>\n<p>Les places pour la prochaine repr\u00e9sentation du spectacle Le Cercle des Po\u00e8tes Disparus \u00e0 Voiron sont en vente sur la billetterie en ligne. R\u00e9servez vos billets d\u00e8s maintenant pour d\u00e9couvrir sur sc\u00e8ne ce spectacle\u00a0!<\/p>\n<p><a class=\"btn btn-lg shadow-lg btn-primary rounded-pill fnac_link\" data-fnac=\"in_article\" href=\"https:\/\/www.awin1.com\/pclick.php?p=41700284214&amp;a=634278&amp;m=12494&amp;clickref=in_article-A-desktop\" target=\"_blank\" rel=\"nofollow noopener\"> Acheter des billets<\/a><\/p>\n<p>Les tarifs des billets pour assister au spectacle Le Cercle des Po\u00e8tes Disparus \u00e0 Voiron d\u00e9marrent \u00e0 partir de 55.5\u00a0\u20ac. Diff\u00e9rentes cat\u00e9gories de places peuvent \u00eatre \u00e0 la vente, selon le placement dans la salle. Les prix peuvent donc \u00eatre diff\u00e9rents d&rsquo;une cat\u00e9gorie \u00e0 l&rsquo;autre.<\/p>\n<p>Vous pouvez aussi r\u00e9server vos places pour le spectacle <a href=\"https:\/\/www.jds.fr\/paris\/spectacles\/theatre\/le-cercle-des-poetes-disparus-theatre-antoine-paris-1277301_A\" target=\"_blank\" rel=\"noopener\">Le Cercle des Po\u00e8tes Disparus &#8211; Th\u00e9\u00e2tre Antoine, Paris \u00e0 Paris &#8211; Th\u00e9\u00e2tre Antoine<\/a> (75).<\/p>\n<p>Le Cercle des Po\u00e8tes Disparus &#8211; Tourn\u00e9e<\/p>\n<p><strong>LE CERCLE DES PO\u00c8TES DISPARUS<\/strong><\/p>\n<p>C\u00e9sar du meilleur long-m\u00e9trage \u00e9tranger en 1991, le film raconte l\u2019histoire d\u2019un groupe d\u2019adolescents de bonne famille, pensionnaires d\u2019une acad\u00e9mie aux m\u00e9thodes traditionalistes. Leur vie studieuse se trouve boulevers\u00e9e par l\u2019arriv\u00e9e de John Keating, enseignant excentrique, qui veut faire d\u2019eux des libres penseurs, capables d\u2019\u00e9couter leurs d\u00e9sirs profonds. Trois d\u00e9cennies plus tard, l\u2019\u00e9motion suscit\u00e9e par cette qu\u00eate d\u2019\u00e9mancipation op\u00e8re toujours, cette fois-ci au th\u00e9\u00e2tre.<\/p>\n<p>6 nominations aux Moli\u00e8res, dont Meilleur Spectacle de l\u2019ann\u00e9e.<\/p>\n<ul>\n<li>De Tom Schulman<\/li>\n<li>D&rsquo;apr\u00e8s le film produit par Touchstone Pictures<\/li>\n<li>\u00c9crit par Tom Schulman<\/li>\n<li>Production originale Classic Stage Company<\/li>\n<li>En accord avec Adam Zotovich<\/li>\n<li>Directeur artistique\u00a0: John Doyle<\/li>\n<li>Directeur g\u00e9n\u00e9ral\u00a0: Jeff Griffin<\/li>\n<\/ul>\n<p>Mise en sc\u00e8ne\u00a0: Olivier Soliv\u00e8res<br \/>Adaptation\u00a0: G\u00e9rard Sibleyras<br \/>D\u00e9cors\u00a0: Jean-Michel Adam<br \/>Lumi\u00e8res\u00a0: Denis Koransky<br \/>Costumes\u00a0: Chouchane Abello-Tcherpachclan, Isabelle Sitbon<br \/>Vid\u00e9os\u00a0: S\u00e9bastien Mizermont<br \/>Musiques\u00a0: Cyril Giroux<br \/>Assistant mise en sc\u00e8ne\u00a0: Pierre Marazin<\/p>\n<p>Avec en alternance\u00a0: St\u00e9phane Freiss, Xavier Gallais, Olivier Bouana, Julien Despont, Yvan Garouel, Lancelot Jardin, Christophe Laubion, Octave Lemarchand, Victor Mons, Vincent Nemeth, Ethan Oliel, Maxence Seva, Basile Sommermeyer, H\u00e9lie Thonnat, Paul Vasseur, Antonin Dalvy, Gabriel Ecoffey-Zeller, Joseph Hartmann, Arthur Toullet<\/p>\n<p><strong>Production<\/strong>\u00a0: Jean-Marc Dumontet<\/p>\n","protected":false},"excerpt":{"rendered":"Le Cercle des Po\u00e8tes Disparus &#8211; Tourn\u00e9e, un spectacle \u00e0 voir \u00e0 Grenoble (Le Grand Angle Voiron), le&hellip;\n","protected":false},"author":2,"featured_media":634289,"comment_status":"","ping_status":"","sticky":false,"template":"","format":"standard","meta":{"footnotes":""},"categories":[9566],"tags":[1111,11,2430,1777,674,1011,27,2731,12,25],"class_list":{"0":"post-634288","1":"post","2":"type-post","3":"status-publish","4":"format-standard","5":"has-post-thumbnail","7":"category-grenoble","8":"tag-actu","9":"tag-actualites","10":"tag-auvergne-rhone-alpes","11":"tag-eu","12":"tag-europe","13":"tag-fr","14":"tag-france","15":"tag-grenoble","16":"tag-news","17":"tag-republique-francaise"},"share_on_mastodon":{"url":"https:\/\/pubeurope.com\/@fr\/115820152924742278","error":""},"_links":{"self":[{"href":"https:\/\/www.europesays.com\/fr\/wp-json\/wp\/v2\/posts\/634288","targetHints":{"allow":["GET"]}}],"collection":[{"href":"https:\/\/www.europesays.com\/fr\/wp-json\/wp\/v2\/posts"}],"about":[{"href":"https:\/\/www.europesays.com\/fr\/wp-json\/wp\/v2\/types\/post"}],"author":[{"embeddable":true,"href":"https:\/\/www.europesays.com\/fr\/wp-json\/wp\/v2\/users\/2"}],"replies":[{"embeddable":true,"href":"https:\/\/www.europesays.com\/fr\/wp-json\/wp\/v2\/comments?post=634288"}],"version-history":[{"count":0,"href":"https:\/\/www.europesays.com\/fr\/wp-json\/wp\/v2\/posts\/634288\/revisions"}],"wp:featuredmedia":[{"embeddable":true,"href":"https:\/\/www.europesays.com\/fr\/wp-json\/wp\/v2\/media\/634289"}],"wp:attachment":[{"href":"https:\/\/www.europesays.com\/fr\/wp-json\/wp\/v2\/media?parent=634288"}],"wp:term":[{"taxonomy":"category","embeddable":true,"href":"https:\/\/www.europesays.com\/fr\/wp-json\/wp\/v2\/categories?post=634288"},{"taxonomy":"post_tag","embeddable":true,"href":"https:\/\/www.europesays.com\/fr\/wp-json\/wp\/v2\/tags?post=634288"}],"curies":[{"name":"wp","href":"https:\/\/api.w.org\/{rel}","templated":true}]}}