{"id":63429,"date":"2025-04-30T03:59:08","date_gmt":"2025-04-30T03:59:08","guid":{"rendered":"https:\/\/www.europesays.com\/fr\/63429\/"},"modified":"2025-04-30T03:59:08","modified_gmt":"2025-04-30T03:59:08","slug":"motogp-apres-son-duel-chaotique-avec-marquez-quartararo-lui-explique-son-crash","status":"publish","type":"post","link":"https:\/\/www.europesays.com\/fr\/63429\/","title":{"rendered":"MotoGP Apr\u00e8s son duel chaotique avec Marquez, Quartararo lui explique son crash !"},"content":{"rendered":"<p>Retour sur une s\u00e9quence captur\u00e9e apr\u00e8s le sprint du Grand-Prix d\u2019Espagne de MotoGP, \u00e0 Jerez samedi dernier. Apr\u00e8s l\u2019\u00e9preuve marqu\u00e9e par la victoire de Marc Marquez, ce dernier rencontrait Fabio Quartararo qui s\u2019empressait de lui raconter sa chute, survenue alors qu\u2019il \u00e9tait en deuxi\u00e8me position, derri\u00e8re le pilote Ducati, apr\u00e8s son d\u00e9passement sur le tricolore. Une vid\u00e9o partag\u00e9e par le compte officiel de l\u2019organisation de la MotoGP.<\/p>\n<blockquote class=\"twitter-tweet\">\n<p dir=\"ltr\" lang=\"en\">Fabio explained to <a href=\"https:\/\/twitter.com\/marcmarquez93?ref_src=twsrc%5Etfw\" target=\"_blank\" rel=\"noopener nofollow\">@marcmarquez93<\/a> the reason why he crashed on lap 2 \ud83d\udc40<a href=\"https:\/\/twitter.com\/hashtag\/SpanishGP?src=hash&amp;ref_src=twsrc%5Etfw\" target=\"_blank\" rel=\"noopener nofollow\">#SpanishGP<\/a> \ud83c\uddea\ud83c\uddf8 <a href=\"https:\/\/t.co\/888TPni7Qf\" target=\"_blank\" rel=\"nofollow\">pic.twitter.com\/888TPni7Qf<\/a><\/p>\n<p>\u2014 MotoGP\u2122\ud83c\udfc1 (@MotoGP) <a href=\"https:\/\/twitter.com\/MotoGP\/status\/1916155337209430106?ref_src=twsrc%5Etfw\" target=\"_blank\" rel=\"noopener nofollow\">April 26, 2025<\/a><\/p>\n<\/blockquote>\n<p>Article publi\u00e9 le 30\/04\/2025 \u00e0 5h55<\/p>\n<p>                                            <img loading=\"lazy\" alt=\"\" class=\"avatar avatar-100 photo lazyload\" height=\"100\" width=\"100\" decoding=\"async\" src=\"https:\/\/www.europesays.com\/fr\/wp-content\/uploads\/2025\/04\/1745985548_391_ffbb894c35ea5189d599d4ea062c98b86ffb67cc602fa683ebcbf422a80fc47a\"  data-eio-rwidth=\"100\" data-eio-rheight=\"100\"\/><\/p>\n<p class=\"h2\">\n                                            Julien Barthet\n                                        <\/p>\n<p>R\u00e9dacteur professionnel, titulaire de la carte de presse pendant 3 ans. Fondateur\/Directeur et R\u00e9dacteur en chef Le Mag Sport Auto et LeMagJeuxHighTech.com.&#13;<br \/>\nEx-Pilote automobile : 55 courses (Formule Ford, F.Campus, Coupe 206 Sprint et Relais, Saxo, Ford Fiesta Allemagne, Mitjet) 1 Victoire. Essais F3, Nascar Euro, Caterham, F.Renault, etc.<\/p>\n<p>                                                                                                                            <a href=\"https:\/\/lemagsportauto.ouest-france.fr\/author\/lmsa_adm\/\" title=\"Julien Barthet\" rel=\"nofollow noopener\" target=\"_blank\"><br \/>\n                                                Voir les publications de l&rsquo;auteur<br \/>\n                                            <\/a><\/p>\n<p>                                <script async src=\"https:\/\/platform.twitter.com\/widgets.js\" charset=\"utf-8\"><\/script><\/p>\n","protected":false},"excerpt":{"rendered":"Retour sur une s\u00e9quence captur\u00e9e apr\u00e8s le sprint du Grand-Prix d\u2019Espagne de MotoGP, \u00e0 Jerez samedi dernier. Apr\u00e8s&hellip;\n","protected":false},"author":2,"featured_media":63430,"comment_status":"","ping_status":"","sticky":false,"template":"","format":"standard","meta":{"footnotes":""},"categories":[1413],"tags":[1680,1011,27,1461,1457,1456,1458,60],"class_list":{"0":"post-63429","1":"post","2":"type-post","3":"status-publish","4":"format-standard","5":"has-post-thumbnail","7":"category-moto","8":"tag-fabio-quartararo","9":"tag-fr","10":"tag-france","11":"tag-marc-marquez","12":"tag-moto","13":"tag-motocycle","14":"tag-motogp","15":"tag-sports"},"share_on_mastodon":{"url":"https:\/\/pubeurope.com\/@fr\/114424916447070739","error":""},"_links":{"self":[{"href":"https:\/\/www.europesays.com\/fr\/wp-json\/wp\/v2\/posts\/63429","targetHints":{"allow":["GET"]}}],"collection":[{"href":"https:\/\/www.europesays.com\/fr\/wp-json\/wp\/v2\/posts"}],"about":[{"href":"https:\/\/www.europesays.com\/fr\/wp-json\/wp\/v2\/types\/post"}],"author":[{"embeddable":true,"href":"https:\/\/www.europesays.com\/fr\/wp-json\/wp\/v2\/users\/2"}],"replies":[{"embeddable":true,"href":"https:\/\/www.europesays.com\/fr\/wp-json\/wp\/v2\/comments?post=63429"}],"version-history":[{"count":0,"href":"https:\/\/www.europesays.com\/fr\/wp-json\/wp\/v2\/posts\/63429\/revisions"}],"wp:featuredmedia":[{"embeddable":true,"href":"https:\/\/www.europesays.com\/fr\/wp-json\/wp\/v2\/media\/63430"}],"wp:attachment":[{"href":"https:\/\/www.europesays.com\/fr\/wp-json\/wp\/v2\/media?parent=63429"}],"wp:term":[{"taxonomy":"category","embeddable":true,"href":"https:\/\/www.europesays.com\/fr\/wp-json\/wp\/v2\/categories?post=63429"},{"taxonomy":"post_tag","embeddable":true,"href":"https:\/\/www.europesays.com\/fr\/wp-json\/wp\/v2\/tags?post=63429"}],"curies":[{"name":"wp","href":"https:\/\/api.w.org\/{rel}","templated":true}]}}