{"id":634290,"date":"2026-01-01T13:49:17","date_gmt":"2026-01-01T13:49:17","guid":{"rendered":"https:\/\/www.europesays.com\/fr\/634290\/"},"modified":"2026-01-01T13:49:17","modified_gmt":"2026-01-01T13:49:17","slug":"compositions-chaine-tv-heure-et-cotes-35","status":"publish","type":"post","link":"https:\/\/www.europesays.com\/fr\/634290\/","title":{"rendered":"Compositions, Cha\u00eene TV, Heure et Cotes"},"content":{"rendered":"<p style=\"text-align: justify;\"><strong>LIGUE 1 2025-2026 \u2013 \u00c0 quelle heure et sur quelle cha\u00eene TV suivre le match entre le Lille OSC et le Stade Rennais ? Retrouvez \u00e9galement les compositions probables des deux \u00e9quipes.<\/strong><\/p>\n<p style=\"text-align: justify;\">La rencontre entre le<strong> Lille OSC<\/strong> et le <strong>Stade Rennais FC<\/strong>, comptant pour la 17\u00e8me journ\u00e9e de Ligue 1 2025\/2026, aura lieu samedi 3 janvier 2026, \u00e0 21h00, au Stade Pierre-Mauroy de Lille.<\/p>\n<p>Lille sur sa lanc\u00e9e ?<\/p>\n<p style=\"text-align: justify;\"><strong>Lille<\/strong> a fini par trouver rythme en Ligue 1. Avant la tr\u00eave hivernale, le LOSC a encha\u00een\u00e9 quatre victoires d\u2019affil\u00e9e en championnat, faisant notamment tomber Marseille au passage. Ainsi, les Dogues sont \u00e0 \u00e9galit\u00e9 avec l\u2019OM \u00e0 la troisi\u00e8me place, \u00e0 seulement cinq points de la t\u00eate. Mais avant de recevoir le PSG, ils seraient bien inspir\u00e9s de prendre les trois points ici. Une mission abordable, puisqu\u2019ils ont pris 19 de leurs 32 points \u00e0 domicile.<\/p>\n<p style=\"text-align: justify;\"><strong>Rennes<\/strong>, de son c\u00f4t\u00e9, a failli voir sa saison prendre une mauvaise tournure. Mais apr\u00e8s le vrai-faux d\u00e9part d\u2019Habib Beye, les Bretons ont redress\u00e9 la barre de fa\u00e7on spectaculaire, puisqu\u2019ils ont remport\u00e9 cinq de leurs six derniers matchs en Ligue 1, ne s\u2019inclinant (lourdement) que contre le PSG. De quoi aborder avec confiance un d\u00e9placement compliqu\u00e9.<\/p>\n<p><a href=\"https:\/\/dicodusport.fr\/blog\/khvicha-kvaratskhelia-en-feu-le-psg-croque-rennes-et-met-la-pression-sur-lens-au-classement\/\" class=\"vlp-link\" title=\"Khvicha Kvaratskhelia en feu, le PSG croque Rennes et met la pression sur Lens au classement\" target=\"_blank\" rel=\"noopener\"><img loading=\"lazy\" decoding=\"async\" style=\"max-width: 792px;\" width=\"792\" height=\"445\" class=\"attachment-800x445 size-800x445 perfmatters-lazy\" alt=\"Khvicha Kvaratskhelia en feu, le PSG croque Rennes et met la pression sur Lens au classement\" src=\"https:\/\/www.europesays.com\/fr\/wp-content\/uploads\/2026\/01\/Khvicha-Kvaratskhelia-en-feu-le-PSG-croque-Rennes-et-met-la-pression-sur-Lens-au-classement.png\"  data-\/><\/p>\n<p>Khvicha Kvaratskhelia en feu, le PSG croque Rennes et met la pression sur Lens au classement<\/p>\n<p>Paris n&rsquo;a fait aucun cadeau. Port\u00e9 par sa jeunesse et par le talent de Khvicha Kvaratskhelia, le PSG \u00e9trille Rennes 5-0 et talonne le RC Lens au classement.<\/p>\n<p>Lire l&rsquo;article<\/p>\n<p>dicodusport.fr<\/p>\n<p style=\"text-align: justify;\">La saison derni\u00e8re, Lille s\u2019\u00e9tait impos\u00e9 <strong>1-0<\/strong> \u00e0 domicile avant de doubler la mise <strong>2-0<\/strong> en Bretagne. Chez les bookmakers, les Dogues sont les favoris de la rencontre.<\/p>\n<p>Ligue 1 : Le programme TV de Lille-Rennes<br \/>\nSamedi 3 janvier 2026<\/p>\n<p style=\"text-align: justify;\"><b>Match diffus\u00e9 sur Ligue 1+<\/b><b>\u00a0: <\/b>D\u00e9but du match \u00e0<strong> 21h05.<\/strong><\/p>\n<p>Les compositions officielles de Lille-Rennes<br \/>\nLa composition de Lille<\/p>\n<p style=\"text-align: justify;\">\u00c0 venir<\/p>\n<p>La composition de Rennes<\/p>\n<p style=\"text-align: justify;\">\u00c0 venir<\/p>\n<p>Les cotes de Lille-Rennes<\/p>\n<tr style=\"height: 16px;\">\n<td style=\"background-color: #404040; border-color: #ededed; width: 840px; text-align: left;\" colspan=\"3\"><strong><img loading=\"lazy\" decoding=\"async\" class=\"alignnone wp-image-512842 perfmatters-lazy\" alt=\"\" width=\"14\" height=\"13\" src=\"https:\/\/www.europesays.com\/fr\/wp-content\/uploads\/2025\/05\/Logo-Winamax.png\"  data-\/> Samedi 3 janvier 2026 21h05<\/strong><\/td>\n<\/tr>\n<tr style=\"height: 24px;\">\n<td style=\"background-color: #ffffff; border-color: #ededed; vertical-align: middle; text-align: center; width: 266px;\"><strong>Lille<br \/><\/strong><a href=\"https:\/\/www.winamax.fr\/paris-sportifs\/match\/61526276?banid=33423\" class=\"su-button su-button-style-flat su-button-wide\" style=\"color:#fff;background-color:#0860ff;border-color:#074dcc;border-radius:5px\" target=\"_blank\" rel=\"noopener noreferrer\"> 1.82<\/a><\/td>\n<td style=\"background-color: #ffffff; border-color: #ededed; vertical-align: middle; text-align: center; width: 266px;\"><strong>Match nul<\/strong><br \/><a href=\"https:\/\/www.winamax.fr\/paris-sportifs\/match\/61526276?banid=33423\" class=\"su-button su-button-style-flat su-button-wide\" style=\"color:#fff;background-color:#0860ff;border-color:#074dcc;border-radius:5px\" target=\"_blank\" rel=\"noopener noreferrer\"> 3.55<\/a><\/td>\n<td style=\"background-color: #ffffff; border-color: #ededed; vertical-align: middle; text-align: center; width: 266px;\"><strong>Rennes<\/strong><br \/><a href=\"https:\/\/www.winamax.fr\/paris-sportifs\/match\/61526276?banid=33423\" class=\"su-button su-button-style-flat su-button-wide\" style=\"color:#fff;background-color:#0860ff;border-color:#074dcc;border-radius:5px\" target=\"_blank\" rel=\"noopener noreferrer\"> 4.00<\/a><\/td>\n<\/tr>\n<p style=\"text-align: justify;\">Tentez votre chance en profitant de votre <a href=\"https:\/\/www.winamax.fr\/registration\/landing\/affiliation_Bonus100?banid=33423\" target=\"_blank\" rel=\"noopener\">1er d\u00e9p\u00f4t doubl\u00e9 jusqu\u2019\u00e0 100 \u20ac<\/a> direct en paris gratuits sur Winamax !<\/p>\n<p>\n<a href=\"https:\/\/dicodusport.fr\/blog\/offres\/abonnements-sans-pub\/\" target=\"_blank\" rel=\"noopener\"><img loading=\"lazy\" decoding=\"async\" class=\"alignnone size-full wp-image-501284 perfmatters-lazy\" alt=\"\" width=\"1200\" height=\"200\" src=\"https:\/\/www.europesays.com\/fr\/wp-content\/uploads\/2025\/04\/Abonnements-sans-pubs-Dicodusport.png\"\/><\/a><\/p>\n","protected":false},"excerpt":{"rendered":"LIGUE 1 2025-2026 \u2013 \u00c0 quelle heure et sur quelle cha\u00eene TV suivre le match entre le Lille&hellip;\n","protected":false},"author":2,"featured_media":634291,"comment_status":"","ping_status":"","sticky":false,"template":"","format":"standard","meta":{"footnotes":""},"categories":[2821],"tags":[1111,11,829,1777,674,63,1011,27,66,44780,12,502,584,25,43500],"class_list":{"0":"post-634290","1":"post","2":"type-post","3":"status-publish","4":"format-standard","5":"has-post-thumbnail","7":"category-rennes","8":"tag-actu","9":"tag-actualites","10":"tag-bretagne","11":"tag-eu","12":"tag-europe","13":"tag-football","14":"tag-fr","15":"tag-france","16":"tag-ligue-1","17":"tag-lille-osc","18":"tag-news","19":"tag-programme-tv","20":"tag-rennes","21":"tag-republique-francaise","22":"tag-stade-rennais-fc"},"share_on_mastodon":{"url":"https:\/\/pubeurope.com\/@fr\/115820165081395786","error":""},"_links":{"self":[{"href":"https:\/\/www.europesays.com\/fr\/wp-json\/wp\/v2\/posts\/634290","targetHints":{"allow":["GET"]}}],"collection":[{"href":"https:\/\/www.europesays.com\/fr\/wp-json\/wp\/v2\/posts"}],"about":[{"href":"https:\/\/www.europesays.com\/fr\/wp-json\/wp\/v2\/types\/post"}],"author":[{"embeddable":true,"href":"https:\/\/www.europesays.com\/fr\/wp-json\/wp\/v2\/users\/2"}],"replies":[{"embeddable":true,"href":"https:\/\/www.europesays.com\/fr\/wp-json\/wp\/v2\/comments?post=634290"}],"version-history":[{"count":0,"href":"https:\/\/www.europesays.com\/fr\/wp-json\/wp\/v2\/posts\/634290\/revisions"}],"wp:featuredmedia":[{"embeddable":true,"href":"https:\/\/www.europesays.com\/fr\/wp-json\/wp\/v2\/media\/634291"}],"wp:attachment":[{"href":"https:\/\/www.europesays.com\/fr\/wp-json\/wp\/v2\/media?parent=634290"}],"wp:term":[{"taxonomy":"category","embeddable":true,"href":"https:\/\/www.europesays.com\/fr\/wp-json\/wp\/v2\/categories?post=634290"},{"taxonomy":"post_tag","embeddable":true,"href":"https:\/\/www.europesays.com\/fr\/wp-json\/wp\/v2\/tags?post=634290"}],"curies":[{"name":"wp","href":"https:\/\/api.w.org\/{rel}","templated":true}]}}