{"id":634292,"date":"2026-01-01T13:50:12","date_gmt":"2026-01-01T13:50:12","guid":{"rendered":"https:\/\/www.europesays.com\/fr\/634292\/"},"modified":"2026-01-01T13:50:12","modified_gmt":"2026-01-01T13:50:12","slug":"une-centaine-de-voitures-brulees-dans-leurometropole-regain-de-tension-entre-23-h-et-2-h","status":"publish","type":"post","link":"https:\/\/www.europesays.com\/fr\/634292\/","title":{"rendered":"une centaine de voitures br\u00fbl\u00e9es dans l\u2019Eurom\u00e9tropole, regain de tension entre 23\u00a0h et 2\u00a0h"},"content":{"rendered":"<p>21\u00a0h, en ce soir de r\u00e9veillon, dans les quartiers nord et sud qui entourent la ville de Strasbourg, des v\u00e9hicules de police et de gendarmerie donnent l\u2019<a href=\"https:\/\/www.dna.fr\/faits-divers-justice\/2025\/12\/30\/drones-couvre-feu-petards-alcool-la-securite-publique-renforcee-pour-la-saint-sylvestre\" target=\"_blank\" rel=\"nofollow noopener\">ampleur du dispositif pr\u00e9vu pour la nuit de la Saint-Sylvestre<\/a>. Dans le froid, rares sont les riverains pr\u00e9sents dans la rue. Quelques jeunes se baladent par petits groupes de-ci de-l\u00e0. Au d\u00e9tour de certains carrefours, des automobilistes sont contr\u00f4l\u00e9s par des forces de l\u2019ordre casqu\u00e9es, lampe torche \u00e0 la main, tandis que leurs coll\u00e8gues regroup\u00e9s en masse sont post\u00e9s non loin, boucliers apparents, pr\u00eats \u00e0 intervenir au cas o\u00f9.<\/p>\n<p>Quelques jeunes majeurs observent la sc\u00e8ne, encapuchonn\u00e9s, plus par curiosit\u00e9 qu\u2019envie d\u2019en d\u00e9coudre. Une demi-heure plus tard, les&#8230;<\/p>\n","protected":false},"excerpt":{"rendered":"21\u00a0h, en ce soir de r\u00e9veillon, dans les quartiers nord et sud qui entourent la ville de Strasbourg,&hellip;\n","protected":false},"author":2,"featured_media":634293,"comment_status":"","ping_status":"","sticky":false,"template":"","format":"standard","meta":{"footnotes":""},"categories":[2820],"tags":[1111,11,2389,2649,2880,1777,674,274,107,1011,27,775,1310,12,25,640,2879],"class_list":{"0":"post-634292","1":"post","2":"type-post","3":"status-publish","4":"format-standard","5":"has-post-thumbnail","7":"category-strasbourg","8":"tag-actu","9":"tag-actualites","10":"tag-alsace","11":"tag-bas-rhin","12":"tag-edition-strasbourg","13":"tag-eu","14":"tag-europe","15":"tag-faits-divers-justice","16":"tag-fil-info","17":"tag-fr","18":"tag-france","19":"tag-grand-est","20":"tag-incendie","21":"tag-news","22":"tag-republique-francaise","23":"tag-strasbourg","24":"tag-strasbourg-ville"},"share_on_mastodon":{"url":"https:\/\/pubeurope.com\/@fr\/115820168819909427","error":""},"_links":{"self":[{"href":"https:\/\/www.europesays.com\/fr\/wp-json\/wp\/v2\/posts\/634292","targetHints":{"allow":["GET"]}}],"collection":[{"href":"https:\/\/www.europesays.com\/fr\/wp-json\/wp\/v2\/posts"}],"about":[{"href":"https:\/\/www.europesays.com\/fr\/wp-json\/wp\/v2\/types\/post"}],"author":[{"embeddable":true,"href":"https:\/\/www.europesays.com\/fr\/wp-json\/wp\/v2\/users\/2"}],"replies":[{"embeddable":true,"href":"https:\/\/www.europesays.com\/fr\/wp-json\/wp\/v2\/comments?post=634292"}],"version-history":[{"count":0,"href":"https:\/\/www.europesays.com\/fr\/wp-json\/wp\/v2\/posts\/634292\/revisions"}],"wp:featuredmedia":[{"embeddable":true,"href":"https:\/\/www.europesays.com\/fr\/wp-json\/wp\/v2\/media\/634293"}],"wp:attachment":[{"href":"https:\/\/www.europesays.com\/fr\/wp-json\/wp\/v2\/media?parent=634292"}],"wp:term":[{"taxonomy":"category","embeddable":true,"href":"https:\/\/www.europesays.com\/fr\/wp-json\/wp\/v2\/categories?post=634292"},{"taxonomy":"post_tag","embeddable":true,"href":"https:\/\/www.europesays.com\/fr\/wp-json\/wp\/v2\/tags?post=634292"}],"curies":[{"name":"wp","href":"https:\/\/api.w.org\/{rel}","templated":true}]}}