{"id":634294,"date":"2026-01-01T13:51:15","date_gmt":"2026-01-01T13:51:15","guid":{"rendered":"https:\/\/www.europesays.com\/fr\/634294\/"},"modified":"2026-01-01T13:51:15","modified_gmt":"2026-01-01T13:51:15","slug":"strasbourg-retrouvez-les-lieux-pour-deposer-vos-sapins-de-noel-du-3-au-14-janvier","status":"publish","type":"post","link":"https:\/\/www.europesays.com\/fr\/634294\/","title":{"rendered":"Strasbourg. Retrouvez les lieux pour d\u00e9poser vos sapins de No\u00ebl, du 3 au 14 janvier"},"content":{"rendered":"<p>\u00c0 Strasbourg, depuis des ann\u00e9es, il faut vraiment \u00eatre tr\u00e8s distrait pour ne pas trouver d\u2019autre solution que l\u2019abandon de l\u2019arbre en pied d\u2019immeuble. Acte qui, rappelons-le, est passible d\u2019une amende de 135\u00a0euros.<\/p>\n<p>Les r\u00e9sidents de l\u2019Eurom\u00e9tropole peuvent d\u00e9poser leurs sapins de No\u00ebl en d\u00e9chetterie. Il faut utiliser les bennes \u00e0 d\u00e9chets verts en veillant \u00e0 retirer toutes les d\u00e9corations et sacs d\u2019emballage (*).<\/p>\n<p>  Nombreux points de collecte \u00e0 travers la ville<\/p>\n<p>\u00c0 Strasbourg, les habitants peuvent choisir \u00e9galement de d\u00e9poser leur sapin dans l\u2019un des points de collecte r\u00e9partis \u00e0 travers la ville entre le 3 et le 14\u00a0janvier 2026. La plupart de ces initiatives sont g\u00e9r\u00e9es par des associations avec leurs b\u00e9n\u00e9voles. On peut parfois boire un chocolat chaud, grignoter un morceau de brioche apr\u00e8s avoir livr\u00e9 son sapin, et laisser une pi\u00e8ce pour diverses actions caritatives.<\/p>\n<p>Ces collectes se tiendront selon le calendrier suivant\u00a0:<\/p>\n<p>Le<strong> samedi 3\u00a0janvier<\/strong> de 14\u00a0h \u00e0 16\u00a0h\u00a030 sur la place du March\u00e9 \u00e0 Neudorf.<\/p>\n<p>Le <strong>mercredi 7\u00a0janvier<\/strong> de 13\u00a0h\u00a030 \u00e0 16\u00a0h\u00a030 sur la place de Zurich \u00e0 la Krutenau. Puis, de 14\u00a0h \u00e0 16\u00a0h\u00a030, place Jeanne-Helbling. Aussi de 14\u00a0h \u00e0 16\u00a0h\u00a030, sur le parvis de l\u2019\u00e9cole \u00e9l\u00e9mentaire Albert-le-Grand (rue de Huningue).<\/p>\n<p>Le <strong>jeudi 8\u00a0janvier<\/strong> de 14\u00a0h \u00e0 16\u00a0h\u00a030, place de l\u2019Hippodrome au Port du Rhin.<\/p>\n<p>Le <strong>samedi 10\u00a0janvier<\/strong> de 9\u00a0h \u00e0 midi place du Conseil des XV. Et\u00a0de 14\u00a0h \u00e0 17\u00a0h, sur la placette du march\u00e9 entre la rue Parall\u00e8le et la route d\u2019Altenheim au Neuhof.<\/p>\n<p>Le <strong>mercredi 14\u00a0janvier<\/strong> de 7\u00a0h \u00e0 14\u00a0h, rue de l\u2019Elbe. Puis,\u00a0de 13\u00a0h\u00a030 \u00e0 16\u00a0h\u00a030, place d\u2019Ostwald \u00e0 la Montagne Verte. Et de 14\u00a0h \u00e0 16\u00a0h\u00a030, rue de Wattwiller (parvis du centre socioculturel).<\/p>\n<p>  Rien place Broglie cette ann\u00e9e<\/p>\n<p>Seul petit b\u00e9mol cette ann\u00e9e\u00a0: l\u2019association Stra.ce qui collectait tous les ans place Broglie a renonc\u00e9 \u00e0 mobiliser ses b\u00e9n\u00e9voles, dont <a href=\"https:\/\/www.dna.fr\/culture-loisirs\/2024\/06\/03\/les-scouts-de-neudorf-ont-90-ans\" target=\"_blank\" rel=\"noopener\">les scouts du groupe Jean Bosco<\/a>. \u00ab\u00a0On nous r\u00e9clame un droit de place depuis 2024, et la somme a \u00e9t\u00e9 major\u00e9e encore en 2025 malgr\u00e9 notre demande de recours\u00a0\u00bb, a indiqu\u00e9 la secr\u00e9taire de l\u2019association \u00c9lisabeth Perrin.<\/p>\n<p>Apparemment, il s\u2019agirait d\u2019un malentendu. \u00ab\u00a0Au service du domaine public, on envoie un courrier d\u2019accord aux associations candidates pour cette collecte, o\u00f9 figure \u00e0 titre indicatif le montant du droit de place qui pourrait \u00eatre exig\u00e9, mais il est pr\u00e9cis\u00e9 aussi que cette occupation est accord\u00e9e \u00e0 titre gratuit\u00a0\u00bb, nous indique le service de presse de la Ville.<\/p>\n<p>    &#13;<br \/>\n    &#13;<br \/>\n    &#13;<br \/>\n    <a href=\"https:\/\/cdn-s-www.dna.fr\/images\/75616ebf-9053-49d0-953c-9a7340476f0d\/NW_raw\/cette-annee-l-association-stra-ce-ne-recuperera-pas-les-sapins-sur-la-place-brolgie-comme-a-l-accoutumee-1452370002.jpg\" title=\"Cette ann\u00e9e, l&#039;association Stra.ce ne r\u00e9cup\u00e9rera pas les sapins sur la place Brolgie, comme \u00e0 l&#039;accoutum\u00e9e.\u00a0\" class=\"chocolat-image GA-tracking\" data-ga_type=\"click\" data-ga_category=\"D\u00e9tail\" data-ga_action=\"zoomer\" data-ga_label=\"aggrandir image\" target=\"_blank\" rel=\"noopener\">&#13;<br \/>\n        <img src=\"https:\/\/www.europesays.com\/fr\/wp-content\/uploads\/2026\/01\/cette-annee-l-association-stra-ce-ne-recuperera-pas-les-sapins-sur-la-place-brolgie-comme-a-l-accout.jpeg\"   alt=\"Cette ann\u00e9e, l'association Stra.ce ne r\u00e9cup\u00e9rera pas les sapins sur la place Brolgie, comme \u00e0 l'accoutum\u00e9e.\u00a0\" fetchpriority=\"high\" decoding=\"async\" data-mobile=\"NW_listA_M|1452370002\" data-base=\"NW_listA|1743413192\"\/>&#13;<br \/>\n    <\/a>&#13;<\/p>\n<p>Cette ann\u00e9e, l&rsquo;association Stra.ce ne r\u00e9cup\u00e9rera pas les sapins sur la place Brolgie, comme \u00e0 l&rsquo;accoutum\u00e9e.\u00a0<\/p>\n<p>La secr\u00e9taire de l\u2019association Stra.ce, qui jette donc l\u2019\u00e9ponge sur cette activit\u00e9, tient \u00e0 remercier encore tous les b\u00e9n\u00e9voles pr\u00e9sents durant quinze ann\u00e9es, ainsi que les familles venues \u00e9changer autour d\u2019un vin chaud. \u00ab\u00a0On a partag\u00e9 de bons moments.\u00a0\u00bb<\/p>\n<p>Reste \u00e0 \u00e9voquer une derni\u00e8re option. Les sapins d\u00e9pos\u00e9s dans les bacs d\u2019ordures m\u00e9nag\u00e8res seront incin\u00e9r\u00e9s. Ils doivent \u00eatre coup\u00e9s ou mesurer moins de 1,5\u00a0m\u00e8tre.<\/p>\n<p class=\"note\">* Les horaires des d\u00e9chetteries sont disponibles sur strasbourg.eu\/decheteries<\/p>\n","protected":false},"excerpt":{"rendered":"\u00c0 Strasbourg, depuis des ann\u00e9es, il faut vraiment \u00eatre tr\u00e8s distrait pour ne pas trouver d\u2019autre solution que&hellip;\n","protected":false},"author":2,"featured_media":634295,"comment_status":"","ping_status":"","sticky":false,"template":"","format":"standard","meta":{"footnotes":""},"categories":[2820],"tags":[1111,11,2880,436,1777,674,107,1011,27,775,12,1800,25,640,2879],"class_list":{"0":"post-634294","1":"post","2":"type-post","3":"status-publish","4":"format-standard","5":"has-post-thumbnail","7":"category-strasbourg","8":"tag-actu","9":"tag-actualites","10":"tag-edition-strasbourg","11":"tag-environnement","12":"tag-eu","13":"tag-europe","14":"tag-fil-info","15":"tag-fr","16":"tag-france","17":"tag-grand-est","18":"tag-news","19":"tag-pollution","20":"tag-republique-francaise","21":"tag-strasbourg","22":"tag-strasbourg-ville"},"share_on_mastodon":{"url":"https:\/\/pubeurope.com\/@fr\/115820172662159845","error":""},"_links":{"self":[{"href":"https:\/\/www.europesays.com\/fr\/wp-json\/wp\/v2\/posts\/634294","targetHints":{"allow":["GET"]}}],"collection":[{"href":"https:\/\/www.europesays.com\/fr\/wp-json\/wp\/v2\/posts"}],"about":[{"href":"https:\/\/www.europesays.com\/fr\/wp-json\/wp\/v2\/types\/post"}],"author":[{"embeddable":true,"href":"https:\/\/www.europesays.com\/fr\/wp-json\/wp\/v2\/users\/2"}],"replies":[{"embeddable":true,"href":"https:\/\/www.europesays.com\/fr\/wp-json\/wp\/v2\/comments?post=634294"}],"version-history":[{"count":0,"href":"https:\/\/www.europesays.com\/fr\/wp-json\/wp\/v2\/posts\/634294\/revisions"}],"wp:featuredmedia":[{"embeddable":true,"href":"https:\/\/www.europesays.com\/fr\/wp-json\/wp\/v2\/media\/634295"}],"wp:attachment":[{"href":"https:\/\/www.europesays.com\/fr\/wp-json\/wp\/v2\/media?parent=634294"}],"wp:term":[{"taxonomy":"category","embeddable":true,"href":"https:\/\/www.europesays.com\/fr\/wp-json\/wp\/v2\/categories?post=634294"},{"taxonomy":"post_tag","embeddable":true,"href":"https:\/\/www.europesays.com\/fr\/wp-json\/wp\/v2\/tags?post=634294"}],"curies":[{"name":"wp","href":"https:\/\/api.w.org\/{rel}","templated":true}]}}