{"id":634296,"date":"2026-01-01T13:53:14","date_gmt":"2026-01-01T13:53:14","guid":{"rendered":"https:\/\/www.europesays.com\/fr\/634296\/"},"modified":"2026-01-01T13:53:14","modified_gmt":"2026-01-01T13:53:14","slug":"nice-metropole-cote-dazur-veut-bousculer-la-hierarchie-a-marseille","status":"publish","type":"post","link":"https:\/\/www.europesays.com\/fr\/634296\/","title":{"rendered":"Nice M\u00e9tropole C\u00f4te d\u2019Azur veut bousculer la hi\u00e9rarchie \u00e0 Marseille"},"content":{"rendered":"\n<p>Fr\u00e9d\u00e9ric Doutre se consid\u00e8re comme \u00ab\u00a0le Petit Poucet des \u00e9quipes professionnelles en France\u00a0\u00bb. Nice M\u00e9tropole C\u00f4te d\u2019Azur est une formation nouvelle dans le paysage du cyclisme tricolore. Cinq ann\u00e9es d\u2019existence, quatre en tant que pro et peu de moyens pour concurrencer les g\u00e9ants de la discipline. Le directeur sportif rappelle le contexte li\u00e9 \u00e0 son collectif\u00a0: \u00ab\u00a0Nous sommes une \u00e9quipe cr\u00e9\u00e9e en 2021, qui a pass\u00e9 le cap chez les professionnels l\u2019ann\u00e9e suivante. Nous sommes align\u00e9s au niveau continental, c\u2019est-\u00e0-dire le troisi\u00e8me et dernier \u00e9chelon mondial.\u00a0\u00bb <\/p>\n<p>Cette \u00e9quipe vit gr\u00e2ce aux soutiens de quatre institutions que sont la Ville de Nice, la M\u00e9tropole C\u00f4te d\u2019Azur, le conseil d\u00e9partemental des Alpes-Maritimes ainsi que la R\u00e9gion Sud. L\u2019objectif reste donc le maintien \u00e0 ce rang avant d\u2019esp\u00e9rer voir plus haut. En effet, obtenir un plus gros sponsor permettrait de passer un cap suppl\u00e9mentaire dans le professionnalisme. \u00ab\u00a0Se maintenir, ce sera d\u00e9j\u00e0 tr\u00e8s bien dans le climat actuel. Aujourd\u2019hui, on voit de grosses \u00e9quipes fusionner pour survivre. Dans un coin de notre t\u00eate, on a l\u2019id\u00e9e de trouver un gros partenaire, qui pourrait nous suivre pour basculer en Pro Teams [le 2e niveau mondial, Ndlr.]. Pour nous, ce serait le Saint Graal, comme le fait de participer \u00e0 Paris-Nice\u00a0\u00bb, d\u00e9taille longuement Fr\u00e9d\u00e9ric Doutre.<\/p>\n<p> Objectif top 10\n              <\/p>\n<p>Nice M\u00e9tropole C\u00f4te d\u2019Azur poss\u00e8de 10 coureurs sous contrat pour la saison \u00e0 venir. L\u00e0 aussi, ils ne combattent pas avec les m\u00eames armes que les plus grandes \u00e9quipes du monde. Prenons UAE-Team Emirates, la formation de Tadej Pogacar. Cette derni\u00e8re compte 29 cyclistes et un staff \u00e0 rallonge pour encadrer les athl\u00e8tes. Malgr\u00e9 les diff\u00e9rences, m\u00eame avec d\u2019autres \u00e9curies fran\u00e7aises de niveau moyen, les Azur\u00e9ens jouent leur va-tout. Ils ont cibl\u00e9 des coureurs pouvant les aider \u00e0 glaner de pr\u00e9cieux points UCI. \u00ab\u00a0Il y a Victor Papon, un excellent finisseur. Alexander Konijn, qui a d\u00e9j\u00e0 fait sept ou huit top 10, est un sprinteur r\u00e9gulier. Puis, il y a nos petits grimpeurs Laurens Huys, tout juste arriv\u00e9 d\u2019Arkea-B&amp;B H\u00f4tels, et Jaakko H\u00e4nninen\u00a0\u00bb, liste l\u2019ancien patron du p\u00f4le France ultra-marins, bas\u00e9 \u00e0 Hy\u00e8res.<\/p>\n<p>Les tuniques bleu azur, en hommage \u00e0 la M\u00e9diterran\u00e9e, affichent leurs ambitions pour ce Grand Prix cycliste 2026. Ceux qui n\u2019ont pas manqu\u00e9 une \u00e9dition depuis leur passage professionnel souhaite aller chercher un gros r\u00e9sultat\u00a0: le top 10. \u00ab\u00a0A minima, car on a renforc\u00e9 l\u2019\u00e9quipe, dit Fr\u00e9d\u00e9ric Doutre. Le parcours a chang\u00e9 avec l\u2019absence des cr\u00eates et sa descente, c\u2019est un facteur important, m\u00eame si \u00e7a ne rend pas la course plus facile. Ce que l\u2019on souhaite, c\u2019est surprendre et \u00eatre le plus efficace possible avec nos moyens. On aimerait bien chatouiller le top\u00a05.\u00a0\u00bb<\/p>\n<p>Cette saison, l\u2019encadrement sportif souhaite \u00e9viter les blessures &#8211; \u00ab\u00a0on touche du bois\u00a0\u00bb &#8211; pour faire progresser l\u2019\u00e9quipe. \u00ab\u00a0On a eu des bless\u00e9s assez r\u00e9guli\u00e8rement avec un passage \u00e0 vide entre mars et mai. On esp\u00e8re ne pas revivre \u00e7a et gagner en r\u00e9gularit\u00e9 sur la Coupe de France, avec plus de top 10. Ce serait d\u00e9j\u00e0 un bel axe de progression.\u00a0\u00bb La premi\u00e8re manche, \u00e0 Marseille, pourrait donc servir de tremplin \u00e0 cette jeune \u00e9quipe cherchant \u00e0 d\u00e9jouer les pronostics.<\/p>\n","protected":false},"excerpt":{"rendered":"Fr\u00e9d\u00e9ric Doutre se consid\u00e8re comme \u00ab\u00a0le Petit Poucet des \u00e9quipes professionnelles en France\u00a0\u00bb. Nice M\u00e9tropole C\u00f4te d\u2019Azur est&hellip;\n","protected":false},"author":2,"featured_media":634297,"comment_status":"","ping_status":"","sticky":false,"template":"","format":"standard","meta":{"footnotes":""},"categories":[2819],"tags":[1111,11,1777,674,1011,27,12,2401,45406,882,25],"class_list":{"0":"post-634296","1":"post","2":"type-post","3":"status-publish","4":"format-standard","5":"has-post-thumbnail","7":"category-nice","8":"tag-actu","9":"tag-actualites","10":"tag-eu","11":"tag-europe","12":"tag-fr","13":"tag-france","14":"tag-news","15":"tag-nice","16":"tag-pierre-gorce","17":"tag-provence-alpes-cote-dazur","18":"tag-republique-francaise"},"share_on_mastodon":{"url":"https:\/\/pubeurope.com\/@fr\/115820180551222042","error":""},"_links":{"self":[{"href":"https:\/\/www.europesays.com\/fr\/wp-json\/wp\/v2\/posts\/634296","targetHints":{"allow":["GET"]}}],"collection":[{"href":"https:\/\/www.europesays.com\/fr\/wp-json\/wp\/v2\/posts"}],"about":[{"href":"https:\/\/www.europesays.com\/fr\/wp-json\/wp\/v2\/types\/post"}],"author":[{"embeddable":true,"href":"https:\/\/www.europesays.com\/fr\/wp-json\/wp\/v2\/users\/2"}],"replies":[{"embeddable":true,"href":"https:\/\/www.europesays.com\/fr\/wp-json\/wp\/v2\/comments?post=634296"}],"version-history":[{"count":0,"href":"https:\/\/www.europesays.com\/fr\/wp-json\/wp\/v2\/posts\/634296\/revisions"}],"wp:featuredmedia":[{"embeddable":true,"href":"https:\/\/www.europesays.com\/fr\/wp-json\/wp\/v2\/media\/634297"}],"wp:attachment":[{"href":"https:\/\/www.europesays.com\/fr\/wp-json\/wp\/v2\/media?parent=634296"}],"wp:term":[{"taxonomy":"category","embeddable":true,"href":"https:\/\/www.europesays.com\/fr\/wp-json\/wp\/v2\/categories?post=634296"},{"taxonomy":"post_tag","embeddable":true,"href":"https:\/\/www.europesays.com\/fr\/wp-json\/wp\/v2\/tags?post=634296"}],"curies":[{"name":"wp","href":"https:\/\/api.w.org\/{rel}","templated":true}]}}