{"id":634300,"date":"2026-01-01T13:55:09","date_gmt":"2026-01-01T13:55:09","guid":{"rendered":"https:\/\/www.europesays.com\/fr\/634300\/"},"modified":"2026-01-01T13:55:09","modified_gmt":"2026-01-01T13:55:09","slug":"le-fc-nantes-cible-un-joueur-de-serie-a","status":"publish","type":"post","link":"https:\/\/www.europesays.com\/fr\/634300\/","title":{"rendered":"Le FC Nantes cible un joueur de Serie A"},"content":{"rendered":"<p>Le FC <a href=\"https:\/\/www.footmercato.net\/club\/fc-nantes\/\" target=\"_blank\" rel=\"noopener\">Nantes<\/a> explore la piste menant \u00e0 <a href=\"https:\/\/www.footmercato.net\/joueur\/mohamed-kaba-1\/\" target=\"_blank\" rel=\"noopener\">Mohamed Kaba<\/a> pour renforcer son entrejeu. Selon Ouest-France, le milieu relayeur guin\u00e9en de 24 ans, actuellement sous contrat avec <a href=\"https:\/\/www.footmercato.net\/club\/us-lecce\/\" target=\"_blank\" rel=\"noopener\">Lecce<\/a> en <a href=\"https:\/\/www.footmercato.net\/italie\/serie-a\/\" target=\"_blank\" rel=\"noopener\">Serie A<\/a>, figure parmi les profils \u00e9tudi\u00e9s par les dirigeants nantais. R\u00e9v\u00e9l\u00e9 \u00e0 Valenciennes, o\u00f9 il avait \u00e9t\u00e9 \u00e9lu meilleur joueur du club lors de la saison 2022-2023, Kaba conna\u00eet un exercice plus discret en Italie, avec seulement 2 titularisations et un temps de jeu limit\u00e9. Un pr\u00eat est envisag\u00e9, ind\u00e9pendamment de l\u2019arriv\u00e9e attendue d\u2019Ibrahima Sissoko en provenance de Bochum.<\/p>\n<p>            La suite apr\u00e8s cette publicit\u00e9<\/p>\n<p>Le dossier est suivi de pr\u00e8s par Ahmed Kantari, entra\u00eeneur du FCN, qui conna\u00eet bien le joueur pour l\u2019avoir dirig\u00e9 \u00e0 Valenciennes. Arriv\u00e9 \u00e0 Lecce \u00e0 l\u2019\u00e9t\u00e9 2023, Mohamed Kaba a vu sa progression frein\u00e9e par une grave blessure au genou, avec une rupture du ligament crois\u00e9 survenue en mars 2024. Malgr\u00e9 ce coup d\u2019arr\u00eat, son profil athl\u00e9tique et son volume de jeu ont laiss\u00e9 un excellent souvenir dans le Nord, o\u00f9 il avait encha\u00een\u00e9 deux saisons pleines en Ligue 2. Nantes pourrait ainsi lui offrir l\u2019opportunit\u00e9 de relancer sa carri\u00e8re.<\/p>\n<p>\n    Pub. le 01\/01\/2026 13:34<br \/>\n            &#8211; MAJ le 01\/01\/2026 14:12\n    <\/p>\n","protected":false},"excerpt":{"rendered":"Le FC Nantes explore la piste menant \u00e0 Mohamed Kaba pour renforcer son entrejeu. Selon Ouest-France, le milieu&hellip;\n","protected":false},"author":2,"featured_media":634301,"comment_status":"","ping_status":"","sticky":false,"template":"","format":"standard","meta":{"footnotes":""},"categories":[2818],"tags":[1111,11,1777,674,1011,27,766,12,2636,25],"class_list":{"0":"post-634300","1":"post","2":"type-post","3":"status-publish","4":"format-standard","5":"has-post-thumbnail","7":"category-nantes","8":"tag-actu","9":"tag-actualites","10":"tag-eu","11":"tag-europe","12":"tag-fr","13":"tag-france","14":"tag-nantes","15":"tag-news","16":"tag-pays-de-la-loire","17":"tag-republique-francaise"},"share_on_mastodon":{"url":"https:\/\/pubeurope.com\/@fr\/115820188402273664","error":""},"_links":{"self":[{"href":"https:\/\/www.europesays.com\/fr\/wp-json\/wp\/v2\/posts\/634300","targetHints":{"allow":["GET"]}}],"collection":[{"href":"https:\/\/www.europesays.com\/fr\/wp-json\/wp\/v2\/posts"}],"about":[{"href":"https:\/\/www.europesays.com\/fr\/wp-json\/wp\/v2\/types\/post"}],"author":[{"embeddable":true,"href":"https:\/\/www.europesays.com\/fr\/wp-json\/wp\/v2\/users\/2"}],"replies":[{"embeddable":true,"href":"https:\/\/www.europesays.com\/fr\/wp-json\/wp\/v2\/comments?post=634300"}],"version-history":[{"count":0,"href":"https:\/\/www.europesays.com\/fr\/wp-json\/wp\/v2\/posts\/634300\/revisions"}],"wp:featuredmedia":[{"embeddable":true,"href":"https:\/\/www.europesays.com\/fr\/wp-json\/wp\/v2\/media\/634301"}],"wp:attachment":[{"href":"https:\/\/www.europesays.com\/fr\/wp-json\/wp\/v2\/media?parent=634300"}],"wp:term":[{"taxonomy":"category","embeddable":true,"href":"https:\/\/www.europesays.com\/fr\/wp-json\/wp\/v2\/categories?post=634300"},{"taxonomy":"post_tag","embeddable":true,"href":"https:\/\/www.europesays.com\/fr\/wp-json\/wp\/v2\/tags?post=634300"}],"curies":[{"name":"wp","href":"https:\/\/api.w.org\/{rel}","templated":true}]}}